{"id":55259,"date":"2019-11-05T15:03:27","date_gmt":"2019-11-05T17:03:27","guid":{"rendered":"http:\/\/catolicanet.net\/wp-cnet\/?p=55259"},"modified":"2019-11-05T15:03:27","modified_gmt":"2019-11-05T17:03:27","slug":"dialogo-no-oriente-medio-o-foco-do-papa-francisco-neste-mes","status":"publish","type":"post","link":"https:\/\/catolicanet.net\/wp-cnet\/dialogo-no-oriente-medio-o-foco-do-papa-francisco-neste-mes\/","title":{"rendered":"Di\u00e1logo no Oriente M\u00e9dio: o foco do Papa Francisco neste m\u00eas"},"content":{"rendered":"<h2 class=\"subtitle\" style=\"text-align: justify;\">Em \u201cO V\u00eddeo do Papa\u201d de novembro, o Santo Padre direciona sua inten\u00e7\u00e3o de ora\u00e7\u00e3o ao di\u00e1logo entre comunidades religiosas no Oriente M\u00e9dio, para que \u201cnas\u00e7a um esp\u00edrito de di\u00e1logo, um esp\u00edrito de encontro e reconcilia\u00e7\u00e3o\u201d<\/h2>\n<p><iframe loading=\"lazy\" width=\"696\" height=\"392\" src=\"https:\/\/www.youtube.com\/embed\/eBeCQev81NA?feature=oembed\" frameborder=\"0\" allow=\"accelerometer; autoplay; encrypted-media; gyroscope; picture-in-picture\" allowfullscreen><\/iframe><\/p>\n<div class=\"base-post-content\">Em \u201c<a href=\"https:\/\/www.thepopevideo.org\/?lang=pt-br\" target=\"_blank\" rel=\"noopener noreferrer\">O V\u00eddeo do Papa<\/a>\u201d do m\u00eas de novembro, Francisco ressalta a conviv\u00eancia entre as comunidades no Oriente M\u00e9dio, pedindo a todos os cat\u00f3licos que rezem por um di\u00e1logo genu\u00edno entre elas. Para o Santo Padre, a busca de unidade entre crist\u00e3os, judeus e mu\u00e7ulmanos \u201c\u00e9 baseada em la\u00e7os espirituais e hist\u00f3ricos\u201d.<\/p>\n<p style=\"text-align: justify;\">O termo \u201cOriente Pr\u00f3ximo\u201d (para europeus) ou \u201cOriente M\u00e9dio\u201d (para anglo-sax\u00f5es) serve para nomear uma \u00e1rea geogr\u00e1fica a leste do Mediterr\u00e2neo. O Papa Francisco enfatiza que existem muitas comunidades crist\u00e3s, judaicas e mu\u00e7ulmanas \u201ctrabalhando pela paz, a reconcilia\u00e7\u00e3o e o perd\u00e3o\u201d. Tendo em conta tal realidade, ele pede que a busca de di\u00e1logo e unidade dentro de cada uma dessas comunidades seja realizada sem temer as diferen\u00e7as.<\/p>\n<p style=\"text-align: justify;\">A delimita\u00e7\u00e3o exata do Oriente M\u00e9dio n\u00e3o tem limites precisos. Segundo algumas fontes, essas terras geralmente incluem os pa\u00edses do Bahrein, Egito, Chipre, Ir\u00e3, Iraque, Israel, Jord\u00e2nia, Kuwait, L\u00edbano, Om\u00e3, Catar, Ar\u00e1bia Saudita, S\u00edria, Turquia, Emirados \u00c1rabes Unidos, I\u00eamen e Palestina. Segundo relatos recentes, os mu\u00e7ulmanos representam pouco mais de 93% da popula\u00e7\u00e3o da regi\u00e3o. A comunidade crist\u00e3, por outro lado, representa aproximadamente 5%; e a judaica, que est\u00e1 concentrada principalmente em Israel, \u00e9 de quase 2%.<\/p>\n<p style=\"text-align: justify;\">Durante sua visita a Bari em julho de 2018, o Papa Francisco tamb\u00e9m mencionou a import\u00e2ncia da reconcilia\u00e7\u00e3o quando se dirigiu aos crist\u00e3os do Oriente M\u00e9dio com as seguintes palavras: \u201cA paz n\u00e3o vir\u00e1 gra\u00e7as \u00e0s tr\u00e9guas sustentadas por muros e testes de for\u00e7a, mas pela vontade real de ouvir e dialogar\u201d.<\/p>\n<p style=\"text-align: justify;\">O Pe. Fr\u00e9d\u00e9ric Fornos, SJ, Diretor Internacional da <a href=\"https:\/\/www.popesprayer.va\/pt-pt\/\" target=\"_blank\" rel=\"noopener noreferrer\">Rede Mundial de Ora\u00e7\u00e3o do Papa<\/a> (que inclui o Movimento Eucar\u00edstico Jovem) refor\u00e7a a mensagem do Santo Padre: \u201cO Papa Francisco nos convida este m\u00eas a abrir nossos cora\u00e7\u00f5es e ora\u00e7\u00f5es ao Oriente M\u00e9dio. Esta \u00e9 a terra onde nasceram as tr\u00eas grandes religi\u00f5es monote\u00edstas: juda\u00edsmo, cristianismo e islamismo. \u00c9 a terra de Abra\u00e3o, Isaque e Jac\u00f3, a terra dos profetas, e onde Jesus Cristo nasceu de Maria. A Igreja nasceu l\u00e1. Desde a \u00e9poca de Jesus at\u00e9 hoje, os crist\u00e3os sempre estiveram presentes nessas terras. Este m\u00eas \u00e9 a ocasi\u00e3o para nos interessarmos pela diversidade das tradi\u00e7\u00f5es religiosas e culturais do Oriente M\u00e9dio. Demonstrar interesse pelos homens e mulheres desta terra nos ajudar\u00e1 a rezar por eles. Tamb\u00e9m podemos lembrar e rezar com o \u201c<a href=\"http:\/\/w2.vatican.va\/content\/francesco\/pt\/travels\/2019\/outside\/documents\/papa-francesco_20190204_documento-fratellanza-umana.html\" target=\"_blank\" rel=\"noopener noreferrer\">Documento sobre a fraternidade humana, pela paz mundial e pela vida comum<\/a>\u201d, assinado pelo Santo Padre e pelo Grande Im\u00e3 de Al-Azhar, que declara assumir a cultura do di\u00e1logo como um caminho: \u2018O di\u00e1logo entre os que creem significa encontrar-se no enorme espa\u00e7o dos valores espirituais, humanos e sociais comuns e investir na difus\u00e3o das mais altas virtudes morais, pedidas pelas religi\u00f5es.<\/p>\n<p style=\"text-align: justify;\">Ampliando nosso olhar para as terras de onde \u201cchegou a boa-nova de Jesus\u201d, o V\u00eddeo do Papa pede que \u201cno Oriente M\u00e9dio nas\u00e7a um esp\u00edrito de di\u00e1logo, um esp\u00edrito de encontro e reconcilia\u00e7\u00e3o\u201d.<\/p>\n<div class=\"nativo-inread\" style=\"text-align: justify;\"><\/div>\n<div id=\"aleteia-welcome\" style=\"text-align: justify;\" data-google-query-id=\"CPG5yZ3G0-UCFShuwQodfaYIWw\">\n<div id=\"google_ads_iframe_\/64500793\/PT_DESK_ARTICLE_WELCOME_1X1_0__container__\"><iframe id=\"google_ads_iframe_\/64500793\/PT_DESK_ARTICLE_WELCOME_1X1_0\" title=\"3rd party ad content\" name=\"google_ads_iframe_\/64500793\/PT_DESK_ARTICLE_WELCOME_1X1_0\" width=\"1\" height=\"1\" frameborder=\"0\" marginwidth=\"0\" marginheight=\"0\" scrolling=\"no\" data-google-container-id=\"2\" data-load-complete=\"true\" data-mce-fragment=\"1\"><\/iframe><\/div>\n<\/div>\n<p style=\"text-align: justify;\"><strong>O V\u00eddeo do Papa s\u00f3 \u00e9 poss\u00edvel por causa da contribui\u00e7\u00e3o espont\u00e2nea de muitas pessoas. <\/strong><a href=\"https:\/\/thepopevideo.org\/doar\/?lang=pt-br\" target=\"_blank\" rel=\"noopener noreferrer\"><strong>Neste link<\/strong><\/a><strong>voc\u00ea pode fazer a sua doa\u00e7\u00e3o. <\/strong><\/p>\n<p style=\"text-align: justify;\"><strong><u>Onde voc\u00ea pode ver o video?<\/u><\/strong><\/p>\n<ul style=\"text-align: justify;\">\n<li><a href=\"https:\/\/www.thepopevideo.org\/?lang=pt-br\" target=\"_blank\" rel=\"noopener noreferrer\"><strong>Web site oficial O V\u00eddeo do Papa<\/strong><\/a><\/li>\n<li><a href=\"https:\/\/www.youtube.com\/ovideodopapa\" target=\"_blank\" rel=\"noopener noreferrer\"><strong>Canal do YouTube O V\u00eddeo do Papa<\/strong><\/a><\/li>\n<li><a href=\"https:\/\/pt-br.facebook.com\/ovideodopapa\/\" target=\"_blank\" rel=\"noopener noreferrer\"><strong>P\u00e1gina do Facebook O V\u00eddeo do Papa <\/strong><\/a><\/li>\n<li><a href=\"https:\/\/twitter.com\/ovideodopapa\" target=\"_blank\" rel=\"noopener noreferrer\"><strong>Twitter O V\u00eddeo do Papa<\/strong><\/a><\/li>\n<li><strong><u>Twitter oficial @<\/u><\/strong><a href=\"https:\/\/twitter.com\/pontifex_pt\" target=\"_blank\" rel=\"noopener noreferrer\"><strong>Pontifex<\/strong><\/a><strong><u>_pt <\/u><\/strong><\/li>\n<li><a href=\"https:\/\/www.instagram.com\/franciscus\/\" target=\"_blank\" rel=\"noopener noreferrer\"><strong>Instagram<\/strong> <strong>oficial @Franciscus<\/strong><\/a><strong><u>\u00a0<\/u><\/strong><\/li>\n<\/ul>\n<p style=\"text-align: justify;\"><strong><u>Sobre O V\u00eddeo do Papa<\/u><\/strong><\/p>\n<p style=\"text-align: justify;\">O V\u00eddeo do Papa \u00e9 uma iniciativa oficial de alcance global que tem como objetivo difundir as inten\u00e7\u00f5es de ora\u00e7\u00e3o mensais do Santo Padre. \u00c9desenvolvido pela Rede Mundial de Ora\u00e7\u00e3o do Papa (Apostolado da Ora\u00e7\u00e3o). O projeto conta com o apoio do <a href=\"https:\/\/www.vaticannews.va\/pt.html\" target=\"_blank\" rel=\"noopener noreferrer\">Vatican Media<\/a>. Mais informa\u00e7\u00f5es em: <a href=\"https:\/\/www.thepopevideo.org\/?lang=pt-br\" target=\"_blank\" rel=\"noopener noreferrer\">www.thepopevideo.org<\/a><\/p>\n<p style=\"text-align: justify;\"><strong><u>Sobre a Rede Mundial de Ora\u00e7\u00e3o do Papa<\/u><\/strong><\/p>\n<p style=\"text-align: justify;\">A Rede Mundial de Ora\u00e7\u00e3o do Papa \u00e9 uma obra pontif\u00edcia cuja miss\u00e3o \u00e9 mobilizar os cat\u00f3licos, pela ora\u00e7\u00e3o e pela a\u00e7\u00e3o, face aos desafios da humanidade e da miss\u00e3o da Igreja. Estes desafios apresentam-se como inten\u00e7\u00f5es de ora\u00e7\u00e3o confiadas pelo Papa a toda a Igreja. A sua miss\u00e3o insere-se na din\u00e2mica do Cora\u00e7\u00e3o de Jesus, uma miss\u00e3o de compaix\u00e3o pelo mundo. Foi fundada em 1844 como Apostolado da Ora\u00e7\u00e3o. Est\u00e1 presente em 98 pa\u00edses e dela fazem parte mais de 35 milh\u00f5es de cat\u00f3licos. Inclui uma sec\u00e7\u00e3o juvenil, o MEJ \u2013 Movimento Eucar\u00edstico Jovem. Em mar\u00e7o de 2018, o Papa constituiu este servi\u00e7o eclesial como obra pontif\u00edcia e aprovou os seus novos estatutos. O seu Diretor Internacional \u00e9 o P. Fr\u00e9d\u00e9ric Fornos, SJ. Mais informa\u00e7\u00e3o em: <a href=\"https:\/\/www.popesprayer.va\/pt-pt\/\" target=\"_blank\" rel=\"noopener noreferrer\">www.popesprayer.va<\/a><\/p>\n<p><img decoding=\"async\" src=\"https:\/\/aleteiaportuguese.files.wordpress.com\/2019\/11\/infografico-tpv-11-2019-pt-o-video-do-papa-dic3a1logo-e-reconciliac3a7c3a3o-no-mc3a9dio-oriente.jpg?quality=100&amp;strip=all&amp;w=720\" alt=\"\" data-lazy-loaded=\"true\" \/><\/p>\n<\/div>\n","protected":false},"excerpt":{"rendered":"<p>Em \u201cO V\u00eddeo do Papa\u201d de novembro, o Santo Padre direciona sua inten\u00e7\u00e3o de ora\u00e7\u00e3o ao di\u00e1logo entre comunidades religiosas no Oriente M\u00e9dio, para que \u201cnas\u00e7a um esp\u00edrito de di\u00e1logo, um esp\u00edrito de encontro e reconcilia\u00e7\u00e3o\u201d Em \u201cO V\u00eddeo do Papa\u201d do m\u00eas de novembro, Francisco ressalta a conviv\u00eancia entre as comunidades no Oriente M\u00e9dio, [&hellip;]<\/p>\n","protected":false},"author":1,"featured_media":55260,"comment_status":"open","ping_status":"closed","sticky":false,"template":"","format":"standard","meta":{"footnotes":""},"categories":[4,13],"tags":[],"class_list":["post-55259","post","type-post","status-publish","format-standard","has-post-thumbnail","hentry","category-cotidiano","category-featured"],"_links":{"self":[{"href":"https:\/\/catolicanet.net\/wp-cnet\/wp-json\/wp\/v2\/posts\/55259","targetHints":{"allow":["GET"]}}],"collection":[{"href":"https:\/\/catolicanet.net\/wp-cnet\/wp-json\/wp\/v2\/posts"}],"about":[{"href":"https:\/\/catolicanet.net\/wp-cnet\/wp-json\/wp\/v2\/types\/post"}],"author":[{"embeddable":true,"href":"https:\/\/catolicanet.net\/wp-cnet\/wp-json\/wp\/v2\/users\/1"}],"replies":[{"embeddable":true,"href":"https:\/\/catolicanet.net\/wp-cnet\/wp-json\/wp\/v2\/comments?post=55259"}],"version-history":[{"count":1,"href":"https:\/\/catolicanet.net\/wp-cnet\/wp-json\/wp\/v2\/posts\/55259\/revisions"}],"predecessor-version":[{"id":55261,"href":"https:\/\/catolicanet.net\/wp-cnet\/wp-json\/wp\/v2\/posts\/55259\/revisions\/55261"}],"wp:featuredmedia":[{"embeddable":true,"href":"https:\/\/catolicanet.net\/wp-cnet\/wp-json\/wp\/v2\/media\/55260"}],"wp:attachment":[{"href":"https:\/\/catolicanet.net\/wp-cnet\/wp-json\/wp\/v2\/media?parent=55259"}],"wp:term":[{"taxonomy":"category","embeddable":true,"href":"https:\/\/catolicanet.net\/wp-cnet\/wp-json\/wp\/v2\/categories?post=55259"},{"taxonomy":"post_tag","embeddable":true,"href":"https:\/\/catolicanet.net\/wp-cnet\/wp-json\/wp\/v2\/tags?post=55259"}],"curies":[{"name":"wp","href":"https:\/\/api.w.org\/{rel}","templated":true}]}}