{"id":5515,"date":"2015-01-29T03:00:00","date_gmt":"2015-01-29T05:00:00","guid":{"rendered":"http:\/\/catolicanet.net\/wp-cnet\/o-bispo-e-os-desafios-de-hoje\/"},"modified":"2017-04-07T16:07:19","modified_gmt":"2017-04-07T19:07:19","slug":"o-bispo-e-os-desafios-de-hoje","status":"publish","type":"post","link":"https:\/\/catolicanet.net\/wp-cnet\/o-bispo-e-os-desafios-de-hoje\/","title":{"rendered":"O Bispo e os desafios de hoje"},"content":{"rendered":"<p style=\"text-align: justify;\">Na bonita e frutuosa conviv\u00eancia de Bispos que temos todos os anos no \u201cCurso para Bispos\u201d aqui no Rio de Janeiro, no Centro de Estudos e Forma\u00e7\u00e3o do Sumar\u00e9, sempre \u00e9 um bom momento para refletirmos sobre a nossa miss\u00e3o enquanto aprofundamos alguns assuntos ligados ao Conc\u00edlio Vaticano II, que completa o seu jubileu de ouro. As reflex\u00f5es sobre os documentos \u201cInter Mirifica\u201d, \u201cNostra Aetate\u201d e \u201cDignitatis humanae\u201d foram importantes nessa conclus\u00e3o da comemora\u00e7\u00e3o do Conc\u00edlio. Nestes \u00faltimos 5 anos tivemos a oportunidade de aprofundar os temas dos documentos conciliares. \u00c9 um desafio para n\u00f3s, Bispos, nesse tempo de tantas contesta\u00e7\u00f5es, viol\u00eancias, decad\u00eancias e incertezas.<br \/>Vivemos numa \u00e9poca de profundas e sucessivas mudan\u00e7as. A Igreja \u00e9 chamada com coragem, entusiasmo e criatividade a proclamar a mensagem do Evangelho para que nossos povos tenham vida e a tenham em plenitude, pois o Reino de Jesus \u00e9 um Reino de Vida. N\u00f3s somos conscientes de nossos limites, mas n\u00e3o esmorecemos, porque somos animados pelo mesmo Esp\u00edrito que impeliu os ap\u00f3stolos \u00e0 miss\u00e3o. <br \/>O Diret\u00f3rio para o Minist\u00e9rio Pastoral dos Bispos \u201cAPOSTOLORUM SUCCESSORES\u201d j\u00e1 nos mostrava a identidade e real miss\u00e3o do Bispo, que deve estar inserido no Mist\u00e9rio do Cristo. Na Igreja Cat\u00f3lica, o bispo \u00e9 sucessor dos Ap\u00f3stolos, com a tarefa de se colocar a servi\u00e7o de uma determinada por\u00e7\u00e3o do povo de Deus e, em unidade com o Papa, fazer suas \u201cas preocupa\u00e7\u00f5es por todas as Igrejas\u201d, como dizia de si mesmo S\u00e3o Paulo (2Cor 11,28). O Papa Bento XVI recordou que somos sinais do Cristo Rei crucificado e que vai ao encontro dos desfigurados para levar a verdadeira ressurrei\u00e7\u00e3o. Por isso mesmo, o Bispo deve ser vis\u00edvel princ\u00edpio de unidade e de comunh\u00e3o, principalmente com seus presb\u00edteros e di\u00e1conos, que s\u00e3o os seus primeiros colaboradores, proporcionando os verdadeiros fundamentos da Igreja no mundo de hoje, numa continuidade da miss\u00e3o dos Doze no Col\u00e9gio Episcopal, agindo, portanto, sempre em comunh\u00e3o e participa\u00e7\u00e3o. <br \/>A difus\u00e3o do individualismo e do crescimento do poder dos grandes grupos econ\u00f4micos t\u00eam enfraquecido a pol\u00edtica, com riscos para a democracia. Para esse mundo cansado, somos chamados a ser sinais de esperan\u00e7a. E j\u00e1 nos preparando para a Campanha da Fraternidade, que nos foca na miss\u00e3o da Igreja na sociedade, tamb\u00e9m promovendo vida na consci\u00eancia de nosso povo, para que se exija melhorias e um esfor\u00e7o do Estado nos campos da sa\u00fade, educa\u00e7\u00e3o, seguran\u00e7a alimentar, previd\u00eancia social, acesso \u00e0 terra e \u00e0 moradia digna, cria\u00e7\u00e3o de emprego e apoio a organiza\u00e7\u00f5es solid\u00e1rias. <br \/>O Bispo \u00e9 o Promotor da Paz em sua Diocese, por\u00e7\u00e3o do Povo de Deus que lhe \u00e9 confiada; deve ser elo de paz e unidade, frente a tantas viol\u00eancias que banalizam a vida, tanto nas periferias das grandes cidades como no campo. Recordo um trecho da Ep\u00edstola de Santo In\u00e1cio de Antioquia aos Filad\u00e9lfios: \u201cTende uma s\u00f3 Eucaristia, pois \u00e9 una a Carne de Nosso Senhor Jesus Cristo, uno o c\u00e1lice da unidade de Seu Sangue, uno o altar e uno o Bispo com o presbit\u00e9rio e os di\u00e1conos\u201d. Poder\u00edamos aprofundar esse tema no Ano da Paz que ora vivemos em nosso pa\u00eds, convocado pela CNBB. Entre as causas da viol\u00eancia est\u00e3o a exclus\u00e3o, a idolatria do dinheiro, o individualismo e o utilitarismo, a deterioriza\u00e7\u00e3o do tecido social, a corrup\u00e7\u00e3o no setor p\u00fablico e privado, o tr\u00e1fico de armas, drogas e pessoas, para\u00edsos fiscais e lavagem de dinheiro; fator agravante \u00e9 a fal\u00eancia do sistema penal e da sa\u00fade. <br \/>Bispo \u00e9 aquele que leva a esperan\u00e7a frente a toda desesperan\u00e7a que se apresenta. Enfim, o servi\u00e7o-di\u00e1logo-an\u00fancio-comunh\u00e3o expressa a pedagogia da evangeliza\u00e7\u00e3o e da miss\u00e3o do Bispo hoje. O servi\u00e7o, que pressup\u00f5e o conhecimento dos problemas, anseios, frustra\u00e7\u00f5es, alegrias e tristezas dos interlocutores consiste na inser\u00e7\u00e3o social, em vista da liberta\u00e7\u00e3o integral e da reconcilia\u00e7\u00e3o. \u201cUm crist\u00e3o n\u00e3o \u00e9 dono de si mesmo, e sim est\u00e1 entregue ao servi\u00e7o de Deus\u201d (Santo In\u00e1cio de Antioquia). O di\u00e1logo consiste na abertura e escuta do outro, sempre portador de \u201csementes do Verbo\u201d. J\u00e1 o an\u00fancio trata-se da explicita\u00e7\u00e3o do testemunho crist\u00e3o enquanto proclama\u00e7\u00e3o clara da Boa Nova de Jesus Cristo. E a comunh\u00e3o \u00e9 o resultado da f\u00e9 em Jesus Cristo, suscitada, acolhida e partilhada, dando origem a uma comunidade de disc\u00edpulos mission\u00e1rios. \u201cTem cuidado pela unidade, pois nada h\u00e1 de melhor\u201d (Santo In\u00e1cio de Antioquia).<br \/>Hoje, ser bispo \u00e9 testemunhar a f\u00e9 ao extremo, como pai que ouve com carinho e aten\u00e7\u00e3o os seus filhos e os corrige se necess\u00e1rio, mas os corrige com caridade e para a vida. Vale lembrar as palavras do Papa Francisco, aos 19 de setembro de 2013, quando fala do relacionamento dos Bispos e Padres: \u201cQuero lembrar-lhes a amizade com os sacerdotes. Eles s\u00e3o as pessoas mais pr\u00f3ximas, os primeiros onde buscar conselho e ajuda e os primeiros a quem acompanhar como pais, irm\u00e3os e amigos. Uma das tarefas primordiais de voc\u00eas deve ser o cuidado espiritual do presbit\u00e9rio e a aten\u00e7\u00e3o \u00e0s necessidades humanas de cada sacerdote, sobretudo nos momentos mais delicados e importantes de seus minist\u00e9rios e de suas vidas\u201d. Ser Bispo \u00e9 ser Bom Pastor, mestre da f\u00e9, guia do seu povo pelo caminho, que \u00e9 Jesus. Nas palavras de Santo In\u00e1cio de Antioquia \u201cOnde quer que se apresente o Bispo, a\u00ed esteja tamb\u00e9m a comunidade, assim como a presen\u00e7a de Cristo Jesus nos assegura a presen\u00e7a da Igreja\u201d. (Aos Esmirnenses 8, 2). Em suma, ser Bispo \u00e9 lembrar-se do antigo prov\u00e9rbio, sempre visto como crit\u00e9rio para a escolha de quem deve dirigir uma Diocese: \u201cSeja santo para rezar, s\u00e1bio para ensinar e prudente para governar\u201d. <br \/>Nestes dias em que compartilhamos a reflex\u00e3o e amizade no 24\u00ba Curso para os Bispos, pe\u00e7o a Deus para que o enfoque sobre a comunica\u00e7\u00e3o, di\u00e1logo com as religi\u00f5es e a liberdade de cren\u00e7a nos ajudem ainda mais nessa comunh\u00e3o e servi\u00e7o \u00e0 Igreja em todo o nosso pa\u00eds. E que tenhamos sempre a ora\u00e7\u00e3o de intercess\u00e3o do nosso povo, para que \u201csejamos santos para rezar, s\u00e1bios para ensinar e prudentes para governar\u201d.<\/p>\n","protected":false},"excerpt":{"rendered":"<p>Na bonita e frutuosa conviv\u00eancia de Bispos que temos todos os anos no \u201cCurso para Bispos\u201d aqui no Rio de Janeiro, no Centro de Estudos e Forma\u00e7\u00e3o do Sumar\u00e9, sempre \u00e9 um bom momento para refletirmos sobre a nossa miss\u00e3o enquanto aprofundamos alguns assuntos ligados ao Conc\u00edlio Vaticano II, que completa o seu jubileu de [&hellip;]<\/p>\n","protected":false},"author":5,"featured_media":0,"comment_status":"closed","ping_status":"closed","sticky":false,"template":"","format":"standard","meta":{"footnotes":""},"categories":[9],"tags":[],"class_list":["post-5515","post","type-post","status-publish","format-standard","hentry","category-artigos"],"_links":{"self":[{"href":"https:\/\/catolicanet.net\/wp-cnet\/wp-json\/wp\/v2\/posts\/5515","targetHints":{"allow":["GET"]}}],"collection":[{"href":"https:\/\/catolicanet.net\/wp-cnet\/wp-json\/wp\/v2\/posts"}],"about":[{"href":"https:\/\/catolicanet.net\/wp-cnet\/wp-json\/wp\/v2\/types\/post"}],"author":[{"embeddable":true,"href":"https:\/\/catolicanet.net\/wp-cnet\/wp-json\/wp\/v2\/users\/5"}],"replies":[{"embeddable":true,"href":"https:\/\/catolicanet.net\/wp-cnet\/wp-json\/wp\/v2\/comments?post=5515"}],"version-history":[{"count":1,"href":"https:\/\/catolicanet.net\/wp-cnet\/wp-json\/wp\/v2\/posts\/5515\/revisions"}],"predecessor-version":[{"id":10643,"href":"https:\/\/catolicanet.net\/wp-cnet\/wp-json\/wp\/v2\/posts\/5515\/revisions\/10643"}],"wp:attachment":[{"href":"https:\/\/catolicanet.net\/wp-cnet\/wp-json\/wp\/v2\/media?parent=5515"}],"wp:term":[{"taxonomy":"category","embeddable":true,"href":"https:\/\/catolicanet.net\/wp-cnet\/wp-json\/wp\/v2\/categories?post=5515"},{"taxonomy":"post_tag","embeddable":true,"href":"https:\/\/catolicanet.net\/wp-cnet\/wp-json\/wp\/v2\/tags?post=5515"}],"curies":[{"name":"wp","href":"https:\/\/api.w.org\/{rel}","templated":true}]}}