{"id":55125,"date":"2019-10-30T16:04:27","date_gmt":"2019-10-30T19:04:27","guid":{"rendered":"http:\/\/catolicanet.net\/wp-cnet\/?p=55125"},"modified":"2019-10-30T16:04:27","modified_gmt":"2019-10-30T19:04:27","slug":"papa-iraquianos-pedem-vida-digna-e-tranquila-depois-de-anos-de-guerra","status":"publish","type":"post","link":"https:\/\/catolicanet.net\/wp-cnet\/papa-iraquianos-pedem-vida-digna-e-tranquila-depois-de-anos-de-guerra\/","title":{"rendered":"Papa: iraquianos pedem vida digna e tranquila depois de anos de guerra"},"content":{"rendered":"<h3 class=\"article__subTitle\" style=\"text-align: justify;\">Desde o in\u00edcio dos protestos, pelo menos 240 pessoas morreram e mais de oito mil ficaram feridas.<\/h3>\n<div class=\"title__separator\" style=\"text-align: justify;\"><\/div>\n<div class=\"article__text\" style=\"text-align: justify;\">\n<p><b>Cidade do Vaticano<\/b><\/p>\n<p>Ao final da Audi\u00eancia Geral de quarta-feira (30\/10), o Papa Francisco fez um apelo em prol da paz no Iraque:<\/p>\n<p><i>Queridos irm\u00e3os e irm\u00e3s, o meu pensamento vai ao amado Iraque, onde as manifesta\u00e7\u00f5es de protesto ocorridas durante este m\u00eas causaram in\u00fameros mortos e feridos. Enquanto expresso pesar pelas v\u00edtimas e proximidade a suas fam\u00edlias e aos feridos, convido as autoridades a ouvir o grito da popula\u00e7\u00e3o que pede uma vida digna e tranquila. Exorto todos os iraquianos, com o apoio da comunidade internacional, a percorrer o caminho do di\u00e1logo e da reconcilia\u00e7\u00e3o e a buscar as justas solu\u00e7\u00f5es aos desafios e aos problemas do pa\u00eds. Rezo para que aquele povo martirizado possa encontrar paz e estabilidade depois de anos de guerra e de viol\u00eancia.\u00a0<\/i><\/p>\n<div>\n<aside class=\"article__readmore\">\n<div class=\"teaser--labelEvidence teaser teaser--type-foto\">\n<article>\n<div class=\"teaser__labelWrapper\"><\/div>\n<\/article>\n<\/div>\n<\/aside>\n<\/div>\n<\/div>\n<div style=\"text-align: justify;\">\n<aside class=\"article__readmore\">\n<div class=\"teaser--labelEvidence teaser teaser--type-foto\">\n<article>\n<div class=\"teaser__contentWrapper\">\n<div>Pelo menos 240 pessoas morreram e mais de oito mil ficaram feridas desde o in\u00edcio dos protestos no come\u00e7o deste m\u00eas.<\/div>\n<\/div>\n<\/article>\n<\/div>\n<\/aside>\n<\/div>\n<p style=\"text-align: justify;\">Os manifestantes, sobretudo jovens, reivindicam emprego e melhores servi\u00e7os p\u00fablicos para a popula\u00e7\u00e3o e rejeitam vincula\u00e7\u00f5es pol\u00edticas. Eles pedem tamb\u00e9m uma nova Constitui\u00e7\u00e3o e a renova\u00e7\u00e3o total de uma classe pol\u00edtica que permanece inalterada desde a queda de Saddam Hussein, em 2003.<\/p>\n","protected":false},"excerpt":{"rendered":"<p>Desde o in\u00edcio dos protestos, pelo menos 240 pessoas morreram e mais de oito mil ficaram feridas. Cidade do Vaticano Ao final da Audi\u00eancia Geral de quarta-feira (30\/10), o Papa Francisco fez um apelo em prol da paz no Iraque: Queridos irm\u00e3os e irm\u00e3s, o meu pensamento vai ao amado Iraque, onde as manifesta\u00e7\u00f5es de [&hellip;]<\/p>\n","protected":false},"author":1,"featured_media":55126,"comment_status":"open","ping_status":"closed","sticky":false,"template":"","format":"standard","meta":{"footnotes":""},"categories":[3],"tags":[],"class_list":["post-55125","post","type-post","status-publish","format-standard","has-post-thumbnail","hentry","category-vaticano"],"_links":{"self":[{"href":"https:\/\/catolicanet.net\/wp-cnet\/wp-json\/wp\/v2\/posts\/55125","targetHints":{"allow":["GET"]}}],"collection":[{"href":"https:\/\/catolicanet.net\/wp-cnet\/wp-json\/wp\/v2\/posts"}],"about":[{"href":"https:\/\/catolicanet.net\/wp-cnet\/wp-json\/wp\/v2\/types\/post"}],"author":[{"embeddable":true,"href":"https:\/\/catolicanet.net\/wp-cnet\/wp-json\/wp\/v2\/users\/1"}],"replies":[{"embeddable":true,"href":"https:\/\/catolicanet.net\/wp-cnet\/wp-json\/wp\/v2\/comments?post=55125"}],"version-history":[{"count":1,"href":"https:\/\/catolicanet.net\/wp-cnet\/wp-json\/wp\/v2\/posts\/55125\/revisions"}],"predecessor-version":[{"id":55127,"href":"https:\/\/catolicanet.net\/wp-cnet\/wp-json\/wp\/v2\/posts\/55125\/revisions\/55127"}],"wp:featuredmedia":[{"embeddable":true,"href":"https:\/\/catolicanet.net\/wp-cnet\/wp-json\/wp\/v2\/media\/55126"}],"wp:attachment":[{"href":"https:\/\/catolicanet.net\/wp-cnet\/wp-json\/wp\/v2\/media?parent=55125"}],"wp:term":[{"taxonomy":"category","embeddable":true,"href":"https:\/\/catolicanet.net\/wp-cnet\/wp-json\/wp\/v2\/categories?post=55125"},{"taxonomy":"post_tag","embeddable":true,"href":"https:\/\/catolicanet.net\/wp-cnet\/wp-json\/wp\/v2\/tags?post=55125"}],"curies":[{"name":"wp","href":"https:\/\/api.w.org\/{rel}","templated":true}]}}