{"id":5510,"date":"2015-01-29T12:08:17","date_gmt":"2015-01-29T14:08:17","guid":{"rendered":"http:\/\/catolicanet.net\/wp-cnet\/fe-e-conflitos-na-terra-santa\/"},"modified":"2017-04-07T16:06:59","modified_gmt":"2017-04-07T19:06:59","slug":"fe-e-conflitos-na-terra-santa","status":"publish","type":"post","link":"https:\/\/catolicanet.net\/wp-cnet\/fe-e-conflitos-na-terra-santa\/","title":{"rendered":"F\u00e9 e conflitos na Terra Santa"},"content":{"rendered":"<p style=\"text-align: justify;\">Na Terra Santa nasceu a f\u00e9 no Deus \u00fanico com o povo Judeu, por volta do ano XVII a.C, quando Deus se manifesta a Abra\u00e3o e indica que ele deve deixar a terra de Ur e seguir em busca de Canaa.<\/p>\n<p>Por muito s\u00e9culos apenas os judeus adoravam o Deus \u00fanico. Desta raiz nasce o Cristianismo, Jesus Cristo que se revela como sendo o filho de Deus. A partir da\u00ed mais uma revolu\u00e7\u00e3o a n\u00edvel de f\u00e9 acontece no mundo, a f\u00e9 crist\u00e3 se espalha rapidamente.<\/p>\n<p>Tamb\u00e9m da f\u00e9 no Deus \u00fanico, nasceu o Isl\u00e3, no ano 610 da era crist\u00e3. O profeta Maom\u00e9, recebe a revela\u00e7\u00e3o por parte do Anjo Gabriel e, a partir de ent\u00e3o, a nova religi\u00e3o \u00e9 institu\u00edda no Oriente.<\/p>\n<p>Estas tr\u00eas religi\u00f5es monote\u00edstas comp\u00f5em o mosaico da f\u00e9 e religi\u00e3o na Terra Santa. Um mosaico amea\u00e7ado constantemente pelos in\u00fameros conflitos religiosos e sociais.<\/p>\n<p>As guerras fazem muito barulho e o Ocidente tende a culpar sempre o &#8220;fundamentalismo religioso&#8221;. A culpa recai sobre a F\u00e9, como se o\u00a0 melhor fosse viver sem religi\u00e3o.<\/p>\n<p>Mas o comprometimento com a f\u00e9 em sua raiz verdadeira faz com que homens de boa vontade sejam testemunhas de um amor gratuito e generoso. Como exemplo podemos citar: os hebreus, que t\u00eam ONG&#8217;s para ajudar refugiados e imigrantes que chegam aqui em situa\u00e7\u00f5es de sofrimento e abandono; a Igreja Cat\u00f3lica que investe em educa\u00e7\u00e3o para todos sem discrimina\u00e7\u00e3o, em hospitais, em trabalhos sociais diversos; mu\u00e7ulmanos que lutam pelo di\u00e1logo e pela toler\u00e2ncia, mas, o mal faz muito barulho e tende a esconder o bem que se faz.<\/p>\n<p>A religi\u00e3o por aqui n\u00e3o \u00e9 o problema, mas sim o cora\u00e7\u00e3o do homem que insiste em n\u00e3o mudar, que insiste em combater o outro para mostrar quem \u00e9 o mais forte&#8230; Por aqui vejo a for\u00e7a de pessoas que heroicamente testemunham sua f\u00e9 no Deus \u00fanico e que optam pelo recolhimento, ao inv\u00e9s dos holofotes.<\/p>\n<p>N\u00e3o posso esconder a minha origem de f\u00e9, sou cat\u00f3lica e tamb\u00e9m como comunicadora tento fazer minha parte, busco levar boas e verdadeiras not\u00edcias de que na Terra Santa tem gente dando a vida, lutando para que os conflitos cessem e para que um dia a paz n\u00e3o seja uma utopia.<\/p>\n<p>* Cristiane Henrique, mission\u00e1ria da Comunidade Can\u00e7\u00e3o Nova na terra Santa<\/p>\n<p style=\"text-align: justify;\">\u00a0<\/p>\n<p style=\"text-align: justify;\">Fonte: Can\u00e7\u00e3o Nova<\/p>\n","protected":false},"excerpt":{"rendered":"<p>Na Terra Santa nasceu a f\u00e9 no Deus \u00fanico com o povo Judeu, por volta do ano XVII a.C, quando Deus se manifesta a Abra\u00e3o e indica que ele deve deixar a terra de Ur e seguir em busca de Canaa. Por muito s\u00e9culos apenas os judeus adoravam o Deus \u00fanico. Desta raiz nasce o [&hellip;]<\/p>\n","protected":false},"author":1,"featured_media":0,"comment_status":"closed","ping_status":"closed","sticky":false,"template":"","format":"standard","meta":{"footnotes":""},"categories":[4],"tags":[],"class_list":["post-5510","post","type-post","status-publish","format-standard","hentry","category-cotidiano"],"_links":{"self":[{"href":"https:\/\/catolicanet.net\/wp-cnet\/wp-json\/wp\/v2\/posts\/5510","targetHints":{"allow":["GET"]}}],"collection":[{"href":"https:\/\/catolicanet.net\/wp-cnet\/wp-json\/wp\/v2\/posts"}],"about":[{"href":"https:\/\/catolicanet.net\/wp-cnet\/wp-json\/wp\/v2\/types\/post"}],"author":[{"embeddable":true,"href":"https:\/\/catolicanet.net\/wp-cnet\/wp-json\/wp\/v2\/users\/1"}],"replies":[{"embeddable":true,"href":"https:\/\/catolicanet.net\/wp-cnet\/wp-json\/wp\/v2\/comments?post=5510"}],"version-history":[{"count":1,"href":"https:\/\/catolicanet.net\/wp-cnet\/wp-json\/wp\/v2\/posts\/5510\/revisions"}],"predecessor-version":[{"id":10642,"href":"https:\/\/catolicanet.net\/wp-cnet\/wp-json\/wp\/v2\/posts\/5510\/revisions\/10642"}],"wp:attachment":[{"href":"https:\/\/catolicanet.net\/wp-cnet\/wp-json\/wp\/v2\/media?parent=5510"}],"wp:term":[{"taxonomy":"category","embeddable":true,"href":"https:\/\/catolicanet.net\/wp-cnet\/wp-json\/wp\/v2\/categories?post=5510"},{"taxonomy":"post_tag","embeddable":true,"href":"https:\/\/catolicanet.net\/wp-cnet\/wp-json\/wp\/v2\/tags?post=5510"}],"curies":[{"name":"wp","href":"https:\/\/api.w.org\/{rel}","templated":true}]}}