{"id":55077,"date":"2019-10-29T11:14:24","date_gmt":"2019-10-29T14:14:24","guid":{"rendered":"http:\/\/catolicanet.net\/wp-cnet\/?p=55077"},"modified":"2019-10-29T14:57:07","modified_gmt":"2019-10-29T17:57:07","slug":"santa-se-acabar-sofrimentos-no-iemen-e-siria-paz-entre-palestinos-e-israelenses","status":"publish","type":"post","link":"https:\/\/catolicanet.net\/wp-cnet\/santa-se-acabar-sofrimentos-no-iemen-e-siria-paz-entre-palestinos-e-israelenses\/","title":{"rendered":"Santa S\u00e9: acabar sofrimentos no I\u00eamen e S\u00edria, paz entre palestinos e israelenses"},"content":{"rendered":"<div class=\"article__subTitle\" style=\"text-align: justify;\">Recordando que a credibilidade do Conselho de Seguran\u00e7a acaba sendo \u201cdesgastada\u201d com a falta de aplica\u00e7\u00e3o plena das resolu\u00e7\u00f5es da Onu sobre a quest\u00e3o palestina, dom Auza observou que \u201cas decis\u00f5es tomadas e os mecanismos em curso devem ser utilizados eficazmente para realizar o objetivo de um Estado palestino, que viva em paz e seguran\u00e7a ao lado do Estado de Israel, dentro de fronteiras seguras e reconhecidas a n\u00edvel internacional\u201d<\/div>\n<div class=\"title__separator\" style=\"text-align: justify;\"><\/div>\n<div class=\"article__text\">\n<p style=\"text-align: justify;\"><b>Giada Aquilino \/ Raimundo de Lima &#8211; Cidade do Vaticano<\/b><\/p>\n<p style=\"text-align: justify;\">O observador permanente da Santa S\u00e9 na Onu, dom Bernardito Auza, em sua declara\u00e7\u00e3o esta segunda-feira (28\/10) em Nova York no debate aberto do Conselho de Seguran\u00e7a das Na\u00e7\u00f5es Unidas sobre o Oriente M\u00e9dio, incluindo a quest\u00e3o palestina, lan\u00e7ou um olhar abrangente sobre os \u201ctr\u00e1gicos conflitos que continuam afligindo\u201d terras e povos da regi\u00e3o.<\/p>\n<!--[if lt IE 9]><script>document.createElement('audio');<\/script><![endif]-->\n<audio class=\"wp-audio-shortcode\" id=\"audio-55077-1\" preload=\"none\" style=\"width: 100%;\" controls=\"controls\"><source type=\"audio\/mpeg\" src=\"https:\/\/media.vaticannews.va\/media\/audio\/s1\/2019\/10\/29\/16\/135308803_F135308803.mp3?_=1\" \/><a href=\"https:\/\/media.vaticannews.va\/media\/audio\/s1\/2019\/10\/29\/16\/135308803_F135308803.mp3\">https:\/\/media.vaticannews.va\/media\/audio\/s1\/2019\/10\/29\/16\/135308803_F135308803.mp3<\/a><\/audio>\n<h2 style=\"text-align: justify;\">A emerg\u00eancia humanit\u00e1ria na Rep\u00fablica do I\u00eamen<\/h2>\n<p style=\"text-align: justify;\">As \u00faltimas informa\u00e7\u00f5es obtidas pela Onu, referiu o n\u00fancio apost\u00f3lico, evidenciam que no I\u00eamen \u00a0\u201ca situa\u00e7\u00e3o humanit\u00e1ria permanece desastrosa\u201d: crian\u00e7as que \u201cmorrem de fome\u201d, escassez de \u00e1gua pot\u00e1vel, graves danos \u00e0 economia, dif\u00edcil acesso \u00e0s ajudas humanit\u00e1rias sobretudo para quem n\u00e3o consegue \u201cfugir das linhas de frente da guerra\u201d.<\/p>\n<p style=\"text-align: justify;\">Al\u00e9m disso, o m\u00eas de setembro foi at\u00e9 ent\u00e3o o mais mortal de 2019, com uma m\u00e9dia de treze mortos por dia. Continua sendo \u201cessencial\u201d um cessar-fogo \u201crepetidamente\u201d solicitado pelo pr\u00f3prio Conselho de Seguran\u00e7a para acabar com o \u201cintoler\u00e1vel\u201d sofrimento do povo iemenita, reiterou o arcebispo filipino.<\/p>\n<p style=\"text-align: justify;\">Nessa perspectiva, se faz votos de uma \u201cinterrup\u00e7\u00e3o do fluxo de armas na regi\u00e3o\u201d, porque a pior crise humanit\u00e1ria no mundo se verifica onde as armas e as muni\u00e7\u00f5es circulam livremente\u201d, ressaltou.<\/p>\n<h2 style=\"text-align: justify;\">O conflito na S\u00edria<\/h2>\n<p style=\"text-align: justify;\">Foi expressa \u201cgrande preocupa\u00e7\u00e3o\u201d tamb\u00e9m com a crise na S\u00edria e com os recentes eventos no nordeste do pa\u00eds m\u00e9dio-oriental. O \u201cpasso importante\u201d dado com o an\u00fancio da primeira reuni\u00e3o do Comit\u00ea constitucional, chamado a redigir a nova carta fundamental do pa\u00eds na esperan\u00e7a de pacificar uma terra martirizada h\u00e1 mais de oito anos de conflito, programado para esta quarta-feira (30\/10), em Genebra, na Su\u00ed\u00e7a, constitui \u201cum raio de esperan\u00e7a\u201d.<\/p>\n<p style=\"text-align: justify;\">Contudo, como recentemente ressaltado pelo Papa Francisco, \u00e9 preciso uma assist\u00eancia humanit\u00e1ria \u201csegura, amparada e sem obst\u00e1culos\u201d a ser dada \u00e0quelas popula\u00e7\u00f5es obrigadas a fugir desde o in\u00edcio de outubro, inclusive crian\u00e7as, assegurando o \u201cpleno respeito\u201d dos direitos humanos fundamentais, a conserva\u00e7\u00e3o da \u201cidentidade \u00e9tnica\u201d e evitando novos motivos de \u201ctens\u00f5es e injusti\u00e7as\u201d, frisou.<\/p>\n<div style=\"text-align: justify;\">\n<aside class=\"article__readmore\">\n<div class=\"teaser--labelEvidence teaser teaser--type-article\">\n<article>\n<div class=\"teaser__labelWrapper\"><\/div>\n<\/article>\n<\/div>\n<\/aside>\n<\/div>\n<div style=\"text-align: justify;\">\n<aside class=\"article__readmore\">\n<div class=\"teaser--labelEvidence teaser teaser--type-article\">\n<article>\n<div class=\"teaser__contentWrapper\">\n<div><span style=\"color: #111111; font-family: Roboto, sans-serif; font-size: 27px;\">A quest\u00e3o palestina<\/span><\/div>\n<\/div>\n<\/article>\n<\/div>\n<\/aside>\n<\/div>\n<p style=\"text-align: justify;\">Concentrando-se sobre a quest\u00e3o palestina, h\u00e1 quase tr\u00eas anos da resolu\u00e7\u00e3o 2334 do Conselho de Seguran\u00e7a da Onu sobre os assentamentos israelenses, dom Auza recordou que as Na\u00e7\u00f5es Unidas constataram que os assentamentos \u201caumentaram\u201d, as demoli\u00e7\u00f5es foram \u201caceleradas\u201d, as viol\u00eancias e os incitamentos \u201ccontinuaram\u201d, o alcance da unidade inter-palestina \u00a0parece uma \u201cperspectiva cada vez mais distante\u201d e as negocia\u00e7\u00f5es cr\u00edveis \u201cainda devem ser iniciadas\u201d. Um quadro como esse incide nas perspectivas de uma \u201cpaz duradoura\u201d e sobre a solu\u00e7\u00e3o dos \u201cdois Estados\u201d, acrescentou o n\u00fancio apost\u00f3lico.<\/p>\n<p style=\"text-align: justify;\">A tens\u00e3o \u00e9 \u201culteriormente\u201d agravada por uma \u201cret\u00f3rica prejudicial, pelas amea\u00e7as, o terrorismo e a viol\u00eancia, incluindo por vezes o uso desproporcional da for\u00e7a\u201d por parte dos aparatos de seguran\u00e7a.<\/p>\n<p style=\"text-align: justify;\">A divis\u00e3o entre palestinos torna \u201ca retomada do di\u00e1logo uma prioridade absoluta\u201d e, ao mesmo tempo, a n\u00e3o forma\u00e7\u00e3o de um governo da parte de Israel \u00e9 \u201cmotivo de preocupa\u00e7\u00e3o\u201d.<\/p>\n<h2 style=\"text-align: justify;\">Os crist\u00e3os do Oriente M\u00e9dio<\/h2>\n<p style=\"text-align: justify;\">Ademais, \u00e9 necess\u00e1rio fazer todo o poss\u00edvel para garantir que os Lugares Santos sejam protegidos segundo o direito internacional e o <i>status quo<\/i> de Jerusal\u00e9m, ao tempo em que se registra uma \u201cgrande preocupa\u00e7\u00e3o\u201d com as comunidades crist\u00e3s \u201cobrigadas a abandonar\u201d tais terras em busca de paz e seguran\u00e7a: a presen\u00e7a delas nestes lugares s\u00e3o de \u201cimport\u00e2ncia fundamental\u201d, observou o prelado.<\/p>\n<p style=\"text-align: justify;\">O observador permanente da Santa S\u00e9 na Onu ressaltou que se deveria fazer mais para assegurar a prote\u00e7\u00e3o dessas comunidades crist\u00e3s, n\u00e3o somente por uma quest\u00e3o de sobreviv\u00eancia, mas tamb\u00e9m na \u00f3tica do desenvolvimento humano integral.<\/p>\n<h2 style=\"text-align: justify;\">Estado da Palestina ao lado do Estado de Israel<\/h2>\n<p style=\"text-align: justify;\">Recordando como foi dito que a credibilidade do Conselho de Seguran\u00e7a acaba sendo \u201cdesgastada\u201d com a falta de aplica\u00e7\u00e3o plena das resolu\u00e7\u00f5es sobre a quest\u00e3o palestina, o n\u00fancio observou que o momento atual se mostra como o momento em que \u201cas decis\u00f5es tomadas e os mecanismos em curso devem ser utilizados eficazmente para realizar o objetivo de um Estado palestino, que viva em paz e seguran\u00e7a ao lado do Estado de Israel, dentro de fronteiras seguras e reconhecidas a n\u00edvel internacional\u201d.<\/p>\n<\/div>\n","protected":false},"excerpt":{"rendered":"<p>Recordando que a credibilidade do Conselho de Seguran\u00e7a acaba sendo \u201cdesgastada\u201d com a falta de aplica\u00e7\u00e3o plena das resolu\u00e7\u00f5es da Onu sobre a quest\u00e3o palestina, dom Auza observou que \u201cas decis\u00f5es tomadas e os mecanismos em curso devem ser utilizados eficazmente para realizar o objetivo de um Estado palestino, que viva em paz e seguran\u00e7a [&hellip;]<\/p>\n","protected":false},"author":1,"featured_media":55079,"comment_status":"open","ping_status":"closed","sticky":false,"template":"","format":"standard","meta":{"footnotes":""},"categories":[3],"tags":[],"class_list":["post-55077","post","type-post","status-publish","format-standard","has-post-thumbnail","hentry","category-vaticano"],"_links":{"self":[{"href":"https:\/\/catolicanet.net\/wp-cnet\/wp-json\/wp\/v2\/posts\/55077","targetHints":{"allow":["GET"]}}],"collection":[{"href":"https:\/\/catolicanet.net\/wp-cnet\/wp-json\/wp\/v2\/posts"}],"about":[{"href":"https:\/\/catolicanet.net\/wp-cnet\/wp-json\/wp\/v2\/types\/post"}],"author":[{"embeddable":true,"href":"https:\/\/catolicanet.net\/wp-cnet\/wp-json\/wp\/v2\/users\/1"}],"replies":[{"embeddable":true,"href":"https:\/\/catolicanet.net\/wp-cnet\/wp-json\/wp\/v2\/comments?post=55077"}],"version-history":[{"count":1,"href":"https:\/\/catolicanet.net\/wp-cnet\/wp-json\/wp\/v2\/posts\/55077\/revisions"}],"predecessor-version":[{"id":55080,"href":"https:\/\/catolicanet.net\/wp-cnet\/wp-json\/wp\/v2\/posts\/55077\/revisions\/55080"}],"wp:featuredmedia":[{"embeddable":true,"href":"https:\/\/catolicanet.net\/wp-cnet\/wp-json\/wp\/v2\/media\/55079"}],"wp:attachment":[{"href":"https:\/\/catolicanet.net\/wp-cnet\/wp-json\/wp\/v2\/media?parent=55077"}],"wp:term":[{"taxonomy":"category","embeddable":true,"href":"https:\/\/catolicanet.net\/wp-cnet\/wp-json\/wp\/v2\/categories?post=55077"},{"taxonomy":"post_tag","embeddable":true,"href":"https:\/\/catolicanet.net\/wp-cnet\/wp-json\/wp\/v2\/tags?post=55077"}],"curies":[{"name":"wp","href":"https:\/\/api.w.org\/{rel}","templated":true}]}}