{"id":5506,"date":"2015-01-27T17:42:04","date_gmt":"2015-01-27T19:42:04","guid":{"rendered":"http:\/\/catolicanet.net\/wp-cnet\/padre-lombardi-papa-no-sri-lanka-abre-coracoes-a-esperanca-2\/"},"modified":"2017-04-07T16:09:24","modified_gmt":"2017-04-07T19:09:24","slug":"padre-lombardi-papa-no-sri-lanka-abre-coracoes-a-esperanca-2","status":"publish","type":"post","link":"https:\/\/catolicanet.net\/wp-cnet\/padre-lombardi-papa-no-sri-lanka-abre-coracoes-a-esperanca-2\/","title":{"rendered":"Padre Lombardi: Papa no Sri Lanka abre cora\u00e7\u00f5es \u00e0 esperan\u00e7a"},"content":{"rendered":"<p style=\"text-align: center;\"><img decoding=\"async\" src=\"http:\/\/www.catolicanet.com.br\/images\/stories\/geral\/sri lanka.jpg\" border=\"0\" \/><\/p>\n<p style=\"text-align: justify;\">\n<p>Para um pequeno balan\u00e7o da viagem do Papa Francisco ao Sri Lanka o nosso colega do programa brasileiro Silvonei Jos\u00e9, enviado especial a esta Viagem Apost\u00f3lica do Santo Padre, entrevistou o Diretor da Sala de Imprensa da Santa S\u00e9, Padre Federico Lombardi. Deixamos aqui um excerto das suas declara\u00e7\u00f5es a come\u00e7ar pela visita de cortesia do ex-Presidente do Sri Lanka ao Santo Padre:<\/p>\n<p>\u201cComo foi este ex-presidente a convidar o Papa a vir ao Sri Lanka, era tamb\u00e9m justo e normal que desejasse saud\u00e1-lo e expressar a sua gratid\u00e3o por ter vindo e pelo bom \u00eaxito da visita. Tratou-se, portanto, de uma visita de cortesia, muito simples, breve, mas que d\u00e1 um sentido tamb\u00e9m de harmonia, de serenidade pelo facto desta mudan\u00e7a que provavelmente muitos n\u00e3o previam. E essa mudan\u00e7a deu-se de modo t\u00e3o pac\u00edfico e t\u00e3o respeitoso, que \u00e9 um sinal certamente de maturidade tamb\u00e9m para a democracia e para o pa\u00eds Sri Lanka e dos seus respons\u00e1veis. Portanto, creio que este encontro tenha sido um elemento para a popula\u00e7\u00e3o do Sri Lanka que em grande parte tamb\u00e9m votou para este presidente. Um sinal positivo.\u201d<\/p>\n<p>\u201cO Papa deu verdadeiramente uma contribui\u00e7\u00e3o absolutamente extraordin\u00e1ria, diria muito superior ao que se pudesse imaginar. Ajudado tamb\u00e9m por uma circunst\u00e2ncia de certo modo inesperada, que \u00e9 o facto de que estas elei\u00e7\u00f5es, que eram temidas, foram realizadas na paz e com a mudan\u00e7a abriram esperan\u00e7as que levam a pensar que tamb\u00e9m na vida concreta desta sociedade, estas mensagens, estas palavras do Papa de reconcilia\u00e7\u00e3o, de constru\u00e7\u00e3o comum de uma nova sociedade reconciliada, possam tornar-se realidade. E isso \u00e9 uma coisa muito bonita e n\u00f3s esperamos que isso aconte\u00e7a. A Igreja demonstrou-se muito ativa, presente, capaz de uma prepara\u00e7\u00e3o pastoral profunda destes eventos. Portanto, creio que a Igreja ser\u00e1 capaz tamb\u00e9m de levar adiante a heran\u00e7a desta viagem e das mensagens que o Papa lhe confiou para o bem da sociedade no seu conjunto.\u201d<\/p>\n<p>O Padre Lombardi revelou ainda nesta entrevista que o Papa Francisco est\u00e1 muito contente com a visita ao Sri Lanka:<\/p>\n<p>\u201cMuito contente! Ele vive-a como uma gra\u00e7a de Deus e sente muito a ajuda da Provid\u00eancia que lhe d\u00e1 for\u00e7as para fazer coisas que normalmente uma pessoa com a sua idade n\u00e3o conseguiria fazer e oferece-lhe tamb\u00e9m ocasi\u00f5es para encontrar pessoas, povos numa forma t\u00e3o positiva que abre o cora\u00e7\u00e3o \u00e0 esperan\u00e7a.\u201d (RS\/RL)<\/p>\n<p>Fonte: R\u00e1dio Vaticano<\/p>\n","protected":false},"excerpt":{"rendered":"<p>Para um pequeno balan\u00e7o da viagem do Papa Francisco ao Sri Lanka o nosso colega do programa brasileiro Silvonei Jos\u00e9, enviado especial a esta Viagem Apost\u00f3lica do Santo Padre, entrevistou o Diretor da Sala de Imprensa da Santa S\u00e9, Padre Federico Lombardi. Deixamos aqui um excerto das suas declara\u00e7\u00f5es a come\u00e7ar pela visita de cortesia [&hellip;]<\/p>\n","protected":false},"author":1,"featured_media":5505,"comment_status":"closed","ping_status":"closed","sticky":false,"template":"","format":"standard","meta":{"footnotes":""},"categories":[3],"tags":[],"class_list":["post-5506","post","type-post","status-publish","format-standard","has-post-thumbnail","hentry","category-vaticano"],"_links":{"self":[{"href":"https:\/\/catolicanet.net\/wp-cnet\/wp-json\/wp\/v2\/posts\/5506","targetHints":{"allow":["GET"]}}],"collection":[{"href":"https:\/\/catolicanet.net\/wp-cnet\/wp-json\/wp\/v2\/posts"}],"about":[{"href":"https:\/\/catolicanet.net\/wp-cnet\/wp-json\/wp\/v2\/types\/post"}],"author":[{"embeddable":true,"href":"https:\/\/catolicanet.net\/wp-cnet\/wp-json\/wp\/v2\/users\/1"}],"replies":[{"embeddable":true,"href":"https:\/\/catolicanet.net\/wp-cnet\/wp-json\/wp\/v2\/comments?post=5506"}],"version-history":[{"count":1,"href":"https:\/\/catolicanet.net\/wp-cnet\/wp-json\/wp\/v2\/posts\/5506\/revisions"}],"predecessor-version":[{"id":10647,"href":"https:\/\/catolicanet.net\/wp-cnet\/wp-json\/wp\/v2\/posts\/5506\/revisions\/10647"}],"wp:featuredmedia":[{"embeddable":true,"href":"https:\/\/catolicanet.net\/wp-cnet\/wp-json\/wp\/v2\/media\/5505"}],"wp:attachment":[{"href":"https:\/\/catolicanet.net\/wp-cnet\/wp-json\/wp\/v2\/media?parent=5506"}],"wp:term":[{"taxonomy":"category","embeddable":true,"href":"https:\/\/catolicanet.net\/wp-cnet\/wp-json\/wp\/v2\/categories?post=5506"},{"taxonomy":"post_tag","embeddable":true,"href":"https:\/\/catolicanet.net\/wp-cnet\/wp-json\/wp\/v2\/tags?post=5506"}],"curies":[{"name":"wp","href":"https:\/\/api.w.org\/{rel}","templated":true}]}}