{"id":55023,"date":"2019-10-28T08:44:47","date_gmt":"2019-10-28T11:44:47","guid":{"rendered":"http:\/\/catolicanet.net\/wp-cnet\/?p=55023"},"modified":"2019-10-28T08:44:47","modified_gmt":"2019-10-28T11:44:47","slug":"a-face-da-igreja","status":"publish","type":"post","link":"https:\/\/catolicanet.net\/wp-cnet\/a-face-da-igreja\/","title":{"rendered":"A face da Igreja"},"content":{"rendered":"<p style=\"text-align: justify;\">Falar da face da Igreja significa olhar as dimens\u00f5es de seu rosto, ou daquilo que a identifica como institui\u00e7\u00e3o sagrada e divina, com a cara de Jesus Cristo, exercendo a importante tarefa de evangelizar o povo de Deus. No dizer do Papa Francisco, a Igreja deve ser orante e testemunhal, aberta para o di\u00e1logo com o mundo, ao lado dos pobres, ser servidora, acolhedora e misericordiosa.<\/p>\n<p style=\"text-align: justify;\">Uma das caracter\u00edsticas essenciais da Igreja \u00e9 sua fidelidade aos ensinamentos de Jesus Cristo. N\u00e3o \u00e9 de se estranhar as diversas formas de persegui\u00e7\u00f5es que sofre. Esse foi o caminho do Mestre, a quem ela \u00e9 chamada a seguir os passos. Os ataques \u00e0 Igreja veem de dentro dela mesma, mas de pessoas que n\u00e3o vivem a dimens\u00e3o eclesial da f\u00e9 e as inspira\u00e7\u00f5es do Esp\u00edrito Santo para os dias de hoje.<\/p>\n<p style=\"text-align: justify;\">Creio n\u00e3o ser correto dizer que a Igreja est\u00e1 com a face ferida pelos atuais desacertos, porque suas bases s\u00e3o muito s\u00f3lidas e bem constru\u00eddas. N\u00e3o \u00e9 uma institui\u00e7\u00e3o qualquer e est\u00e1 enxertada na pr\u00e1tica das bem-aventuran\u00e7as para construir o Reino de Deus. Ela tem como base de sua a\u00e7\u00e3o evangelizadora a preocupa\u00e7\u00e3o com a realidade do ser da pessoa humana como imagem de Deus.<\/p>\n<p style=\"text-align: justify;\">Apesar de todos os percal\u00e7os da hist\u00f3ria, seguindo os ensinamentos da Palavra de Deus, a Igreja est\u00e1 preocupada com a vida dos pobres, dos oprimidos, dos indefesos, dos marginalizados e dos aflitos em geral. Todos eles foram criados com dignidade e merecem respeito. Ali\u00e1s, s\u00e3o chamados de \u201cfelizes\u201d aqueles que a sociedade e a cultura moderna comumente desprezam.<\/p>\n<p style=\"text-align: justify;\">\u00c9 interessante observar o que est\u00e1 acontecendo nos \u00faltimos tempos: quem procura defender a dignidade do pobre \u00e9 chamado de \u201ccomunista\u201d. Pela b\u00edblia sabemos que essa era a pr\u00e1tica de Jesus de Nazar\u00e9. Ent\u00e3o Ele tinha uma atitude comunista. Isso n\u00e3o significa que o Mestre era contra os ricos? Est\u00e1 evidente que n\u00e3o, mas era sim contra a explora\u00e7\u00e3o praticada impiedosamente contra o pobre.<\/p>\n<p style=\"text-align: justify;\">A Igreja tem sua face assentada em quatro grandes pilares: na f\u00e9, na esperan\u00e7a, na caridade e na justi\u00e7a. Vivenciar esses pilares significa mostrar a beleza do rosto de santidade e de perfei\u00e7\u00e3o no seguimento de Jesus Cristo. O crist\u00e3o precisa estar sempre motivado para superar com determina\u00e7\u00e3o as iniquidades que o impedem de ser santo e de mostrar a figura real da Igreja como instrumento de Deus.<\/p>\n","protected":false},"excerpt":{"rendered":"<p>Falar da face da Igreja significa olhar as dimens\u00f5es de seu rosto, ou daquilo que a identifica como institui\u00e7\u00e3o sagrada e divina, com a cara de Jesus Cristo, exercendo a importante tarefa de evangelizar o povo de Deus. No dizer do Papa Francisco, a Igreja deve ser orante e testemunhal, aberta para o di\u00e1logo com [&hellip;]<\/p>\n","protected":false},"author":11,"featured_media":32781,"comment_status":"open","ping_status":"closed","sticky":false,"template":"","format":"standard","meta":{"footnotes":""},"categories":[9],"tags":[],"class_list":["post-55023","post","type-post","status-publish","format-standard","has-post-thumbnail","hentry","category-artigos"],"_links":{"self":[{"href":"https:\/\/catolicanet.net\/wp-cnet\/wp-json\/wp\/v2\/posts\/55023","targetHints":{"allow":["GET"]}}],"collection":[{"href":"https:\/\/catolicanet.net\/wp-cnet\/wp-json\/wp\/v2\/posts"}],"about":[{"href":"https:\/\/catolicanet.net\/wp-cnet\/wp-json\/wp\/v2\/types\/post"}],"author":[{"embeddable":true,"href":"https:\/\/catolicanet.net\/wp-cnet\/wp-json\/wp\/v2\/users\/11"}],"replies":[{"embeddable":true,"href":"https:\/\/catolicanet.net\/wp-cnet\/wp-json\/wp\/v2\/comments?post=55023"}],"version-history":[{"count":1,"href":"https:\/\/catolicanet.net\/wp-cnet\/wp-json\/wp\/v2\/posts\/55023\/revisions"}],"predecessor-version":[{"id":55024,"href":"https:\/\/catolicanet.net\/wp-cnet\/wp-json\/wp\/v2\/posts\/55023\/revisions\/55024"}],"wp:featuredmedia":[{"embeddable":true,"href":"https:\/\/catolicanet.net\/wp-cnet\/wp-json\/wp\/v2\/media\/32781"}],"wp:attachment":[{"href":"https:\/\/catolicanet.net\/wp-cnet\/wp-json\/wp\/v2\/media?parent=55023"}],"wp:term":[{"taxonomy":"category","embeddable":true,"href":"https:\/\/catolicanet.net\/wp-cnet\/wp-json\/wp\/v2\/categories?post=55023"},{"taxonomy":"post_tag","embeddable":true,"href":"https:\/\/catolicanet.net\/wp-cnet\/wp-json\/wp\/v2\/tags?post=55023"}],"curies":[{"name":"wp","href":"https:\/\/api.w.org\/{rel}","templated":true}]}}