{"id":55021,"date":"2019-10-28T08:41:20","date_gmt":"2019-10-28T11:41:20","guid":{"rendered":"http:\/\/catolicanet.net\/wp-cnet\/?p=55021"},"modified":"2019-10-28T08:41:20","modified_gmt":"2019-10-28T11:41:20","slug":"utopia-e-desilusao","status":"publish","type":"post","link":"https:\/\/catolicanet.net\/wp-cnet\/utopia-e-desilusao\/","title":{"rendered":"UTOPIA E DESILUS\u00c3O"},"content":{"rendered":"<p style=\"text-align: justify;\">\u00a0 \u00a0 \u00a0 \u00a0 \u00a0 Sempre que um t\u00edtulo juntar dois temas antag\u00f4nicos ou mesmo similares, o leitor pode se precaver: aqui tem coisa. Pior ainda quando esses paralelos ocupam um espa\u00e7o religioso, dando sequ\u00eancia a um assunto que vem dividindo opini\u00f5es e criando ou alimentando um esp\u00edrito sect\u00e1rio dentro de comunidades de f\u00e9. Refiro-me ainda \u00e0s pol\u00eamicas que o S\u00ednodo da Amaz\u00f4nia vem provocando no seio do Povo de Deus, com cr\u00edticas e aplausos imposs\u00edveis de serem mensurados justamente. Seriam mais cr\u00edticas ou aplausos? Ainda \u00e9 cedo para uma avalia\u00e7\u00e3o isenta, mas com certeza o Esp\u00edrito Santo nos fornecer\u00e1 suas luzes.<\/p>\n<p style=\"text-align: justify;\">\u00a0\u00a0\u00a0\u00a0\u00a0\u00a0\u00a0\u00a0\u00a0 Quando se fala em utopia temos pela frente a impossibilidade de realiza\u00e7\u00e3o de alguns sonhos ou ideais que satisfa\u00e7am muitos interesses, sejam estes corporativos, pessoais, institucionais ou mesmo forjados pelas necessidades prim\u00e1rias de uma realidade comunit\u00e1ria, eclesial ou n\u00e3o. Recordando o encontro latino-americano dos bispos em Aparecida (2007), Papa Francisco fez seu o discurso de Bento XVI, citando-o em sua Carta Mission\u00e1ria deste ano. Para os povos latino-americanos e caribenhos a evangeliza\u00e7\u00e3o significou \u201cconhecer e acolher Cristo, o Deus desconhecido que os seus antepassados, sem o saber, buscavam nas suas ricas tradi\u00e7\u00f5es religiosas. Cristo era o Salvador que esperavam silenciosamente\u201d, disse o Papa Bento j\u00e1 naquela \u00e9poca. Palavras que desejo subscrev\u00ea-las, reafirma Francisco. E sentencia, ainda nessa subscri\u00e7\u00e3o: \u201cA utopia de voltar a dar vida \u00e0s religi\u00f5es pr\u00e9-colombianas, separando-as de Cristo e da Igreja universal, n\u00e3o seria um progresso, mas uma regress\u00e3o. Na realidade, seria uma involu\u00e7\u00e3o para um momento hist\u00f3rico ancorado no passado\u201d. Curiosamente, dois papas subscrevem uma afirmativa que hoje \u00e9 o piv\u00f4 das cr\u00edticas ao s\u00ednodo em curso.<\/p>\n<p style=\"text-align: justify;\">\u00a0\u00a0\u00a0\u00a0\u00a0\u00a0\u00a0\u00a0\u00a0 A desilus\u00e3o mora aqui. Tentar uma acusa\u00e7\u00e3o de falso proselitismo, de volta ao paganismo, de apoio \u00e0 idolatria, de toler\u00e2ncia \u00e0 ignor\u00e2ncia religiosa, de abandono ao culto \u00fanico e verdadeiro ao Deus \u00danico e Verdadeiro da f\u00e9 crist\u00e3, de sincretismo religioso para aumento de seguidores, ou de qualquer outra dessas balelas que vemos cuspidas sobre o rosto da Santa Igreja, \u00e9, deveras, a mais triste das desilus\u00f5es que maculam os princ\u00edpios milenares da f\u00e9 crist\u00e3.<\/p>\n<p style=\"text-align: justify;\">\u00a0\u00a0\u00a0\u00a0\u00a0\u00a0\u00a0\u00a0\u00a0 Portanto, ao acolher com velado respeito s\u00edmbolos e ritos estranhos aos sacramentais e rituais cat\u00f3licos, a Igreja n\u00e3o est\u00e1 incorporando seus simbolismos, mas dizendo serem estes princ\u00edpios de f\u00e9 que podem evoluir para um amadurecimento maior, na unidade com os ensinamentos crist\u00e3os de respeito, toler\u00e2ncia e compreens\u00e3o. S\u00e3o esses os princ\u00edpios basilares de uma evangeliza\u00e7\u00e3o paciente e verdadeiramente fraterna. Nunca for\u00e7ar, nem ironizar, nem condenar. Pior: atirar num rio&#8230; Apenas condescender, dando tempo ao tempo. \u00c9 nesse tempo que a a\u00e7\u00e3o misericordiosa de Deus vai agir. Isso n\u00e3o \u00e9 utopia crist\u00e3, mas pedagogia da f\u00e9. Respeito, toler\u00e2ncia e compreens\u00e3o&#8230;<\/p>\n<p style=\"text-align: justify;\">\u00a0\u00a0\u00a0\u00a0\u00a0\u00a0\u00a0\u00a0\u00a0 A desilus\u00e3o maior \u00e9 perceber que o desrespeito, a intoler\u00e2ncia e a incompreens\u00e3o nascem dentro das comunidades de f\u00e9. Aqueles que deveriam estar atentos e abertos a essa pr\u00e1tica (evangeliza\u00e7\u00e3o sem imposi\u00e7\u00f5es), s\u00e3o os primeiros a levantar suas bandeiras de fanatismo religioso, a gritar contra a maturidade de nossos bispos (verdadeiros mestres na diplomacia do di\u00e1logo inter-religioso) e, pasmem! \u2013 cat\u00f3licos de carteirinha e \u201ccomunh\u00e3o\u201d di\u00e1ria a rasgar publicamente o princ\u00edpio apost\u00f3lico da autoridade de Pedro&#8230; Paulo (seis deles) Jo\u00e3o Paulo (dois) ou Bento (dezesseis) ou Francisco (o primeiro com a coragem de despojamento do filho de Pietro de Bernardone). \u201cFrancisco, reconstr\u00f3i a minha Igreja!\u201d.<\/p>\n","protected":false},"excerpt":{"rendered":"<p>\u00a0 \u00a0 \u00a0 \u00a0 \u00a0 Sempre que um t\u00edtulo juntar dois temas antag\u00f4nicos ou mesmo similares, o leitor pode se precaver: aqui tem coisa. Pior ainda quando esses paralelos ocupam um espa\u00e7o religioso, dando sequ\u00eancia a um assunto que vem dividindo opini\u00f5es e criando ou alimentando um esp\u00edrito sect\u00e1rio dentro de comunidades de f\u00e9. Refiro-me [&hellip;]<\/p>\n","protected":false},"author":17,"featured_media":32776,"comment_status":"open","ping_status":"closed","sticky":false,"template":"","format":"standard","meta":{"footnotes":""},"categories":[9],"tags":[],"class_list":["post-55021","post","type-post","status-publish","format-standard","has-post-thumbnail","hentry","category-artigos"],"_links":{"self":[{"href":"https:\/\/catolicanet.net\/wp-cnet\/wp-json\/wp\/v2\/posts\/55021","targetHints":{"allow":["GET"]}}],"collection":[{"href":"https:\/\/catolicanet.net\/wp-cnet\/wp-json\/wp\/v2\/posts"}],"about":[{"href":"https:\/\/catolicanet.net\/wp-cnet\/wp-json\/wp\/v2\/types\/post"}],"author":[{"embeddable":true,"href":"https:\/\/catolicanet.net\/wp-cnet\/wp-json\/wp\/v2\/users\/17"}],"replies":[{"embeddable":true,"href":"https:\/\/catolicanet.net\/wp-cnet\/wp-json\/wp\/v2\/comments?post=55021"}],"version-history":[{"count":1,"href":"https:\/\/catolicanet.net\/wp-cnet\/wp-json\/wp\/v2\/posts\/55021\/revisions"}],"predecessor-version":[{"id":55022,"href":"https:\/\/catolicanet.net\/wp-cnet\/wp-json\/wp\/v2\/posts\/55021\/revisions\/55022"}],"wp:featuredmedia":[{"embeddable":true,"href":"https:\/\/catolicanet.net\/wp-cnet\/wp-json\/wp\/v2\/media\/32776"}],"wp:attachment":[{"href":"https:\/\/catolicanet.net\/wp-cnet\/wp-json\/wp\/v2\/media?parent=55021"}],"wp:term":[{"taxonomy":"category","embeddable":true,"href":"https:\/\/catolicanet.net\/wp-cnet\/wp-json\/wp\/v2\/categories?post=55021"},{"taxonomy":"post_tag","embeddable":true,"href":"https:\/\/catolicanet.net\/wp-cnet\/wp-json\/wp\/v2\/tags?post=55021"}],"curies":[{"name":"wp","href":"https:\/\/api.w.org\/{rel}","templated":true}]}}