{"id":5501,"date":"2015-01-27T15:53:26","date_gmt":"2015-01-27T17:53:26","guid":{"rendered":"http:\/\/catolicanet.net\/wp-cnet\/papa-francisco-orar-para-fazer-a-vontade-de-deus\/"},"modified":"2017-04-07T16:13:49","modified_gmt":"2017-04-07T19:13:49","slug":"papa-francisco-orar-para-fazer-a-vontade-de-deus","status":"publish","type":"post","link":"https:\/\/catolicanet.net\/wp-cnet\/papa-francisco-orar-para-fazer-a-vontade-de-deus\/","title":{"rendered":"Papa Francisco: orar para fazer a vontade de Deus"},"content":{"rendered":"<p style=\"text-align: center;\"><img decoding=\"async\" src=\"http:\/\/catolicanet.com.br\/images\/stories\/geral\/orar.jpg\" border=\"0\" \/><\/p>\n<p style=\"text-align: justify;\">\n<p>Ter\u00e7a-feira, 27 de janeiro, na Missa em Santa Marta o Papa Francisco afirmou que \u00e9 preciso rezar a Deus e pedir todos os dias a gra\u00e7a de entender e realizar a Sua vontade. Segundo o Santo Padre havia em tempos uma lei feita de prescri\u00e7\u00f5es e proibi\u00e7\u00f5es, de sangue de bois e cabras, \u201cantigos sacrif\u00edcios\u201d que n\u00e3o tinham a \u201cfor\u00e7a\u201d de \u201cperdoar os pecados\u201d, nem de fazer \u201cjusti\u00e7a\u201d. Ent\u00e3o, Cristo vem ao mundo e com sua subida \u00e0 Cruz, Jesus demonstrou qual \u00e9 o sacrif\u00edcio que mais agrada a Deus: n\u00e3o o holocausto de um animal, mas a oferta da pr\u00f3pria vontade para fazer a vontade do Pai.<\/p>\n<p>Realizar a vontade de Deus \u201cn\u00e3o \u00e9 f\u00e1cil\u201d \u2013 diz o Papa. N\u00e3o foi f\u00e1cil para Jesus que foi tentado no deserto e tamb\u00e9m no Jardim das Oliveiras, e com dor no cora\u00e7\u00e3o aceitou o supl\u00edcio que o aguardava. N\u00e3o foi f\u00e1cil para alguns disc\u00edpulos, que o deixaram porque n\u00e3o entenderam o que significava \u201cfazer a vontade do Pai\u201d. N\u00e3o o \u00e9 para n\u00f3s, a partir do momento que \u2013 notou o Papa \u2013 \u201ctodos os dias nos s\u00e3o apresentadas numa bandeja tantas op\u00e7\u00f5es\u201d. E ent\u00e3o, o Santo Padre interrogou-se sobre o que fazemos para realizar a vontade de Deus.<\/p>\n<p> \u201cEu rezo para que o Senhor me d\u00ea a vontade de fazer a sua vontade ou busco acordos porque tenho medo da vontade de Deus? Outra coisa: rezar para conhecer a vontade de Deus em rela\u00e7\u00e3o a mim e \u00e0 minha vida, sobre a decis\u00e3o que devo tomar agora. Sobre a maneira de administrar as coisas\u2026 A ora\u00e7\u00e3o para querer fazer a vontade de Deus, e a ora\u00e7\u00e3o para conhecer a Sua vontade. E quando conhe\u00e7o a vontade de Deus, com a ora\u00e7\u00e3o pela terceira vez: realiz\u00e1-la. Para realizar a vontade, que n\u00e3o \u00e9 a minha, mas \u00e9 Sua. E n\u00e3o \u00e9 f\u00e1cil\u201d.<\/p>\n<p>O Papa Francisco concluiu a sua homilia pedindo a Deus para que nos ajude a rezar para sentir, conhecer e realizar a Sua vontade:<\/p>\n<p>\u201cQue o Senhor nos d\u00ea a gra\u00e7a, a todos n\u00f3s, para que um dia possa dizer de n\u00f3s aquilo que disse daquele grupo, daquela multid\u00e3o que o seguia, daqueles que estavam sentados ao seu redor, como ouvimos no Evangelho: \u2018Eis minha m\u00e3e e os meus irm\u00e3os. Quem faz a vontade de Deus \u00e9 para mim irm\u00e3o, irm\u00e3 e m\u00e3e\u201d. Fazer a vontade de Deus faz-nos ser parte da fam\u00edlia de Jesus, faz-nos m\u00e3e, pai, irm\u00e3 e irm\u00e3o\u201d. (RS\/BF\/RB\/SP)<\/p>\n<p>Fonte: Radio Vaticano<\/p>\n","protected":false},"excerpt":{"rendered":"<p>Ter\u00e7a-feira, 27 de janeiro, na Missa em Santa Marta o Papa Francisco afirmou que \u00e9 preciso rezar a Deus e pedir todos os dias a gra\u00e7a de entender e realizar a Sua vontade. Segundo o Santo Padre havia em tempos uma lei feita de prescri\u00e7\u00f5es e proibi\u00e7\u00f5es, de sangue de bois e cabras, \u201cantigos sacrif\u00edcios\u201d [&hellip;]<\/p>\n","protected":false},"author":1,"featured_media":0,"comment_status":"closed","ping_status":"closed","sticky":false,"template":"","format":"standard","meta":{"footnotes":""},"categories":[3],"tags":[],"class_list":["post-5501","post","type-post","status-publish","format-standard","hentry","category-vaticano"],"_links":{"self":[{"href":"https:\/\/catolicanet.net\/wp-cnet\/wp-json\/wp\/v2\/posts\/5501","targetHints":{"allow":["GET"]}}],"collection":[{"href":"https:\/\/catolicanet.net\/wp-cnet\/wp-json\/wp\/v2\/posts"}],"about":[{"href":"https:\/\/catolicanet.net\/wp-cnet\/wp-json\/wp\/v2\/types\/post"}],"author":[{"embeddable":true,"href":"https:\/\/catolicanet.net\/wp-cnet\/wp-json\/wp\/v2\/users\/1"}],"replies":[{"embeddable":true,"href":"https:\/\/catolicanet.net\/wp-cnet\/wp-json\/wp\/v2\/comments?post=5501"}],"version-history":[{"count":1,"href":"https:\/\/catolicanet.net\/wp-cnet\/wp-json\/wp\/v2\/posts\/5501\/revisions"}],"predecessor-version":[{"id":10652,"href":"https:\/\/catolicanet.net\/wp-cnet\/wp-json\/wp\/v2\/posts\/5501\/revisions\/10652"}],"wp:attachment":[{"href":"https:\/\/catolicanet.net\/wp-cnet\/wp-json\/wp\/v2\/media?parent=5501"}],"wp:term":[{"taxonomy":"category","embeddable":true,"href":"https:\/\/catolicanet.net\/wp-cnet\/wp-json\/wp\/v2\/categories?post=5501"},{"taxonomy":"post_tag","embeddable":true,"href":"https:\/\/catolicanet.net\/wp-cnet\/wp-json\/wp\/v2\/tags?post=5501"}],"curies":[{"name":"wp","href":"https:\/\/api.w.org\/{rel}","templated":true}]}}