{"id":55004,"date":"2019-10-25T15:49:35","date_gmt":"2019-10-25T18:49:35","guid":{"rendered":"http:\/\/catolicanet.net\/wp-cnet\/?p=55004"},"modified":"2019-10-25T15:49:35","modified_gmt":"2019-10-25T18:49:35","slug":"sinodo-na-coletiva-de-imprensa-o-papel-das-maes-sinodais","status":"publish","type":"post","link":"https:\/\/catolicanet.net\/wp-cnet\/sinodo-na-coletiva-de-imprensa-o-papel-das-maes-sinodais\/","title":{"rendered":"S\u00ednodo: na coletiva de imprensa, o papel das &#8220;m\u00e3es sinodais&#8221;"},"content":{"rendered":"<div class=\"article__subTitle\" style=\"text-align: justify;\">A fala da religiosa equatoriana, Irm\u00e3 Zambrano Jara, foi muito aplaudida. A religiosa que trabalha na Col\u00f4mbia contou ter presenciado o Papa Francisco fazer-se aben\u00e7oar por dois ind\u00edgenas. O bispo de Prelazia de Maraj\u00f3 &#8211; PA, dom Spengler, explicou que o pedido do diaconato feminino \u00e9 bastante forte. Esta sexta-feira, a elei\u00e7\u00e3o do Conselho p\u00f3s-sinodal e a leitura do documento final<\/div>\n<div class=\"title__separator\" style=\"text-align: justify;\"><\/div>\n<div class=\"article__text\">\n<p style=\"text-align: justify;\"><b>Alessandro Di Bussolo \/ Raimundo de Lima &#8211; Cidade do Vaticano<\/b><\/p>\n<p style=\"text-align: justify;\">Voltam a reunir-se na Sala do S\u00ednodo, na tarde desta sexta-feira (25\/10), os 184 padres sinodais, os 55 auditores, os 25 especialistas e os 12 convidados especiais, protagonistas com o Papa Francisco do S\u00ednodo Especial para a Regi\u00e3o Pan-Amaz\u00f4nica.<\/p>\n<!--[if lt IE 9]><script>document.createElement('audio');<\/script><![endif]-->\n<audio class=\"wp-audio-shortcode\" id=\"audio-55004-1\" preload=\"none\" style=\"width: 100%;\" controls=\"controls\"><source type=\"audio\/mpeg\" src=\"https:\/\/media.vaticannews.va\/media\/audio\/s1\/2019\/10\/25\/18\/135303755_F135303755.mp3?_=1\" \/><a href=\"https:\/\/media.vaticannews.va\/media\/audio\/s1\/2019\/10\/25\/18\/135303755_F135303755.mp3\">https:\/\/media.vaticannews.va\/media\/audio\/s1\/2019\/10\/25\/18\/135303755_F135303755.mp3<\/a><\/audio>\n<p style=\"text-align: justify;\">Foi o que comunicou aos jornalistas, na coletiva di\u00e1ria na Sala de Imprensa da Santa S\u00e9, esta sexta-feira (25\/10), o prefeito do Dicast\u00e9rio para a Comunica\u00e7\u00e3o, <b>Paolo Ruffini<\/b>, explicando que na 15\u00aa Congrega\u00e7\u00e3o os padres sinodais elegeram, entre os bispos e os cardeais presentes, treze membros do Conselho p\u00f3s-sinodal: 4 do Brasil, 2 da Bol\u00edvia, 2 da Col\u00f4mbia, 2 de Peru, 1 das Antilhas, 1 do Equador e 1 da Venezuela.<\/p>\n<p style=\"text-align: justify;\">O Conselho ser\u00e1 depois completado por alguns membros de nomea\u00e7\u00e3o pontif\u00edcia, mas n\u00e3o ser\u00e3o a maioria. A Congrega\u00e7\u00e3o prossegue com a leitura do documento final que ser\u00e1 votado no s\u00e1bado \u00e0 tarde. Est\u00e1 redigido em espanhol como l\u00edngua oficial, mas com tradu\u00e7\u00f5es em portugu\u00eas, franc\u00eas, ingl\u00eas e italiano.<\/p>\n<h2 style=\"text-align: justify;\">Irm\u00e3 In\u00e9s: valorizar a mulher ind\u00edgena e camponesa<\/h2>\n<p style=\"text-align: justify;\">A primeira fala foi da <b>irm\u00e3 In\u00e9s Azucena Zambrano Jara<\/b>, das Irm\u00e3s Mission\u00e1rias de Maria Imaculada e de Santa Catarina de Sena, equatoriana que trabalha na Col\u00f4mbia. \u201cNossa Congrega\u00e7\u00e3o \u2013 explicou a religiosa \u2013 vive h\u00e1 105 anos ao lado dos ind\u00edgenas. Queremos valorizar a mulher ind\u00edgena e camponesa. Nosso carisma \u00e9 o acompanhamento, a presen\u00e7a ao lado dos ind\u00edgenas, para valorizar o seu protagonismo, que cresceu nestes anos, em defesa da dignidade e dos direitos deles.\u201d<\/p>\n<p style=\"text-align: justify;\">Em sua aplaudida interven\u00e7\u00e3o inicial, Irm\u00e3 In\u00e9s ressaltou que o S\u00ednodo que est\u00e1 se concluindo \u201cfoi uma escuta atenta de Deus, da voz da Amaz\u00f4nia, dos povos e da dor da M\u00e3e Terra\u201d. Uma escuta ativa num ambiente de testemunho, como o testemunho dado pelo Papa Francisco que, contou a religiosa, \u201cvi abaixar a cabe\u00e7a para permitir a dois ind\u00edgenas aben\u00e7o\u00e1-lo: foi um grande testemunho de evangeliza\u00e7\u00e3o\u201d, ressaltou.<\/p>\n<h2 style=\"text-align: justify;\">Igreja com rosto amaz\u00f4nico, sacerdotes e liturgia ind\u00edgenas<\/h2>\n<p style=\"text-align: justify;\">N\u00f3s mulheres, prosseguiu Irm\u00e3 In\u00e9s, que nos autodefinimos \u201cm\u00e3es sinodais\u201d, \u201cvivemos este S\u00ednodo com paix\u00e3o, porque aquilo que os povos ind\u00edgenas est\u00e3o vivendo \u00e9 uma grande dor\u201d. A esperan\u00e7a \u00e9 \u201cconstruir uma Igreja com rosto amaz\u00f4nico, como j\u00e1 em 1984 pedia S\u00e3o Jo\u00e3o Paulo II, quando dizia que \u00e9 preciso uma Igreja ind\u00edgena com sacerdotes pr\u00f3prios e uma liturgia pr\u00f3pria. Para realiz\u00e1-lo devemos aprofundar e viver a teologia ind\u00edgena, sua cosmologia, e isso se funda na aprendizagem das l\u00ednguas deles\u201d, continuou.<\/p>\n<p style=\"text-align: justify;\">\u201cEnquanto isso, devemos continuar trabalhando pelos direitos dos povos ind\u00edgenas, junto com as organiza\u00e7\u00f5es ind\u00edgenas. E trabalhamos por uma vida consagrada inculturada, itinerante, que vive com os povos ind\u00edgenas\u201d, concluiu a religiosa.<\/p>\n<h2 style=\"text-align: justify;\">Dom Spengler: 40% pede o diaconato feminino<\/h2>\n<p style=\"text-align: justify;\">Entre as propostas que ser\u00e3o apresentadas ao Papa Francisco no documento, poder\u00e1 encontrar-se a do diaconato feminino, explicou por sua vez o bispo da Prelazia de Maraj\u00f3 \u2013 PA, na foz do Rio Amazonas, <b>dom Evaristo Pascoal Spengler, O.F.M<\/b>.<\/p>\n<p style=\"text-align: justify;\">Relator do c\u00edrculo menor portugu\u00eas \u201cB\u201d, dom Spengler explicou aos jornalistas que \u201c40% da assembleia sinodal pediu a institui\u00e7\u00e3o de um minist\u00e9rio ordenado para as mulheres no seio da Igreja\u201d.<\/p>\n<p style=\"text-align: justify;\">Na hist\u00f3ria da Igreja, recordou o prelado, \u201ch\u00e1 profetas, mas tamb\u00e9m profetisas, que conduziram o povo de Deus. E naturalmente a figura mais importante \u00e9 Maria. S\u00e3o Paulo, em suas cartas, fala das diaconisas, e depois h\u00e1 tamb\u00e9m as Santas: do S\u00e9c. XII at\u00e9 hoje temos mais Santas que Santos\u201d.<\/p>\n<p style=\"text-align: justify;\">Na Amaz\u00f4nia, \u201ccerca de 60% das comunidades s\u00e3o guiadas por mulheres. Com a modifica\u00e7\u00e3o do c\u00f3digo can\u00f4nico querida por Bento XVI, o minist\u00e9rio diaconal para a liturgia, a palavra e a caridade foi separado da figura de Cristo, e isso permite abrir um caminho para se chegar ao diaconato feminino\u201d, concluiu o bispo de Maraj\u00f3.<\/p>\n<h2 style=\"text-align: justify;\">Um futuro rito amaz\u00f4nico pode prever os \u201cviri probati\u201d<\/h2>\n<p style=\"text-align: justify;\">Um jornalista perguntou se a institui\u00e7\u00e3o de um rito amaz\u00f4nico, como proposto mais vezes durante o S\u00ednodo, poderia permitir se chegar rapidamente \u00e0 ordena\u00e7\u00e3o sacerdotal de homens casados, os chamados \u201cviri probati\u201d.<\/p>\n<p style=\"text-align: justify;\">O secret\u00e1rio da Comiss\u00e3o para a Informa\u00e7\u00e3o do S\u00ednodo, <b>Pe. Giacomo Costa<\/b>, respondeu que sim, \u201cvez que se verifica tamb\u00e9m em outros ritos, mas se trata apenas de ila\u00e7\u00f5es\u201d, porque ainda n\u00e3o conhecemos o documento do S\u00ednodo e muito menos o que o Papa Francisco escrever\u00e1.<\/p>\n<p style=\"text-align: justify;\">Ruffini acrescentou que, em todo caso, ser\u00e1 imposs\u00edvel definir um novo rito da Igreja num par\u00e1grafo de um documento, e que eventualmente ser\u00e1 proposto somente \u201cum passo rumo\u201d a esse novo rito.<\/p>\n<\/div>\n","protected":false},"excerpt":{"rendered":"<p>A fala da religiosa equatoriana, Irm\u00e3 Zambrano Jara, foi muito aplaudida. A religiosa que trabalha na Col\u00f4mbia contou ter presenciado o Papa Francisco fazer-se aben\u00e7oar por dois ind\u00edgenas. O bispo de Prelazia de Maraj\u00f3 &#8211; PA, dom Spengler, explicou que o pedido do diaconato feminino \u00e9 bastante forte. Esta sexta-feira, a elei\u00e7\u00e3o do Conselho p\u00f3s-sinodal [&hellip;]<\/p>\n","protected":false},"author":1,"featured_media":55005,"comment_status":"open","ping_status":"closed","sticky":false,"template":"","format":"standard","meta":{"footnotes":""},"categories":[3],"tags":[],"class_list":["post-55004","post","type-post","status-publish","format-standard","has-post-thumbnail","hentry","category-vaticano"],"_links":{"self":[{"href":"https:\/\/catolicanet.net\/wp-cnet\/wp-json\/wp\/v2\/posts\/55004","targetHints":{"allow":["GET"]}}],"collection":[{"href":"https:\/\/catolicanet.net\/wp-cnet\/wp-json\/wp\/v2\/posts"}],"about":[{"href":"https:\/\/catolicanet.net\/wp-cnet\/wp-json\/wp\/v2\/types\/post"}],"author":[{"embeddable":true,"href":"https:\/\/catolicanet.net\/wp-cnet\/wp-json\/wp\/v2\/users\/1"}],"replies":[{"embeddable":true,"href":"https:\/\/catolicanet.net\/wp-cnet\/wp-json\/wp\/v2\/comments?post=55004"}],"version-history":[{"count":1,"href":"https:\/\/catolicanet.net\/wp-cnet\/wp-json\/wp\/v2\/posts\/55004\/revisions"}],"predecessor-version":[{"id":55006,"href":"https:\/\/catolicanet.net\/wp-cnet\/wp-json\/wp\/v2\/posts\/55004\/revisions\/55006"}],"wp:featuredmedia":[{"embeddable":true,"href":"https:\/\/catolicanet.net\/wp-cnet\/wp-json\/wp\/v2\/media\/55005"}],"wp:attachment":[{"href":"https:\/\/catolicanet.net\/wp-cnet\/wp-json\/wp\/v2\/media?parent=55004"}],"wp:term":[{"taxonomy":"category","embeddable":true,"href":"https:\/\/catolicanet.net\/wp-cnet\/wp-json\/wp\/v2\/categories?post=55004"},{"taxonomy":"post_tag","embeddable":true,"href":"https:\/\/catolicanet.net\/wp-cnet\/wp-json\/wp\/v2\/tags?post=55004"}],"curies":[{"name":"wp","href":"https:\/\/api.w.org\/{rel}","templated":true}]}}