{"id":54996,"date":"2019-10-25T10:19:29","date_gmt":"2019-10-25T13:19:29","guid":{"rendered":"http:\/\/catolicanet.net\/wp-cnet\/?p=54996"},"modified":"2019-10-25T10:19:29","modified_gmt":"2019-10-25T13:19:29","slug":"nossa-senhora-aparecida-e-o-desafio-das-aguas-do-rio-tiete","status":"publish","type":"post","link":"https:\/\/catolicanet.net\/wp-cnet\/nossa-senhora-aparecida-e-o-desafio-das-aguas-do-rio-tiete\/","title":{"rendered":"Nossa Senhora Aparecida e o desafio das \u00e1guas do Rio Tiet\u00ea"},"content":{"rendered":"<div class=\"io-div\" data-io-article-url=\"https:\/\/pt.aleteia.org\/2019\/10\/25\/nossa-senhora-aparecida-e-o-desafio-das-aguas-do-rio-tiete\/\">\n<h2 class=\"subtitle\" style=\"text-align: justify;\">Meditando sobre o milagre de Can\u00e1, dom Devair refletiu sobre a \u00e1gua que cada um teria a apresentar a Deus para que fosse transformada em vinho<\/h2>\n<div class=\"base-post-content\">A Arquidiocese de S\u00e3o Paulo realizou neste m\u00eas a 16\u00aa edi\u00e7\u00e3o do projeto \u201c<em>Tiet\u00ea, Esperan\u00e7a Aparecida<\/em>\u201c. Uma peregrina\u00e7\u00e3o fluvial partiu da nascente do Tiet\u00ea, em Sales\u00f3polis, SP, no dia 22 de setembro, passando por diversas cidades at\u00e9 chegar \u00e0 capital paulista no dia da Padroeira do Brasil, 12 de outubro.<\/p>\n<p style=\"text-align: justify;\">Na Ponte do Piqueri, j\u00e1 na capital, devotos aguardavam desde antes das 7h a passagem da embarca\u00e7\u00e3o com a imagem trazida pelo pe. Palmiro Carlos Paes, idealizador do projeto.<\/p>\n<figure class=\"wp-caption alignnone\" style=\"text-align: justify;\"><img loading=\"lazy\" decoding=\"async\" class=\"size-large\" src=\"https:\/\/i0.wp.com\/www.osaopaulo.org.br\/sites\/default\/files\/styles\/foto_slideshow\/public\/foto\/imagens\/tiete_02.jpg?quality=100&amp;strip=all\" width=\"1080\" height=\"610\" data-lazy-loaded=\"true\" \/><figcaption class=\"wp-caption-text\">Luciney Martins \/ O S\u00c3O PAULO<\/figcaption><\/figure>\n<p style=\"text-align: justify;\">Um grupo com bandeiras da Festa do Divino Esp\u00edrito Santo, tradi\u00e7\u00e3o da igreja matriz da Par\u00f3quia Nossa Senhora da Expecta\u00e7\u00e3o, na Brasil\u00e2ndia, acompanhou a carreata que levou a imagem peregrina de Nossa Senhora Aparecida at\u00e9 a Catedral da S\u00e9.<\/p>\n<figure class=\"wp-caption alignnone\" style=\"text-align: justify;\"><img loading=\"lazy\" decoding=\"async\" class=\"size-large\" src=\"https:\/\/i0.wp.com\/www.osaopaulo.org.br\/sites\/default\/files\/styles\/foto_slideshow\/public\/foto\/imagens\/tiete_08.jpg?quality=100&amp;strip=all\" width=\"1080\" height=\"610\" data-lazy-loaded=\"true\" \/><figcaption class=\"wp-caption-text\">Luciney Martins \/ O S\u00c3O PAULO<\/figcaption><\/figure>\n<p style=\"text-align: justify;\">Integrante do grupo que participa do projeto desde a primeira edi\u00e7\u00e3o, em 2004, Vagner Ant\u00f4nio de Lima declarou ao jornal O S\u00e3o Paulo, da arquidiocese paulistana, que a iniciativa religiosa tamb\u00e9m tem um car\u00e1ter de responsabilidade social:<\/p>\n<blockquote><p><em>\u201cEntendemos ser extremamente importante essa a\u00e7\u00e3o em prol da recupera\u00e7\u00e3o do Rio Tiet\u00ea. O rio fica muito pr\u00f3ximo ao bairro da Freguesia do \u00d3. Sentimos o dever de apoiar essa causa e chamar a aten\u00e7\u00e3o de nossos governantes\u201d.<\/em><\/p><\/blockquote>\n<p style=\"text-align: justify;\">Na Catedral da S\u00e9, a imagem foi saudada pelos fi\u00e9is e recebida por dom Devair Ara\u00fajo da Fonseca, bispo auxiliar da Arquidiocese na Regi\u00e3o Brasil\u00e2ndia. Ele presidiu a missa solene, concelebrada pelos padres Luiz Eduardo Baronto, Helmo Cesar Faccioli e Palmiro Carlos Paes.<\/p>\n<p style=\"text-align: justify;\">Na homilia, o bispo destacou:<\/p>\n<div class=\"nativo-inread\" style=\"text-align: justify;\"><\/div>\n<blockquote><p><em>\u201cO homem n\u00e3o \u00e9 chamado a escravizar a obra da cria\u00e7\u00e3o, mas a cuidar desta obra. Portanto, qualquer situa\u00e7\u00e3o que desconfigure a cria\u00e7\u00e3o de Deus, seja tirando a dignidade da pessoa humana, seja destruindo a obra da cria\u00e7\u00e3o, \u00e9 fruto do pecado\u201d.<\/em><\/p><\/blockquote>\n<p style=\"text-align: justify;\">Meditando sobre o Evangelho da Solenidade de Nossa Senhora Aparecida, o relato das Bodas de Can\u00e1 da Galileia (Jo 2,1-11), quando Jesus transformou \u00e1gua pura em vinho, dom Devair refletiu sobre a \u00e1gua que cada um teria a apresentar a Deus para que fosse transformada em vinho. Ele afirmou que a convers\u00e3o inclui o respeito pela natureza criada por Deus e exortou a todos a caminharem com Nossa Senhora por um mundo marcado pela presen\u00e7a divina.<\/p>\n<p style=\"text-align: justify;\">Ao final da celebra\u00e7\u00e3o, o pe. Palmiro Paes recordou o contraste entre \u00e1guas limpas e imundas encontrado ao longo do rio Tiet\u00ea e declarou que a devo\u00e7\u00e3o a Nossa Senhora Aparecida renova as esperan\u00e7as: a exemplo da pesca milagrosa de 1717, \u201c<em>quem sabe as redes que vamos tirar do Rio Tiet\u00ea n\u00e3o sejam redes de polui\u00e7\u00e3o, mas sejam redes cheias de esperan\u00e7a e alegria<\/em>\u201c.<\/p>\n<p style=\"text-align: justify;\">___________<\/p>\n<p style=\"text-align: justify;\">A partir de mat\u00e9ria de <a href=\"http:\/\/www.osaopaulo.org.br\/noticias\/imagem-de-nossa-senhora-aparecida-navega-pelas-aguas-do-rio-tiete\" target=\"_blank\" rel=\"noopener noreferrer\">O S\u00e3o Paulo<\/a><\/p>\n<\/div>\n<\/div>\n","protected":false},"excerpt":{"rendered":"<p>Meditando sobre o milagre de Can\u00e1, dom Devair refletiu sobre a \u00e1gua que cada um teria a apresentar a Deus para que fosse transformada em vinho A Arquidiocese de S\u00e3o Paulo realizou neste m\u00eas a 16\u00aa edi\u00e7\u00e3o do projeto \u201cTiet\u00ea, Esperan\u00e7a Aparecida\u201c. Uma peregrina\u00e7\u00e3o fluvial partiu da nascente do Tiet\u00ea, em Sales\u00f3polis, SP, no dia [&hellip;]<\/p>\n","protected":false},"author":1,"featured_media":54997,"comment_status":"open","ping_status":"closed","sticky":false,"template":"","format":"standard","meta":{"footnotes":""},"categories":[4],"tags":[],"class_list":["post-54996","post","type-post","status-publish","format-standard","has-post-thumbnail","hentry","category-cotidiano"],"_links":{"self":[{"href":"https:\/\/catolicanet.net\/wp-cnet\/wp-json\/wp\/v2\/posts\/54996","targetHints":{"allow":["GET"]}}],"collection":[{"href":"https:\/\/catolicanet.net\/wp-cnet\/wp-json\/wp\/v2\/posts"}],"about":[{"href":"https:\/\/catolicanet.net\/wp-cnet\/wp-json\/wp\/v2\/types\/post"}],"author":[{"embeddable":true,"href":"https:\/\/catolicanet.net\/wp-cnet\/wp-json\/wp\/v2\/users\/1"}],"replies":[{"embeddable":true,"href":"https:\/\/catolicanet.net\/wp-cnet\/wp-json\/wp\/v2\/comments?post=54996"}],"version-history":[{"count":1,"href":"https:\/\/catolicanet.net\/wp-cnet\/wp-json\/wp\/v2\/posts\/54996\/revisions"}],"predecessor-version":[{"id":54998,"href":"https:\/\/catolicanet.net\/wp-cnet\/wp-json\/wp\/v2\/posts\/54996\/revisions\/54998"}],"wp:featuredmedia":[{"embeddable":true,"href":"https:\/\/catolicanet.net\/wp-cnet\/wp-json\/wp\/v2\/media\/54997"}],"wp:attachment":[{"href":"https:\/\/catolicanet.net\/wp-cnet\/wp-json\/wp\/v2\/media?parent=54996"}],"wp:term":[{"taxonomy":"category","embeddable":true,"href":"https:\/\/catolicanet.net\/wp-cnet\/wp-json\/wp\/v2\/categories?post=54996"},{"taxonomy":"post_tag","embeddable":true,"href":"https:\/\/catolicanet.net\/wp-cnet\/wp-json\/wp\/v2\/tags?post=54996"}],"curies":[{"name":"wp","href":"https:\/\/api.w.org\/{rel}","templated":true}]}}