{"id":54987,"date":"2019-10-25T09:17:22","date_gmt":"2019-10-25T12:17:22","guid":{"rendered":"http:\/\/catolicanet.net\/wp-cnet\/?p=54987"},"modified":"2019-10-25T09:17:22","modified_gmt":"2019-10-25T12:17:22","slug":"os-beneficios-da-medicina","status":"publish","type":"post","link":"https:\/\/catolicanet.net\/wp-cnet\/os-beneficios-da-medicina\/","title":{"rendered":"Os benef\u00edcios da medicina"},"content":{"rendered":"<p><img loading=\"lazy\" decoding=\"async\" class=\"aligncenter wp-image-54988 size-full\" src=\"http:\/\/catolicanet.net\/wp-cnet\/wp-content\/uploads\/1-8.jpg\" alt=\"\" width=\"635\" height=\"521\" srcset=\"https:\/\/catolicanet.net\/wp-cnet\/wp-content\/uploads\/1-8.jpg 635w, https:\/\/catolicanet.net\/wp-cnet\/wp-content\/uploads\/1-8-300x246.jpg 300w, https:\/\/catolicanet.net\/wp-cnet\/wp-content\/uploads\/1-8-600x492.jpg 600w, https:\/\/catolicanet.net\/wp-cnet\/wp-content\/uploads\/1-8-512x420.jpg 512w\" sizes=\"auto, (max-width: 635px) 100vw, 635px\" \/><\/p>\n<p><strong>\u201cH\u00e1 dois objetivos na educa\u00e7\u00e3o m\u00e9dica: curar os doentes e promover a ci\u00eancia\u201d. &#8211; Charles H. Mayo (1865 &#8211; 1939) foi um m\u00e9dico americano, c\u00e9lebre pela funda\u00e7\u00e3o da famosa Cl\u00ednica Mayo.<\/strong><\/p>\n<p>O progresso cient\u00edfico no campo sanit\u00e1rio, os padr\u00f5es nutritivos das pessoas e o desenvolvimento da medicina em todos os campos, est\u00e3o mudando o quadro da sa\u00fade substancialmente.<\/p>\n<p>Atualmente, al\u00e9m da expectativa de vida nos pa\u00edses mais desenvolvidos est\u00e1 pr\u00f3ximo dos 80 anos, descobrir doen\u00e7as e cur\u00e1-las antes do nascimento \u00e9 u ma realidade.<\/p>\n<p>Nos \u00faltimos cem anos, foram tantas descobertas que \u00e9 dif\u00edcil apontar um marco mais importante para a humanidade na \u00e1rea das ci\u00eancias m\u00e9dicas. Mas, pode-se dizer que ela tem tr\u00eas fases decisivas: a inven\u00e7\u00e3o da penicilina, das vacinas e a previs\u00e3o das doen\u00e7as atrav\u00e9s do DNA.<\/p>\n<p>O avan\u00e7o cient\u00edfico na medicina nas primeiras d\u00e9cadas do s\u00e9culo XX, tamb\u00e9m se deu no setor da endocrinologia. Os portadores de\u00a0diabetes\u00a0t\u00eam hoje a possibilidade de controlar a doen\u00e7a atrav\u00e9s da insulina, conseguindo manter uma qualidade de vida satisfat\u00f3ria.<\/p>\n<p>De acordo com os oncologistas, o check-up para c\u00e2ncer \u00e9 o que mais apresenta resultados positivos. O\u00a0c\u00e2ncer\u00a0da pr\u00f3stata, por exemplo, se diagnosticado em sua fase inicial, a chance de cura varia de 70% a 90%.<\/p>\n<p>Com rela\u00e7\u00e3o ao\u00a0c\u00e2ncer\u00a0de mama, com os avan\u00e7os da t\u00e9cnica de\u00a0mamografia\u00a0eles tiveram, nos \u00faltimos anos, uma redu\u00e7\u00e3o de 30%. Atualmente \u00e9 poss\u00edvel com esse exame, perceber tumores de meio mil\u00edmetro e, se detectados nesta fase, 90% deles t\u00eam possibilidade de cura. Os m\u00e9dicos recomendam que as mulheres devem submeter ao exame de\u00a0mamografia\u00a0anualmente ou semestralmente, a partir dos 40 anos, desde que n\u00e3o tenham parentes que tiveram a doen\u00e7a antes da menopausa, que \u00e9 a fase mais cr\u00edtica para o surgimento da doen\u00e7a.<\/p>\n<p><strong>Projeto genoma<\/strong><\/p>\n<p>Trata-se do mapeamento de todos os genes do corpo humano (DNA) e ser\u00e1 de suma import\u00e2ncia para as futuras gera\u00e7\u00f5es, pois vai possibilitar a preven\u00e7\u00e3o de doen\u00e7as heredit\u00e1rias ou pelo menos amenizar seus sintomas.<\/p>\n<p>A previs\u00e3o dos cientistas envolvidos no projeto \u00e9 que daqui a 50 anos, a terapia gen\u00e9tica estar\u00e1 dispon\u00edvel para a maioria das doen\u00e7as e a expectativa de vida do homem chegar\u00e1 aos 90 anos. Hoje, j\u00e1 \u00e9 poss\u00edvel saber se o DNA de uma pessoa acusa a predisposi\u00e7\u00e3o de certos tipos de c\u00e2ncer, e a partir desta constata\u00e7\u00e3o, aplicar um tratamento preventivo no paciente.<\/p>\n<p><strong>Desconstruindo as crendices<\/strong><\/p>\n<p><strong>Vivendo no per\u00edodo mais cruel da Hist\u00f3ria do Brasil, o regime escravocrata, o insigne intelectual sergipano Dr. Tobias Barreto de Meneses, fez uma pergunta de dif\u00edcil resposta: \u201cSe o homem chora e continua escravo, de que foi que Jesus salvar-nos veio?\u201d.<\/strong><\/p>\n<p>Ele veio salvar-nos de qu\u00ea? Da quantidade astron\u00f4mica de livros ditos sagrados, in\u00fameros documentos, do dogmatismo, das profecias, das vis\u00f5es, das revela\u00e7\u00f5es, da ditadura hier\u00e1rquica, de Herodes, de Pilatos, do Sin\u00e9drio, de C\u00e9sar, das obriga\u00e7\u00f5es dizim\u00edsticas, dos cismas, das crendices, da manipula\u00e7\u00e3o, da escravid\u00e3o do medo, da patologia religiosa, da persegui\u00e7\u00e3o, da hipocrisia? N\u00e3o h\u00e1 d\u00favida que a mais terr\u00edvel escravid\u00e3o \u00e9 a mental imbu\u00edda de crendices!<\/p>\n<p>\u201cReligi\u00f5es que d\u00e3o \u00eanfase ao inferno e ao diabo atraem mais dinheiro dos f\u00e9is. A riqueza das religi\u00f5es, de maneira muito semelhante \u00e0 riqueza das na\u00e7\u00f5es. As finan\u00e7as das religi\u00f5es n\u00e3o s\u00e3o transparentes para o p\u00fablico nem s\u00e3o monitoradas\u201d, afirma Dra. Rachel M. McCleary, PhD. \u00c9 professora do Departamento de Economia da Harvard University e pesquisadora da Hoover Institution da Stanford University. Seu campo de atua\u00e7\u00e3o \u00e9 a economia pol\u00edtica da religi\u00e3o e ci\u00eancia pol\u00edtica.<\/p>\n<p>\u201cFeiticeiros, xam\u00e3s, videntes, santos milagreiros e charlat\u00e3es de toda esp\u00e9cie manipulam as inseguran\u00e7as humanas diante da incapacidade de moldarmos o mundo segundo nossa vontade, do medo da decad\u00eancia f\u00edsica, do desconhecido e da contradi\u00e7\u00e3o imposta pela morte\u201d, afirma <strong>Dr. Drauzio Varella que \u00e9 um renomado m\u00e9dico oncologista e escritor brasileiro. \u201c<\/strong>O ensino da ci\u00eancia e dos princ\u00edpios cient\u00edficos, j\u00e1 na escola prim\u00e1ria, \u00e9 a \u00fanica solu\u00e7\u00e3o para se combater o \u201cpensamento m\u00e1gico\u201d de pastores que exploram a f\u00e9 alheia para se enriquecer e de curandeiros em geral\u201d, declara Dr. Varella.<\/p>\n<p>O confronto da ci\u00eancia com as trevas das crendices religiosas \u00e9 um desafio gigantesco em prol da liberta\u00e7\u00e3o dos enormes erros e danos que elas causam \u00e0 massa humana.<\/p>\n<p>A neurocientista\u00a0Dra. Kathleen Taylor da Universidade de Oxford, Inglaterra, defende a tese de que o fundamentalismo religioso \u00e9 um transtorno mental e como tal deve ser tratado. \u201cPessoas de certas cren\u00e7as precisam de tratamento\u201d. Para a sociedade, afirmou, isso seria muito positivo, \u201cporque n\u00e3o h\u00e1 d\u00favida de que algumas cren\u00e7as causam um monte de danos\u201d.<\/p>\n<p><strong>Conclus\u00e3o<\/strong><\/p>\n<p>A falta do conhecimento cientifico, da vis\u00e3o de mundo, dos direitos constitucionais, da boa literatura cl\u00e1ssica, da vida pessoal e mental dos l\u00edderes religiosos e o mais grave o n\u00e3o saber da verdadeira interpreta\u00e7\u00e3o dos livros ditos sagrados. A aus\u00eancia da hermen\u00eautica \u00e9 mortal. Como tamb\u00e9m da ortodoxa espiritualidade, ou seja, a dimens\u00e3o transcendental sem heresia e sem interesse econ\u00f4mico. Se oculta a gan\u00e2ncia financeira de forma inteligente e maquiav\u00e9lica nos bastidores das famigeradas espiritualidades ou nos \u201cm\u00edsticos\u201d dos espiritualismos.<\/p>\n<p><strong>Esse pequeno artigo tem como objetivo impactar o leitor, despertar a sua consci\u00eancia e conduzi-lo ao estudo da ci\u00eancia para n\u00e3o ser enganado por tantas crendices, supersti\u00e7\u00f5es e jamais ser guiado por l\u00edderes religiosos capitalistas, de mente doentia e tomado pela lux\u00faria que usam o nome de \u201cDeus\u201d para seus v\u00edcios, crimes e loucuras!<\/strong><\/p>\n<p><strong>\u00a0<\/strong><\/p>\n<p>Dr. In\u00e1cio Jos\u00e9 do Vale<\/p>\n<p>Psicanalista Cl\u00ednico, PhD<\/p>\n<p>Professor de P\u00f3s-Gradua\u00e7\u00e3o na Faculdade Norte do Paran\u00e1<\/p>\n<p>Membro da Sociedade Brasileira de Psican\u00e1lise Contempor\u00e2nea\/RJ.<\/p>\n<p>&nbsp;<\/p>\n<p>Fontes:<\/p>\n<p><a href=\"https:\/\/brasiltelemedicina.com.br\/artigo\/os-avancos-da-medicina-e-os-seus-beneficios\/\">https:\/\/brasiltelemedicina.com.br\/artigo\/os-avancos-da-medicina-e-os-seus-beneficios\/<\/a><\/p>\n<p><a href=\"https:\/\/www.paulopes.com.br\/2011\/08\/religioes-que-dao-enfase-crenca-no.html#.Xar-yflKjIU\">https:\/\/www.paulopes.com.br\/2011\/08\/religioes-que-dao-enfase-crenca-no.html#.Xar-yflKjIU<\/a><\/p>\n<p>https:\/\/www.paulopes.com.br\/2011\/08\/religioes-que-dao-enfase-crenca-no.html#.Xar-yflKjIU<\/p>\n<p>https:\/\/translate.google.com.br\/translate?hl=pt-BR&#038;sl=en&#038;u=https:\/\/scholar.harvard.edu\/mccleary\/home&#038;prev=search<\/p>\n<p>https:\/\/www.paulopes.com.br\/2013\/08\/fundamentalismo-eh-disturbio-mental-diz-cientista.html#.XbGD3PlKjIV<\/p>\n","protected":false},"excerpt":{"rendered":"<p>\u201cH\u00e1 dois objetivos na educa\u00e7\u00e3o m\u00e9dica: curar os doentes e promover a ci\u00eancia\u201d. &#8211; Charles H. Mayo (1865 &#8211; 1939) foi um m\u00e9dico americano, c\u00e9lebre pela funda\u00e7\u00e3o da famosa Cl\u00ednica Mayo. O progresso cient\u00edfico no campo sanit\u00e1rio, os padr\u00f5es nutritivos das pessoas e o desenvolvimento da medicina em todos os campos, est\u00e3o mudando o quadro [&hellip;]<\/p>\n","protected":false},"author":16,"featured_media":32788,"comment_status":"open","ping_status":"closed","sticky":false,"template":"","format":"standard","meta":{"footnotes":""},"categories":[9],"tags":[],"class_list":["post-54987","post","type-post","status-publish","format-standard","has-post-thumbnail","hentry","category-artigos"],"_links":{"self":[{"href":"https:\/\/catolicanet.net\/wp-cnet\/wp-json\/wp\/v2\/posts\/54987","targetHints":{"allow":["GET"]}}],"collection":[{"href":"https:\/\/catolicanet.net\/wp-cnet\/wp-json\/wp\/v2\/posts"}],"about":[{"href":"https:\/\/catolicanet.net\/wp-cnet\/wp-json\/wp\/v2\/types\/post"}],"author":[{"embeddable":true,"href":"https:\/\/catolicanet.net\/wp-cnet\/wp-json\/wp\/v2\/users\/16"}],"replies":[{"embeddable":true,"href":"https:\/\/catolicanet.net\/wp-cnet\/wp-json\/wp\/v2\/comments?post=54987"}],"version-history":[{"count":1,"href":"https:\/\/catolicanet.net\/wp-cnet\/wp-json\/wp\/v2\/posts\/54987\/revisions"}],"predecessor-version":[{"id":54989,"href":"https:\/\/catolicanet.net\/wp-cnet\/wp-json\/wp\/v2\/posts\/54987\/revisions\/54989"}],"wp:featuredmedia":[{"embeddable":true,"href":"https:\/\/catolicanet.net\/wp-cnet\/wp-json\/wp\/v2\/media\/32788"}],"wp:attachment":[{"href":"https:\/\/catolicanet.net\/wp-cnet\/wp-json\/wp\/v2\/media?parent=54987"}],"wp:term":[{"taxonomy":"category","embeddable":true,"href":"https:\/\/catolicanet.net\/wp-cnet\/wp-json\/wp\/v2\/categories?post=54987"},{"taxonomy":"post_tag","embeddable":true,"href":"https:\/\/catolicanet.net\/wp-cnet\/wp-json\/wp\/v2\/tags?post=54987"}],"curies":[{"name":"wp","href":"https:\/\/api.w.org\/{rel}","templated":true}]}}