{"id":54980,"date":"2019-10-25T08:49:52","date_gmt":"2019-10-25T11:49:52","guid":{"rendered":"http:\/\/catolicanet.net\/wp-cnet\/?p=54980"},"modified":"2019-10-25T08:49:52","modified_gmt":"2019-10-25T11:49:52","slug":"papa-na-luta-interior-entre-o-bem-e-o-mal-escolhamos-a-salvacao","status":"publish","type":"post","link":"https:\/\/catolicanet.net\/wp-cnet\/papa-na-luta-interior-entre-o-bem-e-o-mal-escolhamos-a-salvacao\/","title":{"rendered":"Papa: na luta interior entre o bem e o mal, escolhamos a salva\u00e7\u00e3o"},"content":{"rendered":"<div class=\"article__subTitle\" style=\"text-align: justify;\">Na manh\u00e3 desta sexta-feira (25\/10), o Papa Francisco celebrou a missa na capela de sua resid\u00eancia e falou da luta cotidiana entre o bem o mal. &#8220;\u00c0s vezes, sabemos o que acontece na casa dos vizinhos, mas n\u00e3o sabemos o que acontece dentro de n\u00f3s.&#8221;<\/div>\n<div class=\"title__separator\" style=\"text-align: justify;\"><\/div>\n<div class=\"article__text\">\n<p style=\"text-align: justify;\"><b>Giada Aquilino &#8211; Cidade do Vaticano<\/b><\/p>\n<p style=\"text-align: justify;\">Pe\u00e7amos ao Senhor a \u201cluz\u201d para \u201cconhecer bem\u201d o que acontece dentro de n\u00f3s. Esta foi a invoca\u00e7\u00e3o do Papa Francisco na missa matutina na Casa Santa Marta. Refletindo sobre a Primeira Leitura, extra\u00edda da Carta de S\u00e3o Paulo aos Romanos, o Pont\u00edfice falou da \u201cluta interior\u201d e \u201ccont\u00ednua\u201d do Ap\u00f3stolo dos gentios \u201centre o desejo de fazer o bem e o n\u00e3o ser capaz de realiz\u00e1-lo\u201d, uma verdadeira guerra dentro dele.<\/p>\n<!--[if lt IE 9]><script>document.createElement('audio');<\/script><![endif]-->\n<audio class=\"wp-audio-shortcode\" id=\"audio-54980-1\" preload=\"none\" style=\"width: 100%;\" controls=\"controls\"><source type=\"audio\/mpeg\" src=\"https:\/\/media.vaticannews.va\/media\/audio\/s1\/2019\/10\/25\/11\/135302291_F135302291.mp3?_=1\" \/><a href=\"https:\/\/media.vaticannews.va\/media\/audio\/s1\/2019\/10\/25\/11\/135302291_F135302291.mp3\">https:\/\/media.vaticannews.va\/media\/audio\/s1\/2019\/10\/25\/11\/135302291_F135302291.mp3<\/a><\/audio>\n<h2 style=\"text-align: justify;\">Uma luta de todos n\u00f3s<\/h2>\n<p style=\"text-align: justify;\">Algu\u00e9m poderia se perguntar, disse o Papa, se, realizando o \u201cmal que n\u00e3o quer\u201d, S\u00e3o Paulo esteja no \u201cinferno\u201d, seja \u201cum derrotado\u201d: ou \u201c\u00e9 um santo\u201d, porque \u201ctamb\u00e9m os santos sentem esta guerra dentro de si mesmos\u201d. \u00c9 \u201cuma lei para todos\u201d, \u201cuma guerra de todos os dias\u201d.<\/p>\n<p style=\"text-align: justify;\"><i>\u00c9 uma luta entre o bem e o mal; mas n\u00e3o um bem abstrato e um mal abstrato: entre o bem que o Esp\u00edrito Santo\u00a0nos inspira a fazer e o mal ao qual nos inspira a fazeer o esp\u00edrito maldoso. \u00c9 uma luta. \u00c9 uma luta de todos n\u00f3s. Se algu\u00e9m de n\u00f3s dissesse: \u201cMas eu n\u00e3o sinto isso, eu sou um beato, vivo tranquilo, em paz, n\u00e3o sinto \u2026\u201d, eu diria: \u201cVoc\u00ea n\u00e3o \u00e9 beato: voc\u00ea \u00e9 um anestesiado, que n\u00e3o entende o que acontece\u201d.<\/i><\/p>\n<h2 style=\"text-align: justify;\">Uma vida de rua<\/h2>\n<p style=\"text-align: justify;\">Nesta luta cotidiana, acrescentou, hoje \u201cvencemos\u201d uma, amanh\u00e3 se houver outra e depois de amanh\u00e3 mais uma, \u201cat\u00e9 o fim\u201d. O Papa pensou tamb\u00e9m nos m\u00e1rtires, que \u201ctiveram que lutar at\u00e9 o fim para manter a f\u00e9\u201d. E nos santos, como Teresinha do Menino Jesus, para a qual \u201ca luta mais dura era o momento final\u201d, no leito de morte, porque sentia que \u201co mau esp\u00edrito\u201d queria subtrai-la ao Senhor. Existem momentos \u201cextraordin\u00e1rios de luta\u201d &#8211; constatou o Papa \u2013 mas tamb\u00e9m \u201cmomentos ordin\u00e1rios, de todos os dias\u201d.<\/p>\n<p style=\"text-align: justify;\">A este ponto, Francisco evocou o Evangelho de Lucas, em que Jesus diz \u00e0s multid\u00f5es e, ao mesmo tempo, \u201ca todos n\u00f3s\u201d: \u00abV\u00f3s sabeis interpretar o aspecto da terra e do c\u00e9u. Como \u00e9 que n\u00e3o sabeis interpretar o tempo presente?\u00bb.<\/p>\n<p style=\"text-align: justify;\"><i>Muitas vezes n\u00f3s crist\u00e3os estamos atarefados em muitas coisas, inclusive boas; mas o que acontece dentro de voc\u00ea? Quem o inspira? Qual \u00e9 a sua tend\u00eancia espiritual? Quem o leva a fazer isso? A nossa vida habitualmente \u00e9 como uma vida de rua: andamos pelas ruas da vida\u2026 quando caminhamos na rua, olhamos somente para aquilo que nos interessa; n\u00e3o vemos as outras coisas.<\/i><\/p>\n<h2 style=\"text-align: justify;\">Gra\u00e7a e pecado<\/h2>\n<p style=\"text-align: justify;\">A luta, explicou o Papa, \u201c\u00e9 sempre entre a gra\u00e7a e o pecado, entre o Senhor que nos quer salvar e nos tirar desta tenta\u00e7\u00e3o e o esp\u00edrito mau que sempre nos derruba\u201d para \u201cnos vencer\u201d. O convite do Pont\u00edfice \u00e9 para nos perguntar se algu\u00e9m de n\u00f3s \u00e9 \u201cuma pessoa de rua que vai e vem sem perceber o que acontece\u201d e se as nossas decis\u00f5es s\u00e3o \u201cdo Senhor\u201d ou s\u00e3o ditadas pelo nosso \u201cego\u00edsmo\u201d, \u201cpelo diabo\u201d.<\/p>\n<p style=\"text-align: justify;\"><i>\u00c9 importante conhecer o que acontece dentro de n\u00f3s. \u00c9 importante viver um pouco interiormente, e n\u00e3o deixar que a nossa alma seja uma rua onde todos passam. \u201cE como se faz isso, Padre?\u201d. Antes de terminar o dia, pegue dois ou tr\u00eas minutos: o que aconteceu hoje de importante dentro de mim? Sim, senti um pouco de \u00f3dio e falei mal; fiz aquela obra de caridade\u2026 Quem o ajudou a fazer essas coisas, sejam ruins ou boas? E nos fazer essas perguntas para conhecer o que acontece dentro de n\u00f3s. \u00c0s vezes, com aquela alma faladora que todos temos, sabemos o que acontece no bairro, o que acontece na casa dos vizinhos, mas n\u00e3o sabemos o que acontece dentro de n\u00f3s.\u00a0<\/i><\/p>\n<\/div>\n","protected":false},"excerpt":{"rendered":"<p>Na manh\u00e3 desta sexta-feira (25\/10), o Papa Francisco celebrou a missa na capela de sua resid\u00eancia e falou da luta cotidiana entre o bem o mal. &#8220;\u00c0s vezes, sabemos o que acontece na casa dos vizinhos, mas n\u00e3o sabemos o que acontece dentro de n\u00f3s.&#8221; Giada Aquilino &#8211; Cidade do Vaticano Pe\u00e7amos ao Senhor a [&hellip;]<\/p>\n","protected":false},"author":1,"featured_media":54981,"comment_status":"open","ping_status":"closed","sticky":false,"template":"","format":"standard","meta":{"footnotes":""},"categories":[13,3],"tags":[],"class_list":["post-54980","post","type-post","status-publish","format-standard","has-post-thumbnail","hentry","category-featured","category-vaticano"],"_links":{"self":[{"href":"https:\/\/catolicanet.net\/wp-cnet\/wp-json\/wp\/v2\/posts\/54980","targetHints":{"allow":["GET"]}}],"collection":[{"href":"https:\/\/catolicanet.net\/wp-cnet\/wp-json\/wp\/v2\/posts"}],"about":[{"href":"https:\/\/catolicanet.net\/wp-cnet\/wp-json\/wp\/v2\/types\/post"}],"author":[{"embeddable":true,"href":"https:\/\/catolicanet.net\/wp-cnet\/wp-json\/wp\/v2\/users\/1"}],"replies":[{"embeddable":true,"href":"https:\/\/catolicanet.net\/wp-cnet\/wp-json\/wp\/v2\/comments?post=54980"}],"version-history":[{"count":1,"href":"https:\/\/catolicanet.net\/wp-cnet\/wp-json\/wp\/v2\/posts\/54980\/revisions"}],"predecessor-version":[{"id":54982,"href":"https:\/\/catolicanet.net\/wp-cnet\/wp-json\/wp\/v2\/posts\/54980\/revisions\/54982"}],"wp:featuredmedia":[{"embeddable":true,"href":"https:\/\/catolicanet.net\/wp-cnet\/wp-json\/wp\/v2\/media\/54981"}],"wp:attachment":[{"href":"https:\/\/catolicanet.net\/wp-cnet\/wp-json\/wp\/v2\/media?parent=54980"}],"wp:term":[{"taxonomy":"category","embeddable":true,"href":"https:\/\/catolicanet.net\/wp-cnet\/wp-json\/wp\/v2\/categories?post=54980"},{"taxonomy":"post_tag","embeddable":true,"href":"https:\/\/catolicanet.net\/wp-cnet\/wp-json\/wp\/v2\/tags?post=54980"}],"curies":[{"name":"wp","href":"https:\/\/api.w.org\/{rel}","templated":true}]}}