{"id":54946,"date":"2019-10-24T11:19:10","date_gmt":"2019-10-24T14:19:10","guid":{"rendered":"http:\/\/catolicanet.net\/wp-cnet\/?p=54946"},"modified":"2019-10-24T11:19:10","modified_gmt":"2019-10-24T14:19:10","slug":"papa-francisco-as-razoes-cristas-para-o-cuidado-da-criacao","status":"publish","type":"post","link":"https:\/\/catolicanet.net\/wp-cnet\/papa-francisco-as-razoes-cristas-para-o-cuidado-da-criacao\/","title":{"rendered":"Papa Francisco: as raz\u00f5es crist\u00e3s para o cuidado da cria\u00e7\u00e3o"},"content":{"rendered":"<div class=\"article__subTitle\" style=\"text-align: justify;\">Em concomit\u00e2ncia com os \u00faltimos dias do S\u00ednodo para a Amaz\u00f4nia e quatro anos ap\u00f3s a Laudato si\u2019, foi publicado um livro que re\u00fane textos e discursos do Papa Francisco sobre o meio ambiente, al\u00e9m de um escrito in\u00e9dito, com o objetivo de explicar a vis\u00e3o crist\u00e3 da ecologia<\/div>\n<div class=\"title__separator\" style=\"text-align: justify;\"><\/div>\n<div class=\"article__text\">\n<p style=\"text-align: justify;\"><b>Cidade do Vaticano<\/b><\/p>\n<p style=\"text-align: justify;\">Foi lan\u00e7ado nesta quinta-feira (24) o livro \u201cNostra Madre Terra. Una lettura cristiana della sfida dell&#8217;ambiente&#8221;, com textos de documentos do Papa Francisco sobre o meio ambiente, entre os quais um in\u00e9dito (j\u00e1 publicado pelo <i>Vatican News<\/i> em 16 de outubro) e com o pref\u00e1cio do Patriarca Ecum\u00eanico Bartolomeu I. O Patriarca recorda as etapas da colabora\u00e7\u00e3o com o Santo Padre, principalmente nas mensagens por ocasi\u00e3o do Dia Mundial de Ora\u00e7\u00e3o pelo Cuidado da Cria\u00e7\u00e3o, institu\u00eddo em 2015, que une a Igreja Cat\u00f3lica e a Ortodoxa na comum \u201cpreocupa\u00e7\u00e3o pelo futuro da cria\u00e7\u00e3o\u201d.<\/p>\n<!--[if lt IE 9]><script>document.createElement('audio');<\/script><![endif]-->\n<audio class=\"wp-audio-shortcode\" id=\"audio-54946-1\" preload=\"none\" style=\"width: 100%;\" controls=\"controls\"><source type=\"audio\/mpeg\" src=\"https:\/\/media.vaticannews.va\/media\/audio\/s1\/2019\/10\/24\/11\/135298112_F135298112.mp3?_=1\" \/><a href=\"https:\/\/media.vaticannews.va\/media\/audio\/s1\/2019\/10\/24\/11\/135298112_F135298112.mp3\">https:\/\/media.vaticannews.va\/media\/audio\/s1\/2019\/10\/24\/11\/135298112_F135298112.mp3<\/a><\/audio>\n<h2 style=\"text-align: justify;\"><b>Unidade da fam\u00edlia humana<\/b><\/h2>\n<p style=\"text-align: justify;\">No primeiro cap\u00edtulo, \u201cVis\u00e3o \u00edntegra\u201d, foram selecionados alguns textos, principalmente trechos da <i>Laudato si\u2019<\/i>, que mostram a necessidade de proteger a nossa casa comum atrav\u00e9s da uni\u00e3o de \u201ctoda a fam\u00edlia humana na busca de um desenvolvimento sustent\u00e1vel e integral\u201d. Esta premissa \u00e9 desenvolvida no cap\u00edtulo \u201cDe um desafio atual a uma oportunidade global\u201d por meio da an\u00e1lise de alguns trechos da Enc\u00edclica do Papa Francisco sobre a crise ambiental dos nossos dias, onde polui\u00e7\u00e3o, aquecimento global, mudan\u00e7as clim\u00e1ticas, perda de biodiversidades s\u00e3o o efeito de uma explora\u00e7\u00e3o incontrolada destinada a crescer rapidamente se n\u00e3o forem tomadas medidas imediatas para uma mudan\u00e7a de dire\u00e7\u00e3o. \u00c9 necess\u00e1ria a convers\u00e3o ambiental \u2013 observa o Papa \u2013 poss\u00edvel atrav\u00e9s da promo\u00e7\u00e3o de uma verdadeira educa\u00e7\u00e3o ecol\u00f3gica que crie, principalmente nos jovens, uma conscientiza\u00e7\u00e3o e portanto uma consci\u00eancia renovada.<\/p>\n<h2 style=\"text-align: justify;\"><b>Uma leitura espiritual da ecologia<\/b><\/h2>\n<p style=\"text-align: justify;\">No escrito in\u00e9dito que conclui o livro \u201cNostra Madre Terra\u201d, Papa Francisco oferece a todos n\u00f3s uma vis\u00e3o mais ampla de um assunto que n\u00e3o \u00e9 simples preocupa\u00e7\u00e3o para a salvaguarda do meio ambiente. Mesmo compartilhando muitos aspectos, n\u00e3o \u00e9 compar\u00e1vel a uma vis\u00e3o leiga da ecologia. De fato, desenvolve a chamada teologia da ecologia em um discurso profundamente espiritual.<\/p>\n<div style=\"text-align: justify;\">\n<aside class=\"article__readmore\">\n<div class=\"teaser--labelEvidence teaser teaser--type-article\">\n<article>\n<div class=\"teaser__labelWrapper\"><\/div>\n<\/article>\n<\/div>\n<\/aside>\n<\/div>\n<div style=\"text-align: justify;\">\n<aside class=\"article__readmore\">\n<div class=\"teaser--labelEvidence teaser teaser--type-article\">\n<article>\n<div class=\"teaser__contentWrapper\">\n<div><b style=\"color: #111111; font-family: Roboto, sans-serif; font-size: 27px;\">O amor de Deus no centro de tudo<\/b><\/div>\n<\/div>\n<\/article>\n<\/div>\n<\/aside>\n<\/div>\n<p style=\"text-align: justify;\">A cria\u00e7\u00e3o \u00e9 fruto do amor de Deus. O amor de Deus para com cada uma das suas criaturas e principalmente pelo homem ao qual deu o dom da cria\u00e7\u00e3o, lugar em que \u201csomos convidados a descobrir uma presen\u00e7a. Mas isso significa que \u00e9 a capacidade de comunh\u00e3o do homem a condicionar o estado da cria\u00e7\u00e3o (\u2026) Portanto \u00e9 o destino do homem que determina o destino do universo\u201d, escreve Papa Francisco. A conex\u00e3o entre homem e cria\u00e7\u00e3o vive no amor e se este se acaba corrompe-se e n\u00e3o reconhece o dom que lhe foi dado. A explora\u00e7\u00e3o dos recursos feita de modo irrespons\u00e1vel para tomar posse de riquezas e poder, concentrando nas m\u00e3os de poucos, cria um desequil\u00edbrio destinado a destruir o mundo e o pr\u00f3prio homem.<\/p>\n<h2 style=\"text-align: justify;\"><b>Recome\u00e7ar do perd\u00e3o e do Esp\u00edrito Santo<\/b><\/h2>\n<p style=\"text-align: justify;\">N\u00e3o \u00e9 suficiente uma revolu\u00e7\u00e3o tecnol\u00f3gica e compromisso individual. A tomada de consci\u00eancia passa principalmente atrav\u00e9s de um \u201caut\u00eantico esp\u00edrito de comunh\u00e3o\u201d. Deve-se recome\u00e7ar do perd\u00e3o. Pedir perd\u00e3o aos pobres, aos exclu\u00eddos, antes de tudo, para poder pedir perd\u00e3o tamb\u00e9m \u201c\u00e0 terra, ao mar, \u00e0 ar, aos animais\u2026\u201d. Para o Papa Francisco pedir perd\u00e3o significa rever totalmente o pr\u00f3prio modo de ser e de pensar, significa renovar-se profundamente. E o perd\u00e3o s\u00f3 \u00e9 poss\u00edvel no Esp\u00edrito Santo. \u00c9 uma gra\u00e7a a ser implorada com humildade ao Senhor. O perd\u00e3o \u00e9 se tornar ativos, empreender um caminho juntos e nunca na solid\u00e3o.<\/p>\n<\/div>\n","protected":false},"excerpt":{"rendered":"<p>Em concomit\u00e2ncia com os \u00faltimos dias do S\u00ednodo para a Amaz\u00f4nia e quatro anos ap\u00f3s a Laudato si\u2019, foi publicado um livro que re\u00fane textos e discursos do Papa Francisco sobre o meio ambiente, al\u00e9m de um escrito in\u00e9dito, com o objetivo de explicar a vis\u00e3o crist\u00e3 da ecologia Cidade do Vaticano Foi lan\u00e7ado nesta [&hellip;]<\/p>\n","protected":false},"author":1,"featured_media":54947,"comment_status":"open","ping_status":"closed","sticky":false,"template":"","format":"standard","meta":{"footnotes":""},"categories":[13,3],"tags":[],"class_list":["post-54946","post","type-post","status-publish","format-standard","has-post-thumbnail","hentry","category-featured","category-vaticano"],"_links":{"self":[{"href":"https:\/\/catolicanet.net\/wp-cnet\/wp-json\/wp\/v2\/posts\/54946","targetHints":{"allow":["GET"]}}],"collection":[{"href":"https:\/\/catolicanet.net\/wp-cnet\/wp-json\/wp\/v2\/posts"}],"about":[{"href":"https:\/\/catolicanet.net\/wp-cnet\/wp-json\/wp\/v2\/types\/post"}],"author":[{"embeddable":true,"href":"https:\/\/catolicanet.net\/wp-cnet\/wp-json\/wp\/v2\/users\/1"}],"replies":[{"embeddable":true,"href":"https:\/\/catolicanet.net\/wp-cnet\/wp-json\/wp\/v2\/comments?post=54946"}],"version-history":[{"count":1,"href":"https:\/\/catolicanet.net\/wp-cnet\/wp-json\/wp\/v2\/posts\/54946\/revisions"}],"predecessor-version":[{"id":54948,"href":"https:\/\/catolicanet.net\/wp-cnet\/wp-json\/wp\/v2\/posts\/54946\/revisions\/54948"}],"wp:featuredmedia":[{"embeddable":true,"href":"https:\/\/catolicanet.net\/wp-cnet\/wp-json\/wp\/v2\/media\/54947"}],"wp:attachment":[{"href":"https:\/\/catolicanet.net\/wp-cnet\/wp-json\/wp\/v2\/media?parent=54946"}],"wp:term":[{"taxonomy":"category","embeddable":true,"href":"https:\/\/catolicanet.net\/wp-cnet\/wp-json\/wp\/v2\/categories?post=54946"},{"taxonomy":"post_tag","embeddable":true,"href":"https:\/\/catolicanet.net\/wp-cnet\/wp-json\/wp\/v2\/tags?post=54946"}],"curies":[{"name":"wp","href":"https:\/\/api.w.org\/{rel}","templated":true}]}}