{"id":54944,"date":"2019-10-25T08:13:29","date_gmt":"2019-10-25T11:13:29","guid":{"rendered":"http:\/\/catolicanet.net\/wp-cnet\/?p=54944"},"modified":"2019-10-24T08:17:29","modified_gmt":"2019-10-24T11:17:29","slug":"nao-se-nasce-santo-mas-vive-se-a-santidade","status":"publish","type":"post","link":"https:\/\/catolicanet.net\/wp-cnet\/nao-se-nasce-santo-mas-vive-se-a-santidade\/","title":{"rendered":"N\u00e3o se nasce santo, mas vive-se a santidade"},"content":{"rendered":"<p style=\"text-align: right;\"><em>*Padre Marcio Prado<\/em><\/p>\n<p><img decoding=\"async\" class=\"alignleft\" src=\"https:\/\/sb24horas.com.br\/wp-content\/uploads\/2019\/10\/Padre-Marcio-Prado-foto-Wesley-Almeida-200x200.jpg\" alt=\"Resultado de imagem para Padre Marcio Prado\" \/><\/p>\n<p>&#8220;Seu nome completo, Ant\u00f4nio de Sant\u2019Anna Galv\u00e3o, nome de batismo que trazia uma grande responsabilidade, pois lembrava um outro santo franciscano, que no seu nome trazia ainda uma heran\u00e7a bem sucedida de seus pais, ricos, e tamb\u00e9m a principal heran\u00e7a: a f\u00e9. Algo muito importante de saber \u00e9 que ele viveu seu batismo e por isso chegou \u00e0 santidade dos altares.<\/p>\n<p>Ningu\u00e9m nasce santo, perfeito, mas nasce por permiss\u00e3o de Deus e querido por Ele. O pequeno Ant\u00f4nio foi educado na f\u00e9 e foi correspondendo ao batismo que, por sua vez, nos vocaciona \u00e0 santidade. Ant\u00f4nio viveu o batismo primeiro em casa e, ainda jovem, sentiu o chamado para vida religiosa e entrou para o semin\u00e1rio, a princ\u00edpio jesu\u00edta e depois para os franciscanos.<\/p>\n<p>Por causa de sua intelig\u00eancia e progresso nos estudos, logo fez sua profiss\u00e3o na ordem dos frades menores e, depois de pouco tempo, recebeu a ordena\u00e7\u00e3o sacerdotal. Desempenhou v\u00e1rias fun\u00e7\u00f5es como frade: porteiro (pela facilidade na comunica\u00e7\u00e3o), confessor e pregador.<\/p>\n<p>&#8220;Ele foi confessor numa casa de Recolhimento e enfrentou resist\u00eancias, pois o governo queria fech\u00e1-la, mas com a press\u00e3o popular e ajuda do bispo, a casa de Recolhimento se manteve aberta. Esta casa \u00e9 o Mosteiro da Luz, na cidade de S\u00e3o Paulo, onde Frei Galv\u00e3o foi tamb\u00e9m arquiteto.&#8221;<\/p>\n<p>H\u00e1 muitas hist\u00f3rias de milagres relacionadas a frei Galv\u00e3o. Uma das mais famosas diz respeito \u00e0s p\u00edlulas. Frei Galv\u00e3o costumava visitar doentes e gr\u00e1vidas. Certa vez, um homem o procurou, pois sua mulher estava com dificuldades no parto. O frei escreveu um trecho do of\u00edcio da Imaculada em tr\u00eas pequenos pap\u00e9is, o esposo deu-o \u00e0 sua mulher que teve a crian\u00e7a num parto normal.<\/p>\n<p>Frei Galv\u00e3o viveu e anunciou Jesus Cristo, &#8220;honrou&#8221; o nome Ant\u00f4nio como pregador e realizador de grandes feitos. Foi fiel ao pai S\u00e3o Francisco de Assis e \u00e0 sua ordem religiosa. Frei Galv\u00e3o por onde passou fez o bem! Ele morreu em 23 de dezembro de 1822.<\/p>\n<p>Que a vida de frei Galv\u00e3o possa nos despertar para viver o batismo. Onde quer que n\u00f3s estejamos, vivamos a santidade nas coisas mais simples da vida. Comemorar Santo Ant\u00f4nio de Sant\u2019Anna Galv\u00e3o \u00e9 responder ao chamado de Cristo, \u00e9 santificar as realidades com que se depara, \u00e9 ser um bom porteiro, um bom sacerdote, um bom arquiteto, um bom crist\u00e3o que apenas vive o que deveria viver. Vivamos o batismo e seremos tamb\u00e9m santos!<\/p>\n<p>&nbsp;<\/p>\n<p><strong><em>* Padre Marcio Prado <\/em><\/strong><em>\u00e9 sacerdote da Comunidade Can\u00e7\u00e3o Nova e vice-reitor do Santu\u00e1rio do Pai das Miseric\u00f3rdias. Autor dos livros: \u201cEntender e viver o Ano da Miseric\u00f3rdia\u201d e \u201cVia-sacra do Santu\u00e1rio do Pai das Miseric\u00f3rdias\u201d, pela editora Can\u00e7\u00e3o Nova. Twitter: @padremarciocn<\/em><\/p>\n","protected":false},"excerpt":{"rendered":"<p>*Padre Marcio Prado &#8220;Seu nome completo, Ant\u00f4nio de Sant\u2019Anna Galv\u00e3o, nome de batismo que trazia uma grande responsabilidade, pois lembrava um outro santo franciscano, que no seu nome trazia ainda uma heran\u00e7a bem sucedida de seus pais, ricos, e tamb\u00e9m a principal heran\u00e7a: a f\u00e9. Algo muito importante de saber \u00e9 que ele viveu seu [&hellip;]<\/p>\n","protected":false},"author":1,"featured_media":33404,"comment_status":"open","ping_status":"closed","sticky":false,"template":"","format":"standard","meta":{"footnotes":""},"categories":[9],"tags":[],"class_list":["post-54944","post","type-post","status-publish","format-standard","has-post-thumbnail","hentry","category-artigos"],"_links":{"self":[{"href":"https:\/\/catolicanet.net\/wp-cnet\/wp-json\/wp\/v2\/posts\/54944","targetHints":{"allow":["GET"]}}],"collection":[{"href":"https:\/\/catolicanet.net\/wp-cnet\/wp-json\/wp\/v2\/posts"}],"about":[{"href":"https:\/\/catolicanet.net\/wp-cnet\/wp-json\/wp\/v2\/types\/post"}],"author":[{"embeddable":true,"href":"https:\/\/catolicanet.net\/wp-cnet\/wp-json\/wp\/v2\/users\/1"}],"replies":[{"embeddable":true,"href":"https:\/\/catolicanet.net\/wp-cnet\/wp-json\/wp\/v2\/comments?post=54944"}],"version-history":[{"count":1,"href":"https:\/\/catolicanet.net\/wp-cnet\/wp-json\/wp\/v2\/posts\/54944\/revisions"}],"predecessor-version":[{"id":54945,"href":"https:\/\/catolicanet.net\/wp-cnet\/wp-json\/wp\/v2\/posts\/54944\/revisions\/54945"}],"wp:featuredmedia":[{"embeddable":true,"href":"https:\/\/catolicanet.net\/wp-cnet\/wp-json\/wp\/v2\/media\/33404"}],"wp:attachment":[{"href":"https:\/\/catolicanet.net\/wp-cnet\/wp-json\/wp\/v2\/media?parent=54944"}],"wp:term":[{"taxonomy":"category","embeddable":true,"href":"https:\/\/catolicanet.net\/wp-cnet\/wp-json\/wp\/v2\/categories?post=54944"},{"taxonomy":"post_tag","embeddable":true,"href":"https:\/\/catolicanet.net\/wp-cnet\/wp-json\/wp\/v2\/tags?post=54944"}],"curies":[{"name":"wp","href":"https:\/\/api.w.org\/{rel}","templated":true}]}}