{"id":54917,"date":"2019-10-23T13:00:05","date_gmt":"2019-10-23T16:00:05","guid":{"rendered":"http:\/\/catolicanet.net\/wp-cnet\/?p=54917"},"modified":"2019-10-23T13:00:05","modified_gmt":"2019-10-23T16:00:05","slug":"santa-se-que-a-humanidade-proteja-a-terra-da-forca-das-armas-nucleares","status":"publish","type":"post","link":"https:\/\/catolicanet.net\/wp-cnet\/santa-se-que-a-humanidade-proteja-a-terra-da-forca-das-armas-nucleares\/","title":{"rendered":"Santa S\u00e9: que a humanidade proteja a Terra da for\u00e7a das armas nucleares"},"content":{"rendered":"<div class=\"article__subTitle\" style=\"text-align: justify;\">A Santa S\u00e9 est\u00e1 convencida de que os tratados s\u00e3o \u201cvitais na arquitetura do desarmamento nuclear\u201d e se completam reciprocamente a fim de realizar um mundo sem armas nucleares.<\/div>\n<div class=\"title__separator\" style=\"text-align: justify;\"><\/div>\n<div class=\"article__text\">\n<p style=\"text-align: justify;\"><b>Amedeo Lomonaco\/Mariangela Jaguraba \u2013 Cidade do Vaticano<\/b><\/p>\n<p style=\"text-align: justify;\">O observador permanente da Santa S\u00e9 na ONU, em Nova Iorque, dom Bernardito Auza, participou da 74\u00aa sess\u00e3o da Assembleia Geral das Na\u00e7\u00f5es Unidas, nesta ter\u00e7a-feira (22\/10), sobre os armamentos nucleares.<\/p>\n<p><!--[if lt IE 9]><script>document.createElement('audio');<\/script><![endif]-->\n<audio class=\"wp-audio-shortcode\" id=\"audio-54917-1\" preload=\"none\" style=\"width: 100%;\" controls=\"controls\"><source type=\"audio\/mpeg\" src=\"https:\/\/media.vaticannews.va\/media\/audio\/s1\/2019\/10\/23\/16\/135297375_F135297375.mp3?_=1\" \/><a href=\"https:\/\/media.vaticannews.va\/media\/audio\/s1\/2019\/10\/23\/16\/135297375_F135297375.mp3\">https:\/\/media.vaticannews.va\/media\/audio\/s1\/2019\/10\/23\/16\/135297375_F135297375.mp3<\/a><\/audio><p style=\"text-align: justify;\">\u201cVivemos tempos tumultuados e talvez n\u00e3o haja amea\u00e7as mais graves do que as encontradas no campo do desarmamento nuclear. Os tratados s\u00e3o revogados e violados, o sistema de controle de armamentos enfraqueceu mais do que antes\u201d, disse o arcebispo filipino em seu discurso.<\/p>\n<p style=\"text-align: justify;\">A corrida pelos armamentos nucleares foi renovada e as inova\u00e7\u00f5es tecnol\u00f3gicas \u201ctornam dif\u00edcil a monitora\u00e7\u00e3o internacional. A humanidade tem a responsabilidade de proteger a Terra, a nossa Casa comum da for\u00e7a destruidora das armas nucleares. Os Estados n\u00e3o devem poupar esfor\u00e7os para eliminar as armas nucleares e o desarmamento geral e completo a fim de que a fam\u00edlia humana possa experimentar os frutos da paz\u201d.<\/p>\n<h2 style=\"text-align: justify;\">Os tratados s\u00e3o vitais para o desarmamento<\/h2>\n<p style=\"text-align: justify;\">Dom Auza recordou a Enc\u00edclica <b>\u201cPacem in terris\u201d <\/b>do Papa Jo\u00e3o XXIII. \u201cN\u00e3o tem sentido dizer que a guerra possa ser usada como instrumento de justi\u00e7a.\u201d \u00c9 com essa convic\u00e7\u00e3o que a Santa S\u00e9 ratificou o Tratado de N\u00e3o Prolifera\u00e7\u00e3o de Armas Nucleares, o Tratado de Proibi\u00e7\u00e3o Completa de Testes Nucleares e, mais recentemente, o Tratado sobre a Proibi\u00e7\u00e3o de Armas Nucleares\u201d, ressalgou o prelado. A Santa S\u00e9 est\u00e1 convencida de que esses tratados s\u00e3o \u201cvitais na arquitetura do desarmamento nuclear\u201d e se completam reciprocamente a fim de realizar um mundo sem armas nucleares.<\/p>\n<div style=\"text-align: justify;\">\n<aside class=\"article__readmore\">\n<div class=\"teaser--labelEvidence teaser teaser--type-article\">\n<article>\n<div class=\"teaser__labelWrapper\"><\/div>\n<\/article>\n<\/div>\n<\/aside>\n<\/div>\n<div style=\"text-align: justify;\">\n<aside class=\"article__readmore\">\n<div class=\"teaser--labelEvidence teaser teaser--type-article\">\n<article>\n<div class=\"teaser__contentWrapper\">\n<div><span style=\"color: #111111; font-family: Roboto, sans-serif; font-size: 27px;\">S\u00e3o necess\u00e1rios di\u00e1logo e confian\u00e7a<\/span><\/div>\n<\/div>\n<\/article>\n<\/div>\n<\/aside>\n<\/div>\n<p style=\"text-align: justify;\">Para que a promessa dos tratados se realize plenamente, \u00e9 preciso trabalhar incansavelmente a fim de restabelecer o di\u00e1logo e combater a falta de confian\u00e7a, que infelizmente marcam a situa\u00e7\u00e3o atual em rela\u00e7\u00e3o ao processo de desarmamento. A confer\u00eancia de revis\u00e3o do Tratado de N\u00e3o Prolifera\u00e7\u00e3o de Armas Nucleares, que se realizar\u00e1 em 2020, ser\u00e1 uma ocasi\u00e3o importante a fim de restaurar o di\u00e1logo e reconstruir\u201d, concluiu dom Auza.<\/p>\n<h2 style=\"text-align: justify;\">Tratado de N\u00e3o Prolifera\u00e7\u00e3o de Armas Nucleares<\/h2>\n<p style=\"text-align: justify;\">Aprovado pela Assembleia Geral da ONU, em 1968, o Tratado de N\u00e3o Prolifera\u00e7\u00e3o de Armas Nucleares entrou em vigor em 5 de mar\u00e7o de 1970. Estabelece que os Estados em posse de armamentos nucleares devem se comprometer a buscar um desarmamento generalizado e total. Os pa\u00edses que n\u00e3o possuem armas nucleares tamb\u00e9m se comprometem a n\u00e3o adotar tais armas. O Tratado tamb\u00e9m estabelece que a transfer\u00eancia de material e tecnologias nucleares usados para fins pac\u00edficos deve ocorrer sob o controle estrito da Ag\u00eancia Internacional de Energia At\u00f4mica.<\/p>\n<h2 style=\"text-align: justify;\">Tratado de Proibi\u00e7\u00e3o Completa de Testes Nucleares<\/h2>\n<p style=\"text-align: justify;\">Adotado pela Assembleia Geral das Na\u00e7\u00f5es Unidas, em 10 de setembro de 1996, o Tratado de Proibi\u00e7\u00e3o Completa de Testes Nucleares ainda n\u00e3o entrou em vigor. Prev\u00ea a obriga\u00e7\u00e3o de n\u00e3o realizar nenhum teste nuclear. Para garantir sua implementa\u00e7\u00e3o, \u00e9 estabelecido que, ap\u00f3s a entrada em vigor do Tratado, seja criada uma organiza\u00e7\u00e3o internacional especial: a \u201cOrganiza\u00e7\u00e3o do Tratado de Proibi\u00e7\u00e3o Completa de Testes Nucleares\u201d.<\/p>\n<h2 style=\"text-align: justify;\">Tratado sobre a Proibi\u00e7\u00e3o de Armas Nucleares<\/h2>\n<p style=\"text-align: justify;\">Aprovado em 2017, o Tratado sobre a Proibi\u00e7\u00e3o de Armas Nucleares torna ilegal o uso, a amea\u00e7a, a posse e o estacionamento de armas nucleares. Entrar\u00e1 em vigor 90 dias ap\u00f3s a ratifica\u00e7\u00e3o de pelo menos 50 Estados.<\/p>\n<h2 style=\"text-align: justify;\">Papa: armas cada vez mais sofisticadas e destrutivas<\/h2>\n<p style=\"text-align: justify;\">O Papa Francisco se deteve v\u00e1rias vezes no tema do desarmamento nuclear. Ao receber os membros do Corpo Diplom\u00e1tico credenciado junto \u00e0 Santa S\u00e9, em 7 de janeiro passado, sublinhou que a amea\u00e7a do uso de armas at\u00f4micas deve ser condenada firmemente: \u201cDe modo especial preocupa o fato de que o desarmamento nuclear, amplamente almejado e em parte perseguido nas \u00faltimas d\u00e9cadas, esteja agora dando lugar \u00e0 pesquisa de novas armas cada vez mais sofisticadas e destrutivas. Por conseguinte, mesmo considerando o risco de uma explos\u00e3o acidental dessas armas devido a um erro de qualquer tipo, deve ser condenada com firmeza a amea\u00e7a do seu uso &#8211; diria a imoralidade do seu uso &#8211; assim como a sua posse, precisamente porque a sua exist\u00eancia \u00e9 funcional \u00e0 l\u00f3gica de medo que n\u00e3o diz respeito apenas \u00e0s partes em conflito, mas a todo o g\u00eanero humano.\u201d<\/p>\n<div style=\"text-align: justify;\">\n<div class=\"article__embed article__embed--unwrap\">\n<figure><picture><source srcset=\"\/content\/dam\/vaticannews\/images-multimedia\/societa\/cartoncino20Francesco-1-755x491.jpg.pagespeed.ce.GTfcq99ISI.jpg\/_jcr_content\/renditions\/cq5dam.thumbnail.cropped.1500.844.jpeg 2x, \/content\/dam\/vaticannews\/images-multimedia\/societa\/cartoncino20Francesco-1-755x491.jpg.pagespeed.ce.GTfcq99ISI.jpg\/_jcr_content\/renditions\/cq5dam.thumbnail.cropped.750.422.jpeg 1x\" media=\"(min-width: 1024px)\" data-original-set=\"\/content\/dam\/vaticannews\/images-multimedia\/societa\/cartoncino20Francesco-1-755x491.jpg.pagespeed.ce.GTfcq99ISI.jpg\/_jcr_content\/renditions\/cq5dam.thumbnail.cropped.1500.844.jpeg 2x, \/content\/dam\/vaticannews\/images-multimedia\/societa\/cartoncino20Francesco-1-755x491.jpg.pagespeed.ce.GTfcq99ISI.jpg\/_jcr_content\/renditions\/cq5dam.thumbnail.cropped.750.422.jpeg 1x\" \/><source srcset=\"\/content\/dam\/vaticannews\/images-multimedia\/societa\/cartoncino20Francesco-1-755x491.jpg.pagespeed.ce.GTfcq99ISI.jpg\/_jcr_content\/renditions\/cq5dam.thumbnail.cropped.1000.563.jpeg 2x, \/content\/dam\/vaticannews\/images-multimedia\/societa\/cartoncino20Francesco-1-755x491.jpg.pagespeed.ce.GTfcq99ISI.jpg\/_jcr_content\/renditions\/cq5dam.thumbnail.cropped.500.281.jpeg 1x\" media=\"(min-width: 768px)\" data-original-set=\"\/content\/dam\/vaticannews\/images-multimedia\/societa\/cartoncino20Francesco-1-755x491.jpg.pagespeed.ce.GTfcq99ISI.jpg\/_jcr_content\/renditions\/cq5dam.thumbnail.cropped.1000.563.jpeg 2x, \/content\/dam\/vaticannews\/images-multimedia\/societa\/cartoncino20Francesco-1-755x491.jpg.pagespeed.ce.GTfcq99ISI.jpg\/_jcr_content\/renditions\/cq5dam.thumbnail.cropped.500.281.jpeg 1x\" \/><source srcset=\"\/content\/dam\/vaticannews\/images-multimedia\/societa\/cartoncino20Francesco-1-755x491.jpg.pagespeed.ce.GTfcq99ISI.jpg\/_jcr_content\/renditions\/cq5dam.thumbnail.cropped.500.281.jpeg\" data-original-set=\"\/content\/dam\/vaticannews\/images-multimedia\/societa\/cartoncino20Francesco-1-755x491.jpg.pagespeed.ce.GTfcq99ISI.jpg\/_jcr_content\/renditions\/cq5dam.thumbnail.cropped.500.281.jpeg\" \/><\/picture><\/figure>\n<p><img decoding=\"async\" class=\"loaded\" src=\"https:\/\/www.vaticannews.va\/content\/dam\/vaticannews\/images-multimedia\/societa\/cartoncino20Francesco-1-755x491.jpg.pagespeed.ce.GTfcq99ISI.jpg\/_jcr_content\/renditions\/cq5dam.thumbnail.cropped.750.422.jpeg\" alt=\"Foto de Joseph Roger O'Donnell, Nagasaki 1945\" data-original=\"\/content\/dam\/vaticannews\/images-multimedia\/societa\/cartoncino20Francesco-1-755x491.jpg.pagespeed.ce.GTfcq99ISI.jpg\/_jcr_content\/renditions\/cq5dam.thumbnail.cropped.750.422.jpeg\" data-was-processed=\"true\" \/><\/p>\n<div class=\"photo_embed--Title\">Foto de Joseph Roger O&#8217;Donnell, Nagasaki 1945<\/div>\n<\/div>\n<\/div>\n<h2 style=\"text-align: justify;\">O fruto da guerra<\/h2>\n<p style=\"text-align: justify;\">A foto acima foi tirada, em 1945. Interpela e abala as consci\u00eancias. Mostra um garoto de 10 anos carregando nos ombros o corpo de seu irm\u00e3ozinho morto depois da explos\u00e3o da bomba at\u00f4mica em Nagasaki. A imagem abalou fortemente o Papa Francisco, que em 2017, quis reproduzi-la num cart\u00e3o. A fotografia \u00e9 acompanhada pelo coment\u00e1rio \u201c&#8230; o fruto da guerra\u201d e sua assinatura manuscrita. A foto foi realizada pelo fot\u00f3grafo estadunidense Joseph Roger O&#8217;Donnell, enviado ap\u00f3s as explos\u00f5es nucleares \u00e0s duas cidades japonesas, Hiroshima e Nagasaki, devastadas pela bomba at\u00f4mica. Em Nagasaki, ele v\u00ea dois meninos. Um parece dormir nos ombros do outro. Na realidade est\u00e1 morto. O seu irm\u00e3o, com um rosto que mostra um sofrimento digno, est\u00e1 esperando para que seja cremado. A foto tornou-se um s\u00edmbolo tr\u00e1gico da ferocidade da guerra e do poder destruidor das armas nucleares.<\/p>\n<\/div>\n","protected":false},"excerpt":{"rendered":"<p>A Santa S\u00e9 est\u00e1 convencida de que os tratados s\u00e3o \u201cvitais na arquitetura do desarmamento nuclear\u201d e se completam reciprocamente a fim de realizar um mundo sem armas nucleares. Amedeo Lomonaco\/Mariangela Jaguraba \u2013 Cidade do Vaticano O observador permanente da Santa S\u00e9 na ONU, em Nova Iorque, dom Bernardito Auza, participou da 74\u00aa sess\u00e3o da [&hellip;]<\/p>\n","protected":false},"author":1,"featured_media":54918,"comment_status":"open","ping_status":"closed","sticky":false,"template":"","format":"standard","meta":{"footnotes":""},"categories":[3],"tags":[],"class_list":["post-54917","post","type-post","status-publish","format-standard","has-post-thumbnail","hentry","category-vaticano"],"_links":{"self":[{"href":"https:\/\/catolicanet.net\/wp-cnet\/wp-json\/wp\/v2\/posts\/54917","targetHints":{"allow":["GET"]}}],"collection":[{"href":"https:\/\/catolicanet.net\/wp-cnet\/wp-json\/wp\/v2\/posts"}],"about":[{"href":"https:\/\/catolicanet.net\/wp-cnet\/wp-json\/wp\/v2\/types\/post"}],"author":[{"embeddable":true,"href":"https:\/\/catolicanet.net\/wp-cnet\/wp-json\/wp\/v2\/users\/1"}],"replies":[{"embeddable":true,"href":"https:\/\/catolicanet.net\/wp-cnet\/wp-json\/wp\/v2\/comments?post=54917"}],"version-history":[{"count":1,"href":"https:\/\/catolicanet.net\/wp-cnet\/wp-json\/wp\/v2\/posts\/54917\/revisions"}],"predecessor-version":[{"id":54919,"href":"https:\/\/catolicanet.net\/wp-cnet\/wp-json\/wp\/v2\/posts\/54917\/revisions\/54919"}],"wp:featuredmedia":[{"embeddable":true,"href":"https:\/\/catolicanet.net\/wp-cnet\/wp-json\/wp\/v2\/media\/54918"}],"wp:attachment":[{"href":"https:\/\/catolicanet.net\/wp-cnet\/wp-json\/wp\/v2\/media?parent=54917"}],"wp:term":[{"taxonomy":"category","embeddable":true,"href":"https:\/\/catolicanet.net\/wp-cnet\/wp-json\/wp\/v2\/categories?post=54917"},{"taxonomy":"post_tag","embeddable":true,"href":"https:\/\/catolicanet.net\/wp-cnet\/wp-json\/wp\/v2\/tags?post=54917"}],"curies":[{"name":"wp","href":"https:\/\/api.w.org\/{rel}","templated":true}]}}