{"id":54914,"date":"2019-10-23T12:56:10","date_gmt":"2019-10-23T15:56:10","guid":{"rendered":"http:\/\/catolicanet.net\/wp-cnet\/?p=54914"},"modified":"2019-10-23T12:56:10","modified_gmt":"2019-10-23T15:56:10","slug":"papa-na-audiencia-a-igreja-nao-e-fortaleza-mas-tenda-que-acolhe-todos","status":"publish","type":"post","link":"https:\/\/catolicanet.net\/wp-cnet\/papa-na-audiencia-a-igreja-nao-e-fortaleza-mas-tenda-que-acolhe-todos\/","title":{"rendered":"Papa na Audi\u00eancia: a Igreja n\u00e3o \u00e9 fortaleza, mas tenda que acolhe todos"},"content":{"rendered":"<div class=\"article__subTitle\">O Santo Padre encontrou, na manh\u00e3 desta quarta-feira, na Pra\u00e7a S\u00e3o Pedro, milhares de peregrinos e fi\u00e9is, provenientes de diversas partes do mundo, para a Audi\u00eancia Geral. E reiterou a natureza da Igreja: ou \u00e9 &#8220;em sa\u00edda&#8221; ou n\u00e3o \u00e9 Igreja.<\/div>\n<div class=\"title__separator\"><\/div>\n<div class=\"article__text\">\n<p><b>Cidade do Vaticano<\/b><\/p>\n<p>Em sua catequese o Papa refletiu sobre os \u201cAtos dos Ap\u00f3stolos, partindo do vers\u00edculo 14, 27, onde se l\u00ea: &#8220;Deus abriu a porta da f\u00e9 aos pag\u00e3os&#8221;: a miss\u00e3o de Paulo e Barnab\u00e9 e o Conc\u00edlio de Jerusal\u00e9m.<\/p>\n<p><!--[if lt IE 9]><script>document.createElement('audio');<\/script><![endif]-->\n<audio class=\"wp-audio-shortcode\" id=\"audio-54914-1\" preload=\"none\" style=\"width: 100%;\" controls=\"controls\"><source type=\"audio\/mpeg\" src=\"https:\/\/media.vaticannews.va\/media\/audio\/s1\/2019\/10\/23\/11\/135296334_F135296334.mp3?_=1\" \/><a href=\"https:\/\/media.vaticannews.va\/media\/audio\/s1\/2019\/10\/23\/11\/135296334_F135296334.mp3\">https:\/\/media.vaticannews.va\/media\/audio\/s1\/2019\/10\/23\/11\/135296334_F135296334.mp3<\/a><\/audio>O livro dos Atos dos Ap\u00f3stolos narra que S\u00e3o Paulo, ap\u00f3s seu encontro transformador com Jesus, foi acolhido pela Igreja de Jerusal\u00e9m, gra\u00e7as \u00e0 media\u00e7\u00e3o de Barnab\u00e9, e come\u00e7ou a proclamar a Boa Nova de Cristo.<\/p>\n<p>No entanto, disse Francisco, devido \u00e0 hostilidade de alguns, Paulo foi obrigado a se transferir para Tarso, sua cidade natal, seguido por Barnab\u00e9, que tamb\u00e9m foi envolvido na prega\u00e7\u00e3o da Palavra de Deus.<\/p>\n<div>\n<div class=\"article__embed article__embed--unwrap\">\n<figure><picture><source srcset=\"\/content\/dam\/vaticannews\/agenzie\/images\/srv\/2019\/10\/23\/2019-10-23-udienza-generale\/1571820435854.JPG\/_jcr_content\/renditions\/cq5dam.thumbnail.cropped.1500.844.jpeg 2x, \/content\/dam\/vaticannews\/agenzie\/images\/srv\/2019\/10\/23\/2019-10-23-udienza-generale\/1571820435854.JPG\/_jcr_content\/renditions\/cq5dam.thumbnail.cropped.750.422.jpeg 1x\" media=\"(min-width: 1024px)\" data-original-set=\"\/content\/dam\/vaticannews\/agenzie\/images\/srv\/2019\/10\/23\/2019-10-23-udienza-generale\/1571820435854.JPG\/_jcr_content\/renditions\/cq5dam.thumbnail.cropped.1500.844.jpeg 2x, \/content\/dam\/vaticannews\/agenzie\/images\/srv\/2019\/10\/23\/2019-10-23-udienza-generale\/1571820435854.JPG\/_jcr_content\/renditions\/cq5dam.thumbnail.cropped.750.422.jpeg 1x\" \/><source srcset=\"\/content\/dam\/vaticannews\/agenzie\/images\/srv\/2019\/10\/23\/2019-10-23-udienza-generale\/1571820435854.JPG\/_jcr_content\/renditions\/cq5dam.thumbnail.cropped.1000.563.jpeg 2x, \/content\/dam\/vaticannews\/agenzie\/images\/srv\/2019\/10\/23\/2019-10-23-udienza-generale\/1571820435854.JPG\/_jcr_content\/renditions\/cq5dam.thumbnail.cropped.500.281.jpeg 1x\" media=\"(min-width: 768px)\" data-original-set=\"\/content\/dam\/vaticannews\/agenzie\/images\/srv\/2019\/10\/23\/2019-10-23-udienza-generale\/1571820435854.JPG\/_jcr_content\/renditions\/cq5dam.thumbnail.cropped.1000.563.jpeg 2x, \/content\/dam\/vaticannews\/agenzie\/images\/srv\/2019\/10\/23\/2019-10-23-udienza-generale\/1571820435854.JPG\/_jcr_content\/renditions\/cq5dam.thumbnail.cropped.500.281.jpeg 1x\" \/><source srcset=\"\/content\/dam\/vaticannews\/agenzie\/images\/srv\/2019\/10\/23\/2019-10-23-udienza-generale\/1571820435854.JPG\/_jcr_content\/renditions\/cq5dam.thumbnail.cropped.500.281.jpeg\" data-original-set=\"\/content\/dam\/vaticannews\/agenzie\/images\/srv\/2019\/10\/23\/2019-10-23-udienza-generale\/1571820435854.JPG\/_jcr_content\/renditions\/cq5dam.thumbnail.cropped.500.281.jpeg\" \/><\/picture><\/figure>\n<div><img decoding=\"async\" class=\"loaded\" src=\"https:\/\/www.vaticannews.va\/content\/dam\/vaticannews\/agenzie\/images\/srv\/2019\/10\/23\/2019-10-23-udienza-generale\/1571820435854.JPG\/_jcr_content\/renditions\/cq5dam.thumbnail.cropped.750.422.jpeg\" alt=\"Audi\u00eancia de 23 de outubro de 2019\" data-original=\"\/content\/dam\/vaticannews\/agenzie\/images\/srv\/2019\/10\/23\/2019-10-23-udienza-generale\/1571820435854.JPG\/_jcr_content\/renditions\/cq5dam.thumbnail.cropped.750.422.jpeg\" data-was-processed=\"true\" \/><\/div>\n<div class=\"photo_embed--Title\">Audi\u00eancia de 23 de outubro de 2019<\/div>\n<div><\/div>\n<\/div>\n<\/div>\n<p>O evangelista Lucas diz que a sua prega\u00e7\u00e3o come\u00e7ou depois de uma forte persegui\u00e7\u00e3o, que n\u00e3o acometeu a evangeliza\u00e7\u00e3o, pelo contr\u00e1rio, foi uma boa oportunidade para ampliar o campo, onde lan\u00e7ar a boa semente da Palavra. Eis o longo itiner\u00e1rio da Palavra de Deus, que deve ser anunciada por todos os cantos da terra.<\/p>\n<p>No entanto, Paulo e Barnab\u00e9 chegaram, antes, \u00e0 Antioquia da S\u00edria, onde ficaram um ano inteiro, ensinando e ajudando a comunidade a criar ra\u00edzes. Assim, Antioquia tornou-se o centro da propuls\u00e3o mission\u00e1ria, gra\u00e7as \u00e0 prega\u00e7\u00e3o dos dois evangelizadores, que tocou o cora\u00e7\u00e3o dos fi\u00e9is. Precisamente em Antioquia os adeptos de Cristo foram chamados, pela primeira vez, de &#8220;crist\u00e3os&#8221;.<\/p>\n<h2><b>Enviados pelo Esp\u00edrito<\/b><\/h2>\n<p>Depois de Antioquia, Paulo e Barnab\u00e9, foram &#8220;enviados pelo Esp\u00edrito&#8221; a outros lugares, anunciando a mensagem de Cristo e atraindo muitas pessoas para a f\u00e9 crist\u00e3.<\/p>\n<div>\n<div class=\"article__embed article__embed--unwrap\">\n<figure><picture><source srcset=\"\/content\/dam\/vaticannews\/agenzie\/images\/srv\/2019\/10\/23\/2019-10-23-udienza-generale\/1571816264979.JPG\/_jcr_content\/renditions\/cq5dam.thumbnail.cropped.1500.844.jpeg 2x, \/content\/dam\/vaticannews\/agenzie\/images\/srv\/2019\/10\/23\/2019-10-23-udienza-generale\/1571816264979.JPG\/_jcr_content\/renditions\/cq5dam.thumbnail.cropped.750.422.jpeg 1x\" media=\"(min-width: 1024px)\" data-original-set=\"\/content\/dam\/vaticannews\/agenzie\/images\/srv\/2019\/10\/23\/2019-10-23-udienza-generale\/1571816264979.JPG\/_jcr_content\/renditions\/cq5dam.thumbnail.cropped.1500.844.jpeg 2x, \/content\/dam\/vaticannews\/agenzie\/images\/srv\/2019\/10\/23\/2019-10-23-udienza-generale\/1571816264979.JPG\/_jcr_content\/renditions\/cq5dam.thumbnail.cropped.750.422.jpeg 1x\" \/><source srcset=\"\/content\/dam\/vaticannews\/agenzie\/images\/srv\/2019\/10\/23\/2019-10-23-udienza-generale\/1571816264979.JPG\/_jcr_content\/renditions\/cq5dam.thumbnail.cropped.1000.563.jpeg 2x, \/content\/dam\/vaticannews\/agenzie\/images\/srv\/2019\/10\/23\/2019-10-23-udienza-generale\/1571816264979.JPG\/_jcr_content\/renditions\/cq5dam.thumbnail.cropped.500.281.jpeg 1x\" media=\"(min-width: 768px)\" data-original-set=\"\/content\/dam\/vaticannews\/agenzie\/images\/srv\/2019\/10\/23\/2019-10-23-udienza-generale\/1571816264979.JPG\/_jcr_content\/renditions\/cq5dam.thumbnail.cropped.1000.563.jpeg 2x, \/content\/dam\/vaticannews\/agenzie\/images\/srv\/2019\/10\/23\/2019-10-23-udienza-generale\/1571816264979.JPG\/_jcr_content\/renditions\/cq5dam.thumbnail.cropped.500.281.jpeg 1x\" \/><source srcset=\"\/content\/dam\/vaticannews\/agenzie\/images\/srv\/2019\/10\/23\/2019-10-23-udienza-generale\/1571816264979.JPG\/_jcr_content\/renditions\/cq5dam.thumbnail.cropped.500.281.jpeg\" data-original-set=\"\/content\/dam\/vaticannews\/agenzie\/images\/srv\/2019\/10\/23\/2019-10-23-udienza-generale\/1571816264979.JPG\/_jcr_content\/renditions\/cq5dam.thumbnail.cropped.500.281.jpeg\" \/><\/picture><\/figure>\n<p><img decoding=\"async\" class=\"loaded\" src=\"https:\/\/www.vaticannews.va\/content\/dam\/vaticannews\/agenzie\/images\/srv\/2019\/10\/23\/2019-10-23-udienza-generale\/1571816264979.JPG\/_jcr_content\/renditions\/cq5dam.thumbnail.cropped.750.422.jpeg\" alt=\"Audi\u00eancia de 23 de outubro de 2019\" data-original=\"\/content\/dam\/vaticannews\/agenzie\/images\/srv\/2019\/10\/23\/2019-10-23-udienza-generale\/1571816264979.JPG\/_jcr_content\/renditions\/cq5dam.thumbnail.cropped.750.422.jpeg\" data-was-processed=\"true\" \/><\/p>\n<div class=\"photo_embed--Title\">Audi\u00eancia de 23 de outubro de 2019<\/div>\n<div><\/div>\n<\/div>\n<\/div>\n<p>Esta foi a primeira etapa mission\u00e1ria de Paulo, que passou da prega\u00e7\u00e3o do Evangelho nas Sinagogas da di\u00e1spora ao an\u00fancio em ambientes pag\u00e3os populares. Ao retornarem \u00e0 Antioquia, Paulo e Barnab\u00e9 contaram aos seus irm\u00e3os \u201ccomo Deus abriu aos pag\u00e3os a porta da f\u00e9&#8221;, cumprindo a \u201cobra&#8221; para a qual o Esp\u00edrito Santo os havia enviado. E o Papa explicou:<\/p>\n<div>\n<div class=\"article__embed article__embed--border embed_style\">\n<blockquote><p>\u201c Do Livro dos Atos, emerge a natureza da Igreja, que n\u00e3o \u00e9 uma fortaleza, mas uma tenda capaz de ampliar seu espa\u00e7o para dar acesso a todos. A Igreja deve ser \u201cem sa\u00edda\u201d sen\u00e3o n\u00e3o \u00e9 uma Igreja; \u00e9 uma Igreja de \u201cportas abertas&#8221;, chamada a ser sempre a Casa aberta do Pai. Assim, se algu\u00e9m quiser seguir a a\u00e7\u00e3o do Esp\u00edrito e buscar a presen\u00e7a de Deus, n\u00e3o encontrar\u00e1 o obst\u00e1culo de uma porta fechada \u201d<\/p><\/blockquote>\n<\/div>\n<\/div>\n<p>Por\u00e9m, disse Francisco, naquele momento come\u00e7avam os problemas: a novidade de abrir as portas aos pag\u00e3os e judeus desencadeou uma controv\u00e9rsia ferrenha. Alguns judeus sentiam a necessidade da circuncis\u00e3o para se salvar e ser batizados. Para resolver a quest\u00e3o, Paulo e Barnab\u00e9 pedem o parecer do conselho dos Ap\u00f3stolos e anci\u00e3os de Jerusal\u00e9m, que foi considerado o primeiro Conc\u00edlio da hist\u00f3ria da Igreja: o Conc\u00edlio de Jerusal\u00e9m ou Assembleia de Jerusal\u00e9m, sobre o qual Francisco disse:<\/p>\n<p><i>Foi abordada uma quest\u00e3o teol\u00f3gica, espiritual e disciplinar muito delicada: a rela\u00e7\u00e3o entre a f\u00e9 em Cristo e a observ\u00e2ncia da Lei de Mois\u00e9s. Durante a assembleia \u00a0foram decisivos os discursos de Pedro e Tiago, &#8220;pilares&#8221; da Igreja m\u00e3e. Ambos convidavam a n\u00e3o impor a circuncis\u00e3o aos pag\u00e3os, mas <\/i>apenas a pedir para rejeitar a idolatria, em todas as suas express\u00f5es.<\/p>\n<div>\n<div class=\"article__embed article__embed--border embed_style\">\n<blockquote><p>\u201c Foi abordada uma quest\u00e3o teol\u00f3gica, espiritual e disciplinar muito delicada: a rela\u00e7\u00e3o entre a f\u00e9 em Cristo e a observ\u00e2ncia da Lei de Mois\u00e9s. Durante a assembleia foram decisivos os discursos de Pedro e Tiago, &#8220;pilares&#8221; da Igreja m\u00e3e. Ambos convidavam a n\u00e3o impor a circuncis\u00e3o aos pag\u00e3os, mas apenas a pedir para rejeitar a idolatria, em todas as suas express\u00f5es \u201d<\/p><\/blockquote>\n<\/div>\n<\/div>\n<p>Essa decis\u00e3o, ratificada com uma Carta apost\u00f3lica, foi enviada a Antioquia.<\/p>\n<div>\n<div class=\"article__embed article__embed--unwrap\">\n<figure><picture><source srcset=\"\/content\/dam\/vaticannews\/agenzie\/images\/srv\/2019\/10\/23\/2019-10-23-udienza-generale\/1571820739247.JPG\/_jcr_content\/renditions\/cq5dam.thumbnail.cropped.1500.844.jpeg 2x, \/content\/dam\/vaticannews\/agenzie\/images\/srv\/2019\/10\/23\/2019-10-23-udienza-generale\/1571820739247.JPG\/_jcr_content\/renditions\/cq5dam.thumbnail.cropped.750.422.jpeg 1x\" media=\"(min-width: 1024px)\" data-original-set=\"\/content\/dam\/vaticannews\/agenzie\/images\/srv\/2019\/10\/23\/2019-10-23-udienza-generale\/1571820739247.JPG\/_jcr_content\/renditions\/cq5dam.thumbnail.cropped.1500.844.jpeg 2x, \/content\/dam\/vaticannews\/agenzie\/images\/srv\/2019\/10\/23\/2019-10-23-udienza-generale\/1571820739247.JPG\/_jcr_content\/renditions\/cq5dam.thumbnail.cropped.750.422.jpeg 1x\" \/><source srcset=\"\/content\/dam\/vaticannews\/agenzie\/images\/srv\/2019\/10\/23\/2019-10-23-udienza-generale\/1571820739247.JPG\/_jcr_content\/renditions\/cq5dam.thumbnail.cropped.1000.563.jpeg 2x, \/content\/dam\/vaticannews\/agenzie\/images\/srv\/2019\/10\/23\/2019-10-23-udienza-generale\/1571820739247.JPG\/_jcr_content\/renditions\/cq5dam.thumbnail.cropped.500.281.jpeg 1x\" media=\"(min-width: 768px)\" data-original-set=\"\/content\/dam\/vaticannews\/agenzie\/images\/srv\/2019\/10\/23\/2019-10-23-udienza-generale\/1571820739247.JPG\/_jcr_content\/renditions\/cq5dam.thumbnail.cropped.1000.563.jpeg 2x, \/content\/dam\/vaticannews\/agenzie\/images\/srv\/2019\/10\/23\/2019-10-23-udienza-generale\/1571820739247.JPG\/_jcr_content\/renditions\/cq5dam.thumbnail.cropped.500.281.jpeg 1x\" \/><source srcset=\"\/content\/dam\/vaticannews\/agenzie\/images\/srv\/2019\/10\/23\/2019-10-23-udienza-generale\/1571820739247.JPG\/_jcr_content\/renditions\/cq5dam.thumbnail.cropped.500.281.jpeg\" data-original-set=\"\/content\/dam\/vaticannews\/agenzie\/images\/srv\/2019\/10\/23\/2019-10-23-udienza-generale\/1571820739247.JPG\/_jcr_content\/renditions\/cq5dam.thumbnail.cropped.500.281.jpeg\" \/><\/picture><\/figure>\n<p><img decoding=\"async\" class=\"loaded\" src=\"https:\/\/www.vaticannews.va\/content\/dam\/vaticannews\/agenzie\/images\/srv\/2019\/10\/23\/2019-10-23-udienza-generale\/1571820739247.JPG\/_jcr_content\/renditions\/cq5dam.thumbnail.cropped.750.422.jpeg\" alt=\"Audi\u00eancia de 23 de outubro de 2019\" data-original=\"\/content\/dam\/vaticannews\/agenzie\/images\/srv\/2019\/10\/23\/2019-10-23-udienza-generale\/1571820739247.JPG\/_jcr_content\/renditions\/cq5dam.thumbnail.cropped.750.422.jpeg\" data-was-processed=\"true\" \/><\/p>\n<div class=\"photo_embed--Title\">Audi\u00eancia de 23 de outubro de 2019<\/div>\n<div><\/div>\n<\/div>\n<\/div>\n<p>Enfim, o Papa perguntou qual o significado da assembleia de Jerusal\u00e9m em nossos dias? E respondeu:<\/p>\n<div>\n<div class=\"article__embed article__embed--border embed_style\">\n<blockquote><p>\u201c A Assembleia de Jerusal\u00e9m nos oferece uma luz importante sobre o modo de enfrentar as diverg\u00eancias e buscar a verdade na caridade. Recorda-nos que o m\u00e9todo eclesial de resolver os conflitos se baseia no di\u00e1logo feito de escuta atenciosa e paciente e no discernimento \u00e0 luz do Esp\u00edrito. De fato, \u00e9 o Esp\u00edrito que nos ajuda a superar os fechamentos e as tens\u00f5es e age nos cora\u00e7\u00f5es para que, na verdade e no bem, chegue \u00e0 unidade. Este texto nos ajuda a entender o significado de S\u00ednodo, iluminados pelo Esp\u00edrito Santo \u201d<\/p><\/blockquote>\n<\/div>\n<\/div>\n<p>S\u00ednodo n\u00e3o \u00e9 uma confer\u00eancia, nem um parlamento, mas algo bem diferente\u201d.<\/p>\n<p>Ao t\u00e9rmino da sua catequese semanal, o Santo Padre passou a saudar os diversos grupos de fi\u00e9is presentes na Pra\u00e7a S\u00e3o Pedro. Eis o que disse aos peregrinos de l\u00edngua portuguesa:<\/p>\n<div>\n<div class=\"article__embed article__embed--border embed_style\">\n<blockquote><p>\u201c Queridos peregrinos de l\u00edngua portuguesa, sa\u00fado-os, cordialmente, a todos, em particular os diversos grupos vindos de Portugal e do Brasil. Que a sua peregrina\u00e7\u00e3o a Roma os ajude a estar preparados para fazer parte da Igreja em sa\u00edda, mediante o testemunho alegre do Evangelho e do amor de Deus por todos os seus filhos. A Virgem Santa os guie e proteja! \u201d<\/p><\/blockquote>\n<\/div>\n<\/div>\n<\/div>\n","protected":false},"excerpt":{"rendered":"<p>O Santo Padre encontrou, na manh\u00e3 desta quarta-feira, na Pra\u00e7a S\u00e3o Pedro, milhares de peregrinos e fi\u00e9is, provenientes de diversas partes do mundo, para a Audi\u00eancia Geral. E reiterou a natureza da Igreja: ou \u00e9 &#8220;em sa\u00edda&#8221; ou n\u00e3o \u00e9 Igreja. Cidade do Vaticano Em sua catequese o Papa refletiu sobre os \u201cAtos dos Ap\u00f3stolos, [&hellip;]<\/p>\n","protected":false},"author":1,"featured_media":54915,"comment_status":"open","ping_status":"closed","sticky":false,"template":"","format":"standard","meta":{"footnotes":""},"categories":[13,3],"tags":[],"class_list":["post-54914","post","type-post","status-publish","format-standard","has-post-thumbnail","hentry","category-featured","category-vaticano"],"_links":{"self":[{"href":"https:\/\/catolicanet.net\/wp-cnet\/wp-json\/wp\/v2\/posts\/54914","targetHints":{"allow":["GET"]}}],"collection":[{"href":"https:\/\/catolicanet.net\/wp-cnet\/wp-json\/wp\/v2\/posts"}],"about":[{"href":"https:\/\/catolicanet.net\/wp-cnet\/wp-json\/wp\/v2\/types\/post"}],"author":[{"embeddable":true,"href":"https:\/\/catolicanet.net\/wp-cnet\/wp-json\/wp\/v2\/users\/1"}],"replies":[{"embeddable":true,"href":"https:\/\/catolicanet.net\/wp-cnet\/wp-json\/wp\/v2\/comments?post=54914"}],"version-history":[{"count":1,"href":"https:\/\/catolicanet.net\/wp-cnet\/wp-json\/wp\/v2\/posts\/54914\/revisions"}],"predecessor-version":[{"id":54916,"href":"https:\/\/catolicanet.net\/wp-cnet\/wp-json\/wp\/v2\/posts\/54914\/revisions\/54916"}],"wp:featuredmedia":[{"embeddable":true,"href":"https:\/\/catolicanet.net\/wp-cnet\/wp-json\/wp\/v2\/media\/54915"}],"wp:attachment":[{"href":"https:\/\/catolicanet.net\/wp-cnet\/wp-json\/wp\/v2\/media?parent=54914"}],"wp:term":[{"taxonomy":"category","embeddable":true,"href":"https:\/\/catolicanet.net\/wp-cnet\/wp-json\/wp\/v2\/categories?post=54914"},{"taxonomy":"post_tag","embeddable":true,"href":"https:\/\/catolicanet.net\/wp-cnet\/wp-json\/wp\/v2\/tags?post=54914"}],"curies":[{"name":"wp","href":"https:\/\/api.w.org\/{rel}","templated":true}]}}