{"id":54907,"date":"2019-10-23T08:47:43","date_gmt":"2019-10-23T11:47:43","guid":{"rendered":"http:\/\/catolicanet.net\/wp-cnet\/?p=54907"},"modified":"2019-10-23T08:47:43","modified_gmt":"2019-10-23T11:47:43","slug":"episcopado-polones-pede-que-papa-proclame-joao-paulo-ii-doutor-da-igreja-e-padroeiro-da-europa","status":"publish","type":"post","link":"https:\/\/catolicanet.net\/wp-cnet\/episcopado-polones-pede-que-papa-proclame-joao-paulo-ii-doutor-da-igreja-e-padroeiro-da-europa\/","title":{"rendered":"Episcopado polon\u00eas pede que Papa proclame Jo\u00e3o Paulo II Doutor da Igreja e Padroeiro da Europa"},"content":{"rendered":"<div class=\"article__subTitle\" style=\"text-align: justify;\">O presidente do Episcopado Polon\u00eas pediu ao Papa Francisco neste 22 de outubro para proclamar S\u00e3o Jo\u00e3o Paulo II Doutor da Igreja e Padroeiro da Europa<\/div>\n<div class=\"title__separator\" style=\"text-align: justify;\"><\/div>\n<div class=\"article__text\">\n<p style=\"text-align: justify;\"><b>Cidade do Vaticano<\/b><\/p>\n<p style=\"text-align: justify;\">O arcebispo Stanis\u0142aw G\u0105decki, presidente do Episcopado Polon\u00eas, em nome da Confer\u00eancia Episcopal Polonesa, pediu ao Papa Francisco para proclamar S\u00e3o Jo\u00e3o Paulo II Doutor da Igreja e Padroeiro da Europa. O pedido foi endossado pelo cardeal Stanis\u0142aw Dziwisz durante o Congresso do Movimento \u201c<i>Europa Christi<\/i>\u201d, realizado neste 22 de outubro em Vars\u00f3via.<\/p>\n<p style=\"text-align: justify;\">Em 2020 ser\u00e1 celebrado o centen\u00e1rio de nascimento de S\u00e3o Jo\u00e3o Paulo II e o 15\u00b0 anivers\u00e1rio da sua morte. Em conex\u00e3o com essas importantes recorr\u00eancias para a Igreja na Pol\u00f4nia e para a Igreja universal, o arcebispo Stanis\u0142aw G\u0105decki recordou que \u201co Pontificado do Papa polon\u00eas era repleto de decis\u00f5es revolucion\u00e1rias e de acontecimentos importantes que mudaram o rosto do papado e influenciaram o curso da hist\u00f3ria europeias e mundial\u201d. Neste sentido, o presidente do Episcopado polon\u00eas dirigiu-se ao Papa Francisco pedindo que proclame S\u00e3o Jo\u00e3o Paulo II Doutor da Igreja e Padroeiro da Europa.<\/p>\n<h2 style=\"text-align: justify;\">Os motivos do pedido<\/h2>\n<p style=\"text-align: justify;\">\u201cA riqueza do Pontificado de S\u00e3o Jo\u00e3o Paulo II &#8211; chamado por muitos historiadores e te\u00f3logos Jo\u00e3o Paulo II, o Grande &#8211; nasceu da riqueza de sua personalidade &#8211; poeta, fil\u00f3sofo, te\u00f3logo e m\u00edstico, que se realizava em muitas dimens\u00f5es, do trabalho pastoral e do ensino, guiando a Igreja universal, at\u00e9 o testemunho pessoal da santidade da vida &#8220;- escreveu o arcebispo G\u0105decki ao Papa Francisco.<\/p>\n<p style=\"text-align: justify;\">Ele tamb\u00e9m enfatizou que o grande sucesso do Pontificado de S\u00e3o Jo\u00e3o Paulo II foi sua contribui\u00e7\u00e3o para a restaura\u00e7\u00e3o da unidade na Europa, depois de mais de cinquenta anos de divis\u00e3o simbolizada pela Cortina de Ferro.<\/p>\n<p style=\"text-align: justify;\">O presidente do Episcopado Polon\u00eas observou que &#8220;ap\u00f3s o an\u00fancio unificador e cultural do Evangelho pelos Santos Cirilo e Met\u00f3dio e por S\u00e3o Adalberto, mais de mil anos mais tarde, os frutos de suas atividades &#8211; n\u00e3o apenas em termos sociais, mas tamb\u00e9m religiosos &#8211; encontraram o seu protetor e continuador na pessoa do Papa polon\u00eas \u201d.<\/p>\n<h2 style=\"text-align: justify;\">Legado de S\u00e3o Jo\u00e3o Paulo II permanecer\u00e1 elemento essencial de um projeto de renova\u00e7\u00e3o cultural em escala global<\/h2>\n<p style=\"text-align: justify;\">O cardeal Stanis\u0142aw Dziwisz, em seu discurso no Congresso do Movimento &#8220;Europa Christi&#8221;, apoiou o pedido do arcebispo Stanis\u0142aw G\u0105decki dirigido ao Papa Francisco. Ele enfatizou que o Papa polon\u00eas deveria ser reconhecido como Doutor da Igreja e Padroeiro de nossa casa europeia.<\/p>\n<p style=\"text-align: justify;\">&#8220;O legado do Papa Wojty\u0142a \u00e9 uma s\u00edntese rica, multifacetada e original de v\u00e1rias linhas de pensamento. N\u00e3o h\u00e1 d\u00favida de que ainda permanece &#8211; e permanecer\u00e1 por muito tempo &#8211; um elemento essencial de um projeto de renova\u00e7\u00e3o cultural em escala global. Na minha opini\u00e3o, estas s\u00e3o ao mesmo tempo as principais raz\u00f5es pelas quais Jo\u00e3o Paulo II deveria ser reconhecido como Doutor da Igreja e co-Padroeiro de nossa casa europeia &#8211; afirmou o purpurado.<\/p>\n<p style=\"text-align: justify;\">O cardeal Dziwisz observou que este projeto n\u00e3o \u00e9 um pedido de um simples retorno ao passado. &#8220;O pensamento de Jo\u00e3o Paulo II \u00e9 de fato absolutamente moderno, original e criativo, mas, ao mesmo tempo, permanece nobremente cl\u00e1ssico. O dif\u00edcil equil\u00edbrio de Wojty\u0142a entre tradi\u00e7\u00e3o e modernidade trouxe um sopro de grande frescor \u00e0 vida da Igreja e, por meio dela, no espa\u00e7o universal da cultura, da pol\u00edtica e da ci\u00eancia em geral. Deste ponto de vista, o Papa Santo tornou-se um verdadeiro mestre e Doutor da Igreja, e com isso um guardi\u00e3o fundamental dos valores europeus, que constituem o fundamento irremov\u00edvel da civiliza\u00e7\u00e3o contempor\u00e2nea&#8221;.<\/p>\n<p style=\"text-align: justify;\">\u00a0&#8220;O Papa Wojty\u0142a n\u00e3o \u00e9 somente um grande Doutor da Igreja contempor\u00e2nea, mas tamb\u00e9m um grande Padroeiro da Europa &#8211; afirmou o cardeal Dziwisz &#8211; que tem muito a dizer aos crentes e n\u00e3o crentes. Em tempos dif\u00edceis e complexos como o nosso, a sua intercess\u00e3o junto a Deus, da qual nos assegurou t\u00e3o bem bem o cardeal Ratzinger na homilia do funeral, constitui um sustento formid\u00e1vel para todos os homens de boa vontade, e o legado que ele nos deixou em seus escritos representa um mapa completo da justa dire\u00e7\u00e3o que nosso caminho comum para um mundo melhor deve seguir e para o encontro final com o Senhor que vir\u00e1\u201d.<\/p>\n<p style=\"text-align: justify;\">(Com <i>Confer\u00eancia Episcopal da Pol\u00f4nia<\/i>)<\/p>\n<\/div>\n","protected":false},"excerpt":{"rendered":"<p>O presidente do Episcopado Polon\u00eas pediu ao Papa Francisco neste 22 de outubro para proclamar S\u00e3o Jo\u00e3o Paulo II Doutor da Igreja e Padroeiro da Europa Cidade do Vaticano O arcebispo Stanis\u0142aw G\u0105decki, presidente do Episcopado Polon\u00eas, em nome da Confer\u00eancia Episcopal Polonesa, pediu ao Papa Francisco para proclamar S\u00e3o Jo\u00e3o Paulo II Doutor da [&hellip;]<\/p>\n","protected":false},"author":1,"featured_media":54908,"comment_status":"open","ping_status":"closed","sticky":false,"template":"","format":"standard","meta":{"footnotes":""},"categories":[13,3],"tags":[],"class_list":["post-54907","post","type-post","status-publish","format-standard","has-post-thumbnail","hentry","category-featured","category-vaticano"],"_links":{"self":[{"href":"https:\/\/catolicanet.net\/wp-cnet\/wp-json\/wp\/v2\/posts\/54907","targetHints":{"allow":["GET"]}}],"collection":[{"href":"https:\/\/catolicanet.net\/wp-cnet\/wp-json\/wp\/v2\/posts"}],"about":[{"href":"https:\/\/catolicanet.net\/wp-cnet\/wp-json\/wp\/v2\/types\/post"}],"author":[{"embeddable":true,"href":"https:\/\/catolicanet.net\/wp-cnet\/wp-json\/wp\/v2\/users\/1"}],"replies":[{"embeddable":true,"href":"https:\/\/catolicanet.net\/wp-cnet\/wp-json\/wp\/v2\/comments?post=54907"}],"version-history":[{"count":2,"href":"https:\/\/catolicanet.net\/wp-cnet\/wp-json\/wp\/v2\/posts\/54907\/revisions"}],"predecessor-version":[{"id":54910,"href":"https:\/\/catolicanet.net\/wp-cnet\/wp-json\/wp\/v2\/posts\/54907\/revisions\/54910"}],"wp:featuredmedia":[{"embeddable":true,"href":"https:\/\/catolicanet.net\/wp-cnet\/wp-json\/wp\/v2\/media\/54908"}],"wp:attachment":[{"href":"https:\/\/catolicanet.net\/wp-cnet\/wp-json\/wp\/v2\/media?parent=54907"}],"wp:term":[{"taxonomy":"category","embeddable":true,"href":"https:\/\/catolicanet.net\/wp-cnet\/wp-json\/wp\/v2\/categories?post=54907"},{"taxonomy":"post_tag","embeddable":true,"href":"https:\/\/catolicanet.net\/wp-cnet\/wp-json\/wp\/v2\/tags?post=54907"}],"curies":[{"name":"wp","href":"https:\/\/api.w.org\/{rel}","templated":true}]}}