{"id":54904,"date":"2019-10-23T08:28:58","date_gmt":"2019-10-23T11:28:58","guid":{"rendered":"http:\/\/catolicanet.net\/wp-cnet\/?p=54904"},"modified":"2019-10-23T08:30:45","modified_gmt":"2019-10-23T11:30:45","slug":"lancado-material-para-a-3a-jornada-mundial-dos-pobres-semana-da-solidariedade","status":"publish","type":"post","link":"https:\/\/catolicanet.net\/wp-cnet\/lancado-material-para-a-3a-jornada-mundial-dos-pobres-semana-da-solidariedade\/","title":{"rendered":"Lan\u00e7ado material para a 3\u00aa Jornada Mundial dos Pobres \u2013 Semana da Solidariedade"},"content":{"rendered":"<p style=\"text-align: justify;\">Convocada pelo Papa Francisco no encerramento do Ano da Miseric\u00f3rdia, em 2016, a Jornada Mundial dos Pobres \u00e9 um convite a todas as comunidades crist\u00e3s e a todas as pessoas de boa vontade, para que levem esperan\u00e7a e conforto aos pobres, \u201ce para que colaborem para que ningu\u00e9m se sinta privado da proximidade e da solidariedade humana\u201d, afirma o secret\u00e1rio-geral da CNBB, dom Joel Portella.<\/p>\n<p style=\"text-align: justify;\">Em 2019, o Papa oferece como ilumina\u00e7\u00e3o b\u00edblica a cita\u00e7\u00e3o do Salmo: \u201cA esperan\u00e7a dos pobres jamais se frustrar\u00e1\u201d (Sl 9, 19) para animar a Jornada Mundial dos Pobres que ser\u00e1 celebrada de 10 a 17 de novembro. Em mensagem divulgada para a ocasi\u00e3o, o pont\u00edfice afirma que \u201ca op\u00e7\u00e3o pelos \u00faltimos, por aqueles que a sociedade descarta e lan\u00e7a fora \u00e9 uma escolha priorit\u00e1ria que os disc\u00edpulos de Cristo s\u00e3o chamados a abra\u00e7ar para n\u00e3o trair a credibilidade da Igreja e dar uma esperan\u00e7a concreta a tantos indefesos\u201d.<\/p>\n<p style=\"text-align: justify;\">Este ano, em sintonia com a Confer\u00eancia Nacional dos Bispos do Brasil (CNBB), a C\u00e1ritas Brasileira juntamente com a Pastoral da Mulher Marginalizada, a Pastoral do Povo de Rua e a Pastoral do Migrante lan\u00e7am material de mobiliza\u00e7\u00e3o para a data. Dom Joel Portella explica que nesta terceira edi\u00e7\u00e3o da Jornada, as pastorais sociais, de modo especial, a Pastoral do Povo de Rua e a Pastoral da Mulher, v\u00eam se somar a este empenho de mobilizar as iniciativas de solidariedade e empatia com os empobrecidos do nosso pa\u00eds. <a href=\"http:\/\/www.cnbb.org.br\/?attachment_id=227799\"><img loading=\"lazy\" decoding=\"async\" class=\"size-medium wp-image-227799 alignleft\" src=\"http:\/\/www.cnbb.org.br\/wp-content\/uploads\/sites\/32\/2019\/10\/POST4_v3-300x300.jpg\" srcset=\"http:\/\/www.cnbb.org.br\/wp-content\/uploads\/sites\/32\/2019\/10\/POST4_v3-300x300.jpg 300w, http:\/\/www.cnbb.org.br\/wp-content\/uploads\/sites\/32\/2019\/10\/POST4_v3-150x150.jpg 150w, http:\/\/www.cnbb.org.br\/wp-content\/uploads\/sites\/32\/2019\/10\/POST4_v3-768x768.jpg 768w, http:\/\/www.cnbb.org.br\/wp-content\/uploads\/sites\/32\/2019\/10\/POST4_v3-1024x1024.jpg 1024w, http:\/\/www.cnbb.org.br\/wp-content\/uploads\/sites\/32\/2019\/10\/POST4_v3.jpg 1080w\" alt=\"\" width=\"300\" height=\"300\" \/><\/a><\/p>\n<p style=\"text-align: justify;\">\u201cEste subs\u00eddio oferece textos para reflex\u00e3o e sugest\u00f5es de a\u00e7\u00f5es que podem ser realizadas, al\u00e9m de depoimentos que inspiram a reflex\u00e3o a respeito da situa\u00e7\u00e3o de vulnerabilidade e da resist\u00eancia dos empobrecidos na defesa dos seus direitos e garantia de sua dignidade. Como instrumentos de comunica\u00e7\u00e3o s\u00e3o disponibilizados spot para r\u00e1dios e TVs, cartaz, e cards para as redes sociais\u201d, afirma o secret\u00e1rio-geral da CNBB.<\/p>\n<p style=\"text-align: justify;\">Os materiais podem ser <a href=\"https:\/\/drive.google.com\/drive\/u\/0\/folders\/1GcYnjfe2sklCyBBt5v3Zvj8_544tscj0\">acessados aqui<\/a>, assim como a carta de dom Joel Portella convidando a todos a se empenharem pela realiza\u00e7\u00e3o da Jornada Mundial dos Pobres.<\/p>\n","protected":false},"excerpt":{"rendered":"<p>Convocada pelo Papa Francisco no encerramento do Ano da Miseric\u00f3rdia, em 2016, a Jornada Mundial dos Pobres \u00e9 um convite a todas as comunidades crist\u00e3s e a todas as pessoas de boa vontade, para que levem esperan\u00e7a e conforto aos pobres, \u201ce para que colaborem para que ningu\u00e9m se sinta privado da proximidade e da [&hellip;]<\/p>\n","protected":false},"author":1,"featured_media":54906,"comment_status":"open","ping_status":"closed","sticky":false,"template":"","format":"standard","meta":{"footnotes":""},"categories":[7],"tags":[],"class_list":["post-54904","post","type-post","status-publish","format-standard","has-post-thumbnail","hentry","category-cnbb"],"_links":{"self":[{"href":"https:\/\/catolicanet.net\/wp-cnet\/wp-json\/wp\/v2\/posts\/54904","targetHints":{"allow":["GET"]}}],"collection":[{"href":"https:\/\/catolicanet.net\/wp-cnet\/wp-json\/wp\/v2\/posts"}],"about":[{"href":"https:\/\/catolicanet.net\/wp-cnet\/wp-json\/wp\/v2\/types\/post"}],"author":[{"embeddable":true,"href":"https:\/\/catolicanet.net\/wp-cnet\/wp-json\/wp\/v2\/users\/1"}],"replies":[{"embeddable":true,"href":"https:\/\/catolicanet.net\/wp-cnet\/wp-json\/wp\/v2\/comments?post=54904"}],"version-history":[{"count":1,"href":"https:\/\/catolicanet.net\/wp-cnet\/wp-json\/wp\/v2\/posts\/54904\/revisions"}],"predecessor-version":[{"id":54905,"href":"https:\/\/catolicanet.net\/wp-cnet\/wp-json\/wp\/v2\/posts\/54904\/revisions\/54905"}],"wp:featuredmedia":[{"embeddable":true,"href":"https:\/\/catolicanet.net\/wp-cnet\/wp-json\/wp\/v2\/media\/54906"}],"wp:attachment":[{"href":"https:\/\/catolicanet.net\/wp-cnet\/wp-json\/wp\/v2\/media?parent=54904"}],"wp:term":[{"taxonomy":"category","embeddable":true,"href":"https:\/\/catolicanet.net\/wp-cnet\/wp-json\/wp\/v2\/categories?post=54904"},{"taxonomy":"post_tag","embeddable":true,"href":"https:\/\/catolicanet.net\/wp-cnet\/wp-json\/wp\/v2\/tags?post=54904"}],"curies":[{"name":"wp","href":"https:\/\/api.w.org\/{rel}","templated":true}]}}