{"id":54887,"date":"2019-10-22T11:20:30","date_gmt":"2019-10-22T14:20:30","guid":{"rendered":"http:\/\/catolicanet.net\/wp-cnet\/?p=54887"},"modified":"2019-10-22T11:20:30","modified_gmt":"2019-10-22T14:20:30","slug":"o-pontificado-do-papa-francisco-e-todo-ele-missionario","status":"publish","type":"post","link":"https:\/\/catolicanet.net\/wp-cnet\/o-pontificado-do-papa-francisco-e-todo-ele-missionario\/","title":{"rendered":"\u201cO Pontificado do Papa Francisco \u00e9 todo ele mission\u00e1rio\u201d"},"content":{"rendered":"<div class=\"article__subTitle\" style=\"text-align: justify;\">Entrevista \u00e0 VATICAN NEWS do Padre Ant\u00f3nio Lopes, diretor das Obras Mission\u00e1rias Pontif\u00edcias em Portugal no contexto do Ano Mission\u00e1rio.<\/div>\n<div class=\"title__separator\" style=\"text-align: justify;\"><\/div>\n<div class=\"article__text\">\n<p style=\"text-align: justify;\"><b>Domingos Pinto &#8211; Lisboa<\/b><\/p>\n<p style=\"text-align: justify;\">\u201cO Pontificado do Papa Francisco \u00e9 todo ele mission\u00e1rio, desde o come\u00e7o, desde que ele apareceu naquele dia \u00e0 varanda do Vaticano at\u00e9 hoje tem sido sempre um esp\u00edrito mission\u00e1rio\u201d.<\/p>\n<audio class=\"wp-audio-shortcode\" id=\"audio-54887-1\" preload=\"none\" style=\"width: 100%;\" controls=\"controls\"><source type=\"audio\/mpeg\" src=\"https:\/\/media.vaticannews.va\/media\/audio\/s1\/2019\/10\/22\/11\/135294570_F135294570.mp3?_=1\" \/><a href=\"https:\/\/media.vaticannews.va\/media\/audio\/s1\/2019\/10\/22\/11\/135294570_F135294570.mp3\">https:\/\/media.vaticannews.va\/media\/audio\/s1\/2019\/10\/22\/11\/135294570_F135294570.mp3<\/a><\/audio>\n<p style=\"text-align: justify;\">Palavras em entrevista ao portal da Santa S\u00e9 do padre Ant\u00f3nio Lopes, diretor das Obras Mission\u00e1rias Pontif\u00edcias no balan\u00e7o do Ano Mission\u00e1rio Especial convocado pela Confer\u00eancia Episcopal Portuguesa e do M\u00eas Mission\u00e1rio Extraordin\u00e1rio proposto pelo Papa Francisco.<\/p>\n<p style=\"text-align: justify;\">\u201cFoi ele que nos chamou para este m\u00eas extraordin\u00e1rio da miss\u00e3o. \u00c9 ele que nos tem convocado para grandes mudan\u00e7as quando fala, por exemplo, da igreja em sa\u00edda, \u00e9 de fato esta igreja mission\u00e1ria que ele tem no seu olhar e no seu horizonte\u201d, diz o padre Ant\u00f3nio Lopes.<\/p>\n<p style=\"text-align: justify;\">\u201cAquilo que os nossos bispos quiseram foi que toda a gente, todas as par\u00f3quias, em todas as dioceses, em todos os grupos e movimentos se redescobrisse este ardor e \u00e2nimo mission\u00e1rio. Este \u00e9 o objetivo principal\u201d, sublinha o diretor das Obras Mission\u00e1rias Pontif\u00edcias que lembra que \u201ca Miss\u00e3o \u00e9 de cora\u00e7\u00e3o a cora\u00e7\u00e3o, de Pessoa a Pessoa\u201d.<\/p>\n<p style=\"text-align: justify;\">\u201cUma igreja que n\u00e3o fica adormecida, e nem se encerra em si mesma com medo, mas que sai pela for\u00e7a e impulsionada pelo Esp\u00edrito Santo como no primeiro Pentecostes\u201d, sublinha o sacerdote que considera que \u201ca miss\u00e3o hoje, mais do que at\u00e9 palavras, \u00e9 dada pelo testemunho vivencial \u201c.<\/p>\n<p style=\"text-align: justify;\">O padre Ant\u00f3nio Lopes real\u00e7a ainda a forma din\u00e2mica e intensa como foi vivido o Ano Mission\u00e1rio em Portugal, com v\u00e1rias iniciativas nas comunidades crist\u00e3s no Porto, Beja, Santar\u00e9m, entre outras dioceses do pa\u00eds.<\/p>\n<p style=\"text-align: justify;\">No caso de Aveiro, por exemplo, \u201cno dia de abertura fez tocar os sinos em todas as igrejas da diocese e enfeitar a porta, abrir a porta do Ano Mission\u00e1rio\u201d.<\/p>\n<p style=\"text-align: justify;\">\u201cPod\u00edamos fazer mais? Talvez. Pod\u00edamos fazer melhor? Acho que sim. Fizemos aquilo que fizemos, mas aquilo que fizemos, fizemo-lo conscientes que era de fato animados pela miss\u00e3o?\u201d, interpela\u00e7\u00f5es que padre Ant\u00f3nio Lopes deixa nesta entrevista e com um grande desafio: \u201cSem encontro com Jesus Cristo, n\u00e3o h\u00e1 miss\u00e3o\u201d.<\/p>\n<\/div>\n","protected":false},"excerpt":{"rendered":"<p>Entrevista \u00e0 VATICAN NEWS do Padre Ant\u00f3nio Lopes, diretor das Obras Mission\u00e1rias Pontif\u00edcias em Portugal no contexto do Ano Mission\u00e1rio. Domingos Pinto &#8211; Lisboa \u201cO Pontificado do Papa Francisco \u00e9 todo ele mission\u00e1rio, desde o come\u00e7o, desde que ele apareceu naquele dia \u00e0 varanda do Vaticano at\u00e9 hoje tem sido sempre um esp\u00edrito mission\u00e1rio\u201d. Palavras [&hellip;]<\/p>\n","protected":false},"author":1,"featured_media":54888,"comment_status":"open","ping_status":"closed","sticky":false,"template":"","format":"standard","meta":{"footnotes":""},"categories":[3],"tags":[],"class_list":["post-54887","post","type-post","status-publish","format-standard","has-post-thumbnail","hentry","category-vaticano"],"_links":{"self":[{"href":"https:\/\/catolicanet.net\/wp-cnet\/wp-json\/wp\/v2\/posts\/54887","targetHints":{"allow":["GET"]}}],"collection":[{"href":"https:\/\/catolicanet.net\/wp-cnet\/wp-json\/wp\/v2\/posts"}],"about":[{"href":"https:\/\/catolicanet.net\/wp-cnet\/wp-json\/wp\/v2\/types\/post"}],"author":[{"embeddable":true,"href":"https:\/\/catolicanet.net\/wp-cnet\/wp-json\/wp\/v2\/users\/1"}],"replies":[{"embeddable":true,"href":"https:\/\/catolicanet.net\/wp-cnet\/wp-json\/wp\/v2\/comments?post=54887"}],"version-history":[{"count":1,"href":"https:\/\/catolicanet.net\/wp-cnet\/wp-json\/wp\/v2\/posts\/54887\/revisions"}],"predecessor-version":[{"id":54889,"href":"https:\/\/catolicanet.net\/wp-cnet\/wp-json\/wp\/v2\/posts\/54887\/revisions\/54889"}],"wp:featuredmedia":[{"embeddable":true,"href":"https:\/\/catolicanet.net\/wp-cnet\/wp-json\/wp\/v2\/media\/54888"}],"wp:attachment":[{"href":"https:\/\/catolicanet.net\/wp-cnet\/wp-json\/wp\/v2\/media?parent=54887"}],"wp:term":[{"taxonomy":"category","embeddable":true,"href":"https:\/\/catolicanet.net\/wp-cnet\/wp-json\/wp\/v2\/categories?post=54887"},{"taxonomy":"post_tag","embeddable":true,"href":"https:\/\/catolicanet.net\/wp-cnet\/wp-json\/wp\/v2\/tags?post=54887"}],"curies":[{"name":"wp","href":"https:\/\/api.w.org\/{rel}","templated":true}]}}