{"id":5486,"date":"2015-01-22T12:18:59","date_gmt":"2015-01-22T14:18:59","guid":{"rendered":"http:\/\/catolicanet.net\/wp-cnet\/voce-se-aceita-como-e\/"},"modified":"2017-04-07T16:18:59","modified_gmt":"2017-04-07T19:18:59","slug":"voce-se-aceita-como-e","status":"publish","type":"post","link":"https:\/\/catolicanet.net\/wp-cnet\/voce-se-aceita-como-e\/","title":{"rendered":"Voc\u00ea se aceita como \u00e9?"},"content":{"rendered":"<p style=\"text-align: center;\"><img decoding=\"async\" src=\"http:\/\/catolicanet.com.br\/images\/stories\/rapaz vermelho.jpg\" border=\"0\" \/><\/p>\n<p style=\"text-align: center;\"><strong>Antes de lamentar o que voc\u00ea n\u00e3o tem, agrade\u00e7a o que voc\u00ea j\u00e1 tem<\/strong><\/p>\n<p style=\"text-align: justify;\">Cada um de n\u00f3s \u00e9 riqu\u00edssimo no seu ser. Fomos feitos \u00e0 imagem de Deus; o que mais poder\u00edamos desejar? Deus entrou dentro de Si mesmo para l\u00e1 ir buscar o nosso molde.<\/p>\n<p>Como, ent\u00e3o, voc\u00ea pode ficar reclamando das qualidades que voc\u00ea n\u00e3o tem? N\u00e3o seria isto ser ingrato com Deus?<\/p>\n<p>Antes de lamentar e lamuriar o que voc\u00ea n\u00e3o tem, agrade\u00e7a o que voc\u00ea j\u00e1 tem, e tudo o que recebeu gratuitamente Dele.<\/p>\n<p>Olhe primeiro para as suas m\u00e3os perfeitas\u2026 e diga muito obrigado Senhor!<\/p>\n<p>Pense nos teus olhos que enxergam longe, teus ouvidos que ouvem o cantar dos p\u00e1ssaros, e diga obrigado Senhor!<\/p>\n<p>Olhe para a beleza e vigor da sua juventude, e agrade\u00e7a ao bom Pai, de quem procede toda d\u00e1diva boa.<\/p>\n<p>A pior qualidade de um filho \u00e9 a ingratid\u00e3o diante do pai.<\/p>\n<p>Jesus ficou muito aborrecido quando curou dez leprosos (uma doen\u00e7a incur\u00e1vel na \u00e9poca!), mas s\u00f3 um (samaritano) voltou para agradecer. E este n\u00e3o era judeu, isto \u00e9, o \u00fanico que n\u00e3o era considerado pertencente ao povo de Deus.<\/p>\n<p>Voc\u00ea recebeu uma grande heran\u00e7a de Deus, que est\u00e1 dentro de voc\u00ea; sua intelig\u00eancia, sua liberdade, vontade, capacidade de amar, sua mem\u00f3ria, consci\u00eancia, etc., enfim, seus talentos, que Deus espera que voc\u00ea fa\u00e7a crescer para o seu bem e o dos outros.<\/p>\n<p>A primeira coisa para que voc\u00ea possa multiplicar esses talentos, \u00e9 aceitar-se como voc\u00ea \u00e9, f\u00edsica e espiritualmente.<\/p>\n<p>N\u00e3o fique apenas olhando para os seus problemas, numa esp\u00e9cie de introspec\u00e7\u00e3o m\u00f3rbida, porque sen\u00e3o voc\u00ea acabar\u00e1 n\u00e3o vendo as suas qualidades; e isto te tornar\u00e1 escravo do teu complexo de inferioridade.<\/p>\n<p>S\u00e3o Paulo disse que somos como que \u201cvasos de barro\u201d, mas que trazemos um tesouro de Deus escondido a\u00ed dentro (cf. 1Cor4, 7).<\/p>\n<p>Eu n\u00e3o estou dizendo que voc\u00ea deve se esconder dos seus problemas, ou fazer de conta que eles n\u00e3o existem, n\u00e3o \u00e9 isto. Reconhe\u00e7a-os e aceite-os; e, com f\u00e9 em Deus, e confian\u00e7a em voc\u00ea, lute para super\u00e1-los, sem ficar derrotado e lamuriando a pr\u00f3pria sorte.<\/p>\n<p>Saiba que \u00e9 exatamente quando vencemos os nossos problemas e quando superamos os nossos limites, que crescemos como pessoas humanas.<\/p>\n<p>N\u00e3o tenha medo dos seus problemas, eles existem para serem resolvidos. Um amigo me dizia que todo problema tem solu\u00e7\u00e3o; e que, quando um deles n\u00e3o tem solu\u00e7\u00e3o, ent\u00e3o, deixa de ser problema. \u201cO que n\u00e3o tem rem\u00e9dio, est\u00e1 remediado\u201d, diz o povo. N\u00e3o adianta ficar chorando o leite derramado.<\/p>\n<p>\u00c9 na crise e na luta que o homem cresce. \u00c9 s\u00f3 no fogo que o a\u00e7o ganha t\u00eampera. \u00c9 sob as marteladas do ferreiro que a l\u00e2mina vira um espada.<\/p>\n<p>Por isso, \u00e9 importante eliminar as suas atitudes negativas.<\/p>\n<p>Deus tem um des\u00edgnio para voc\u00ea e para cada um de n\u00f3s; uma bela miss\u00e3o a ser cumprida, e voc\u00ea pode estar certo de que Ele lhe deu os talentos necess\u00e1rios para cumpri-la.<\/p>\n<p>Deus quer que voc\u00ea seja um aliado dele, um cooperador Seu, na obra da constru\u00e7\u00e3o do mundo. Ele n\u00e3o nos entregou o mundo acabado, exatamente para poder nos dar a honra e a alegria de sermos seus colaboradores nesta bela obra.<\/p>\n<p>Ele precisa de nossas m\u00e3os e de nossa intelig\u00eancia, Ele quer usar os seus talentos.<\/p>\n<p>O homem mais infeliz \u00e9 aquele que se fecha em si mesmo e n\u00e3o usa os seus talentos para o bem dos outros. Esse se torna deprimido.<\/p>\n<p>Na par\u00e1bola dos talentos, Jesus mostrou que s\u00f3 foi pedido um talento a mais \u00e0quele que tinha ganhado um; mas que foi pedido dez novos talentos ao que tinha dado dez. Deus \u00e9 coerente.<\/p>\n<p>Voc\u00ea sabe que \u00e9 \u201c\u00fanico\u201d aos olhos de Deus, irrepet\u00edvel; logo, voc\u00ea recebeu talentos que s\u00f3 voc\u00ea tem; ent\u00e3o, Deus espera que voc\u00ea desenvolva esta bela heran\u00e7a, sendo aquilo que voc\u00ea \u00e9.<\/p>\n<p>\u00c9 um ato de maturidade ter a humildade de reconhecer os seus limites e aceit\u00e1-los; isto n\u00e3o \u00e9 ser menor ou menos importante; \u00e9 ser real. <br \/>Aceite suas limita\u00e7\u00f5es, seus problemas, seu f\u00edsico, sua fam\u00edlia, sua cor, sua casa, tamb\u00e9m seus pais e seus irm\u00e3os, por mais dif\u00edceis que sejam\u2026 e comece a trabalhar com f\u00e9 e paci\u00eancia, para melhorar o que for poss\u00edvel.<\/p>\n<p>Se voc\u00ea n\u00e3o come\u00e7ar por aceitar o seu f\u00edsico, aquilo que voc\u00ea v\u00ea, tamb\u00e9m n\u00e3o aceitar\u00e1 os defeitos que voc\u00ea n\u00e3o v\u00ea.<\/p>\n<p>Voc\u00ea corre o risco de n\u00e3o gostar de voc\u00ea se n\u00e3o aceitar o seu corpo. Muitos se revoltam contra si mesmos e contra Deus por causa disto.<\/p>\n<p>Voc\u00ea s\u00f3 poder\u00e1 gostar de voc\u00ea \u2013 amar a si mesmo \u2013 se aceitar-se como \u00e9, f\u00edsica e espiritualmente. Caso contr\u00e1rio n\u00e3o ser\u00e1 feliz.<\/p>\n<p>\u00c9 claro que \u00e9 bom aprender as coisas boas com os outros, mas n\u00e3o podemos querer imit\u00e1-los em tudo.<\/p>\n<p>Voc\u00ea n\u00e3o pode ficar se comparando com outra pessoa, e quem sabe, ficar at\u00e9 deprimido porque n\u00e3o tem os mesmos sucessos dela. Cada um \u00e9 um diante de Deus.<\/p>\n<p>Tamb\u00e9m n\u00e3o se deixe levar pelo julgamento que as pessoas fazem de voc\u00ea. Saiba de uma coisa: voc\u00ea n\u00e3o ser\u00e1 melhor porque as pessoas o elogiam, mas tamb\u00e9m n\u00e3o ser\u00e1 pior porque o criticam.<\/p>\n<p>Como dizia S\u00e3o Francisco, \u201csou o que sou diante de Deus.\u201d<\/p>\n<p>Certa vez iam por uma estrada um velho, um menino e um burro.<\/p>\n<p>O velho puxava o burro e o menino estava sobre o animal.<\/p>\n<p>Ao passarem por uma cidade, ouviram algu\u00e9m dizer:<\/p>\n<p>\u201cQue menino sem cora\u00e7\u00e3o, deixa o velho ir a p\u00e9. Devia ir puxando o burro e colocar o velho sobre este!\u201d<\/p>\n<p>Imediatamente o menino desceu do burro e colocou o velho l\u00e1 em cima, e continuaram a viagem.<\/p>\n<p>Ao passar por outro lugar, escutaram algu\u00e9m dizer:<\/p>\n<p>\u201cQue velho folgado, deixa o menino ir a p\u00e9, e vai sobre o burro!\u201d<\/p>\n<p>Ent\u00e3o, eles pararam e come\u00e7aram a pensar no que fazer:<\/p>\n<p>O velho disse ao menino:<\/p>\n<p>S\u00f3 nos resta uma alternativa: irmos a p\u00e9 carregando o burro nos nossos bra\u00e7os!\u2026\u201d<\/p>\n<p>Moral da est\u00f3ria: \u00e9 imposs\u00edvel agradar a todos!<\/p>\n","protected":false},"excerpt":{"rendered":"<p>Antes de lamentar o que voc\u00ea n\u00e3o tem, agrade\u00e7a o que voc\u00ea j\u00e1 tem Cada um de n\u00f3s \u00e9 riqu\u00edssimo no seu ser. Fomos feitos \u00e0 imagem de Deus; o que mais poder\u00edamos desejar? Deus entrou dentro de Si mesmo para l\u00e1 ir buscar o nosso molde. Como, ent\u00e3o, voc\u00ea pode ficar reclamando das qualidades [&hellip;]<\/p>\n","protected":false},"author":1,"featured_media":0,"comment_status":"closed","ping_status":"closed","sticky":false,"template":"","format":"standard","meta":{"footnotes":""},"categories":[4],"tags":[],"class_list":["post-5486","post","type-post","status-publish","format-standard","hentry","category-cotidiano"],"_links":{"self":[{"href":"https:\/\/catolicanet.net\/wp-cnet\/wp-json\/wp\/v2\/posts\/5486","targetHints":{"allow":["GET"]}}],"collection":[{"href":"https:\/\/catolicanet.net\/wp-cnet\/wp-json\/wp\/v2\/posts"}],"about":[{"href":"https:\/\/catolicanet.net\/wp-cnet\/wp-json\/wp\/v2\/types\/post"}],"author":[{"embeddable":true,"href":"https:\/\/catolicanet.net\/wp-cnet\/wp-json\/wp\/v2\/users\/1"}],"replies":[{"embeddable":true,"href":"https:\/\/catolicanet.net\/wp-cnet\/wp-json\/wp\/v2\/comments?post=5486"}],"version-history":[{"count":1,"href":"https:\/\/catolicanet.net\/wp-cnet\/wp-json\/wp\/v2\/posts\/5486\/revisions"}],"predecessor-version":[{"id":10666,"href":"https:\/\/catolicanet.net\/wp-cnet\/wp-json\/wp\/v2\/posts\/5486\/revisions\/10666"}],"wp:attachment":[{"href":"https:\/\/catolicanet.net\/wp-cnet\/wp-json\/wp\/v2\/media?parent=5486"}],"wp:term":[{"taxonomy":"category","embeddable":true,"href":"https:\/\/catolicanet.net\/wp-cnet\/wp-json\/wp\/v2\/categories?post=5486"},{"taxonomy":"post_tag","embeddable":true,"href":"https:\/\/catolicanet.net\/wp-cnet\/wp-json\/wp\/v2\/tags?post=5486"}],"curies":[{"name":"wp","href":"https:\/\/api.w.org\/{rel}","templated":true}]}}