{"id":5484,"date":"2015-01-21T12:51:05","date_gmt":"2015-01-21T14:51:05","guid":{"rendered":"http:\/\/catolicanet.net\/wp-cnet\/papa-economia-do-descartavel-e-causa-da-pobreza-nao-as-familias-numerosas\/"},"modified":"2017-04-07T16:19:44","modified_gmt":"2017-04-07T19:19:44","slug":"papa-economia-do-descartavel-e-causa-da-pobreza-nao-as-familias-numerosas","status":"publish","type":"post","link":"https:\/\/catolicanet.net\/wp-cnet\/papa-economia-do-descartavel-e-causa-da-pobreza-nao-as-familias-numerosas\/","title":{"rendered":"Papa: economia do descart\u00e1vel \u00e9 causa da pobreza n\u00e3o as fam\u00edlias numerosas"},"content":{"rendered":"<p style=\"text-align: justify;\"><img decoding=\"async\" src=\"http:\/\/catolicanet.com.br\/images\/stories\/geral\/papaeconomia.jpg\" border=\"0\" align=\"left\" \/>Quarta-feira, 21 de janeiro, audi\u00eancia geral do Papa Francisco na Sala Paulo VI. Tema da catequese: a recente Viagem Apost\u00f3lica ao Sri Lanka e Filipinas. O Santo Padre recordou a visita a estes dois pa\u00edses que, em tempos recentes, viveram grandes tribula\u00e7\u00f5es e necessitam da for\u00e7a e solidariedade de todos no seu caminho de reconstru\u00e7\u00e3o social e material. O Sri Lanka rejubilou com o seu primeiro santo \u2013 S. Jos\u00e9 Vaz \u2013, cujo exemplo de santidade e amor ao pr\u00f3ximo continua a inspirar a Igreja no seu servi\u00e7o de caridade e promo\u00e7\u00e3o humana aberto a todos os necessitados sem distin\u00e7\u00e3o de religi\u00e3o ou grupo social. Em particular o Santo Padre encontrou-se com os v\u00e1rios l\u00edderes religiosos daquele pa\u00eds:<\/p>\n<p>\u201cO meu encontro com os expoentes religiosos foi uma confirma\u00e7\u00e3o das boas rela\u00e7\u00f5es que existem entre as v\u00e1rias comunidades. Em tal contexto quis encorajar a coopera\u00e7\u00e3o j\u00e1 iniciada entre os seguidores das diferentes tradi\u00e7\u00f5es religiosas, tamb\u00e9m com o fim de poder curar com o b\u00e1lsamo do perd\u00e3o todos os que ainda est\u00e3o aflitos pelos sofrimentos dos \u00faltimos anos.\u201d<\/p>\n<p>O Papa Francisco referiu-se depois ao objetivo principal da sua visita \u00e0s Filipinas que era levar conforto e encorajamento \u00e0s popula\u00e7\u00f5es que atingidas pelo tuf\u00e3o Yolanda. E salientou em especial o seu encontro com as fam\u00edlias e com os jovens:<\/p>\n<p>\u201cOs encontros com as fam\u00edlias e com os jovens em Manila, foram momentos salientes da visita nas Filipinas. As fam\u00edlias s\u00e3s s\u00e3o essenciais \u00e0 vida da sociedade. D\u00e1 consola\u00e7\u00e3o e esperan\u00e7a ver tantas fam\u00edlias numerosas que acolhem os filhos como um verdadeiro dom de Deus. Eles sabem que cada filho \u00e9 uma b\u00ean\u00e7\u00e3o. Ouvi dizer que as fam\u00edlias com muitos filhos e o nascimento de tantas crian\u00e7as est\u00e3o entre as causas da pobreza. Parece-me uma opini\u00e3o simplista. Posso dizer que a causa principal da pobreza \u00e9 um sistema econ\u00f3mico que tirou a pessoa do centro e a\u00ed colocou o deus dinheiro; um sistema econ\u00f3mico que exclui e que cria a cultura do descart\u00e1vel em que vivemos. Evocando uma vez mais a figura de S. Jos\u00e9, que protegeu a vida do \u201cSanto Ni\u00f1o\u201d, t\u00e3o venerado naquele pa\u00eds, recordei que ocorre proteger as fam\u00edlias, que enfrentam diversas amea\u00e7as, para que possam testemunhar a beleza da fam\u00edlia no projeto de Deus. \u00c9 preciso tamb\u00e9m defend\u00ea-las das novas coloniza\u00e7\u00f5es ideol\u00f3gicas que atentam \u00e0 sua identidade e \u00e0 sua miss\u00e3o.\u201d<\/p>\n<p>O Papa Francisco saudou tamb\u00e9m os peregrinos de l\u00edngua portuguesa:<\/p>\n<p>Com sentimentos de grata estima, vos sa\u00fado, car\u00edssimos peregrinos de l\u00edngua portuguesa, pedindo a vossa solidariedade espiritual e material em favor das popula\u00e7\u00f5es duramente provadas do Sri Lanka e das Filipinas. Isto faz parte daquele \u00abdi\u00e1logo da caridade\u00bb que visa a plena comunh\u00e3o de todos os filhos de Deus, como nos recorda nestes dias o Oitav\u00e1rio de Ora\u00e7\u00e3o pela unidade dos crist\u00e3os. Sobre v\u00f3s e vossas fam\u00edlias des\u00e7a a B\u00ean\u00e7\u00e3o do Senhor.<\/p>\n<p>No final da audi\u00eancia geral o Santo Padre lan\u00e7ou um apelo pelas v\u00edtimas das manifesta\u00e7\u00f5es violentas no N\u00edger que atingem as comunidades crist\u00e3s onde morreram pelo menos 10 pessoas e mais de 40 igrejas foram destru\u00eddas:<\/p>\n<p>\u201cCaros irm\u00e3os e irm\u00e3s,<\/p>\n<p>Gostaria agora de convidar-vos a rezar juntos pelas v\u00edtimas das manifesta\u00e7\u00f5es destes \u00faltimos dias no amado N\u00edger. Invoquemos do Senhor o dom da reconcilia\u00e7\u00e3o e da paz, porque nunca o sentimento religioso se torne ocasi\u00e3o de viol\u00eancia, de prepot\u00eancia e de destrui\u00e7\u00e3o. N\u00e3o se pode fazer a guerra em nome de Deus. Desejo que o mais depressa poss\u00edvel se possa restabelecer um clima de respeito rec\u00edproco e de pac\u00edfica conviv\u00eancia para o bem de todos.\u201d<\/p>\n<p>O Papa Francisco a todos deu a sua b\u00ean\u00e7\u00e3o!<\/p>\n<p style=\"text-align: justify;\">\u00a0<\/p>\n<p style=\"text-align: justify;\">Fonte: R\u00e1dio Vaticano<\/p>\n","protected":false},"excerpt":{"rendered":"<p>Quarta-feira, 21 de janeiro, audi\u00eancia geral do Papa Francisco na Sala Paulo VI. Tema da catequese: a recente Viagem Apost\u00f3lica ao Sri Lanka e Filipinas. O Santo Padre recordou a visita a estes dois pa\u00edses que, em tempos recentes, viveram grandes tribula\u00e7\u00f5es e necessitam da for\u00e7a e solidariedade de todos no seu caminho de reconstru\u00e7\u00e3o [&hellip;]<\/p>\n","protected":false},"author":1,"featured_media":0,"comment_status":"closed","ping_status":"closed","sticky":false,"template":"","format":"standard","meta":{"footnotes":""},"categories":[3],"tags":[],"class_list":["post-5484","post","type-post","status-publish","format-standard","hentry","category-vaticano"],"_links":{"self":[{"href":"https:\/\/catolicanet.net\/wp-cnet\/wp-json\/wp\/v2\/posts\/5484","targetHints":{"allow":["GET"]}}],"collection":[{"href":"https:\/\/catolicanet.net\/wp-cnet\/wp-json\/wp\/v2\/posts"}],"about":[{"href":"https:\/\/catolicanet.net\/wp-cnet\/wp-json\/wp\/v2\/types\/post"}],"author":[{"embeddable":true,"href":"https:\/\/catolicanet.net\/wp-cnet\/wp-json\/wp\/v2\/users\/1"}],"replies":[{"embeddable":true,"href":"https:\/\/catolicanet.net\/wp-cnet\/wp-json\/wp\/v2\/comments?post=5484"}],"version-history":[{"count":1,"href":"https:\/\/catolicanet.net\/wp-cnet\/wp-json\/wp\/v2\/posts\/5484\/revisions"}],"predecessor-version":[{"id":10668,"href":"https:\/\/catolicanet.net\/wp-cnet\/wp-json\/wp\/v2\/posts\/5484\/revisions\/10668"}],"wp:attachment":[{"href":"https:\/\/catolicanet.net\/wp-cnet\/wp-json\/wp\/v2\/media?parent=5484"}],"wp:term":[{"taxonomy":"category","embeddable":true,"href":"https:\/\/catolicanet.net\/wp-cnet\/wp-json\/wp\/v2\/categories?post=5484"},{"taxonomy":"post_tag","embeddable":true,"href":"https:\/\/catolicanet.net\/wp-cnet\/wp-json\/wp\/v2\/tags?post=5484"}],"curies":[{"name":"wp","href":"https:\/\/api.w.org\/{rel}","templated":true}]}}