{"id":5480,"date":"2015-01-15T16:05:42","date_gmt":"2015-01-15T18:05:42","guid":{"rendered":"http:\/\/catolicanet.net\/wp-cnet\/padre-sebastiano-dambra-a-chegada-do-papa-francisco-as-filipinas-inspira-grandes-esperancas\/"},"modified":"2017-04-07T16:22:31","modified_gmt":"2017-04-07T19:22:31","slug":"padre-sebastiano-dambra-a-chegada-do-papa-francisco-as-filipinas-inspira-grandes-esperancas","status":"publish","type":"post","link":"https:\/\/catolicanet.net\/wp-cnet\/padre-sebastiano-dambra-a-chegada-do-papa-francisco-as-filipinas-inspira-grandes-esperancas\/","title":{"rendered":"Padre Sebastiano D&#8217;Ambra: &#8211; A chegada do Papa Francisco \u00e0s Filipinas inspira grandes esperan\u00e7as"},"content":{"rendered":"<p style=\"text-align: justify;\"><img decoding=\"async\" src=\"http:\/\/catolicanet.com.br\/images\/stories\/papas\/papamanila.jpg\" border=\"0\" align=\"left\" \/>O Papa Francisco chegou um pouco antes das 10.45 hora local, a Manila, nas Filipinas, na sua segunda etapa da sua nova viagem \u00e0 \u00c1sia. A cerim\u00f3nia de boas vindas teve lugar na Base A\u00e9rea de Villamor, de Manila, captial das Filipinas. Dentre os eventos mais esperados, est\u00e3o os encontros em Tacloban, completamente devastada pelo furac\u00e3o\u00a0 Yolanda\u00a0 em Novembro de 2013.\u00a0 A prop\u00f3sito do significado desta visita apost\u00f3lica,\u00a0 Alessandro De Carolis ouviu o padre Sebastiano D\u2019Ambra, mission\u00e1rio do Pime, que trabalha no sul do Pa\u00eds, onde \u00e9 forte a presen\u00e7a mu\u00e7ulmana, e que fala de \u201cgrandes esperan\u00e7as\u201d.<\/p>\n<p>\u2013 N\u00e3o h\u00e1 d\u00favida de que se trata de uma coisa muito positiva. A gentete vem de todas as partes, em direc\u00e7\u00e3o a Taclobane. Isso, certamente, d\u00e1 esperan\u00e7a \u00e0s pessoas. Eu encontro-me aqui em Mindanao e em Zamboanga. Tamb\u00e9m os mu\u00e7ulmanos, encaram com simpatia esse encontro, tamb\u00e9m porque o Papa Francisco \u00e9 agrad\u00e1vel, pela sua simpatia, a sua vizinhan\u00e7a aos pobres\u2026 s\u00e3o todas caracter\u00edsticas\u00a0 do Papa Francisco.<\/p>\n<p>D. \u2013 Uma outra quest\u00e3o importante ser\u00e3o os encontros que o Papa Francisco ter\u00e1\u00a0 com os jovens\u00a0 e com as fam\u00edlias. Quais foram os ecos do recente s\u00ednodo na Igreja das Filipinas?<\/p>\n<p>R. \u2013 A n\u00edvel da Igreja, de modo particular, o Cardeal Tagle foi muito activo, tamb\u00e9m no S\u00ednodo e a Confer\u00eancia episcopal, est\u00e3o a fazer diversos encontros a todos os n\u00edveis. Creio que nos encontramos ainda na fase inicial. Logicamente \u00e9 um daqueles temas que t\u00eam v\u00e1rios aspectos. Nos jornais existe uma tend\u00eancia \u2013 tamb\u00e9m aqui &#8211; de pegar naquilo que \u00e9 mais sensacional\u00a0 e colocar de parte o verdadeiro esp\u00edrito desse S\u00ednodo. Portanto creio que \u00e9 necess\u00e1rio trabalhar muito, para focalizar a aten\u00e7\u00e3o do p\u00fablico sobre qual seja verdadeiramente o esp\u00edrito desse S\u00ednodo. Creio que sobre esse aspecto \u00e9 necess\u00e1rio trabalhar ainda mais e creio que a visita do Papa contribuir\u00e1 muito, nesta fase.<\/p>\n<p>D. \u2013 O Senhor padre\u00a0 falou do seu trabalho, da sua experiencia, do seu contacto com os mu\u00e7ulmanos na zona Sul das Filipinas. A que n\u00edvel se encontra a situa\u00e7\u00e3o de relacionamento?<\/p>\n<p>R. \u2013 Espero que o Papa, mesmo nos discursos, nos seus encontros, venha a falar desse di\u00e1logo para a paz no mundo filipino, especialmente em Mindanao.\u00a0 Que o papa Francisco possa dizer \u00e0queles grupos\u00a0 que se encontram divididos &#8211; porque existem efectivamente divis\u00f5es\u00a0 &#8211; para que se metam de acordo para o bem comum e para o futuro. As divis\u00f5es s\u00e3o tamb\u00e9m culturais e tornam esse discurso da paz um tanto quanto dif\u00edcil. Portanto, se o Papa pudesse dizer uma palavra, isso poderia\u00a0 servir de ajuda, como uma palavra para a defesa do ambiente porque aqui, em Mindanao, trabalhamos muito\u00a0 para esse objectivo. Infelizmente temos o problema das minas que est\u00e3o a destruir o ambiente. Logicamente creio que o Papa ter\u00e1 muitas solicita\u00e7\u00f5es, mas, com a sua sabedoria dir\u00e1 aquilo que \u00e9 poss\u00edvel dizer-se.<\/p>\n<p style=\"text-align: justify;\">\u00a0<\/p>\n<p style=\"text-align: justify;\">Fonte: R\u00e1dio Vaticano<\/p>\n","protected":false},"excerpt":{"rendered":"<p>O Papa Francisco chegou um pouco antes das 10.45 hora local, a Manila, nas Filipinas, na sua segunda etapa da sua nova viagem \u00e0 \u00c1sia. A cerim\u00f3nia de boas vindas teve lugar na Base A\u00e9rea de Villamor, de Manila, captial das Filipinas. Dentre os eventos mais esperados, est\u00e3o os encontros em Tacloban, completamente devastada pelo [&hellip;]<\/p>\n","protected":false},"author":1,"featured_media":0,"comment_status":"closed","ping_status":"closed","sticky":false,"template":"","format":"standard","meta":{"footnotes":""},"categories":[3],"tags":[],"class_list":["post-5480","post","type-post","status-publish","format-standard","hentry","category-vaticano"],"_links":{"self":[{"href":"https:\/\/catolicanet.net\/wp-cnet\/wp-json\/wp\/v2\/posts\/5480","targetHints":{"allow":["GET"]}}],"collection":[{"href":"https:\/\/catolicanet.net\/wp-cnet\/wp-json\/wp\/v2\/posts"}],"about":[{"href":"https:\/\/catolicanet.net\/wp-cnet\/wp-json\/wp\/v2\/types\/post"}],"author":[{"embeddable":true,"href":"https:\/\/catolicanet.net\/wp-cnet\/wp-json\/wp\/v2\/users\/1"}],"replies":[{"embeddable":true,"href":"https:\/\/catolicanet.net\/wp-cnet\/wp-json\/wp\/v2\/comments?post=5480"}],"version-history":[{"count":1,"href":"https:\/\/catolicanet.net\/wp-cnet\/wp-json\/wp\/v2\/posts\/5480\/revisions"}],"predecessor-version":[{"id":10672,"href":"https:\/\/catolicanet.net\/wp-cnet\/wp-json\/wp\/v2\/posts\/5480\/revisions\/10672"}],"wp:attachment":[{"href":"https:\/\/catolicanet.net\/wp-cnet\/wp-json\/wp\/v2\/media?parent=5480"}],"wp:term":[{"taxonomy":"category","embeddable":true,"href":"https:\/\/catolicanet.net\/wp-cnet\/wp-json\/wp\/v2\/categories?post=5480"},{"taxonomy":"post_tag","embeddable":true,"href":"https:\/\/catolicanet.net\/wp-cnet\/wp-json\/wp\/v2\/tags?post=5480"}],"curies":[{"name":"wp","href":"https:\/\/api.w.org\/{rel}","templated":true}]}}