{"id":5479,"date":"2015-01-07T03:00:00","date_gmt":"2015-01-07T05:00:00","guid":{"rendered":"http:\/\/catolicanet.net\/wp-cnet\/preparando-a-festa-de-sao-sebastiao\/"},"modified":"2017-04-07T10:37:56","modified_gmt":"2017-04-07T13:37:56","slug":"preparando-a-festa-de-sao-sebastiao","status":"publish","type":"post","link":"https:\/\/catolicanet.net\/wp-cnet\/preparando-a-festa-de-sao-sebastiao\/","title":{"rendered":"Preparando a Festa de S\u00e3o Sebasti\u00e3o"},"content":{"rendered":"<p style=\"text-align: justify;\">\n<p> S\u00e3o Sebasti\u00e3o foi um dos soldados romanos m\u00e1rtires e santos, cujo culto nasceu no s\u00e9culo IV e que atingiu o seu auge nos s\u00e9culos XIV e XV, tanto na Igreja Cat\u00f3lica como na Igreja Ortodoxa. S\u00e3o Sebasti\u00e3o \u00e9 celebrado no dia 20 de janeiro. Existe uma capela no Palatino, com uma pintura que mostra Irene tratando das feridas de Sebasti\u00e3o. Irene tamb\u00e9m foi canonizada, e sua festa \u00e9 no dia 30 de mar\u00e7o.<br \/> Convido para que nestes dias que antecedem a festa do nosso padroeiro, fa\u00e7amos, enquanto fam\u00edlia-arquidiocesana, a trezena do nosso glorioso m\u00e1rtir. Iremos percorrer com a imagem peregrina de S\u00e3o Sebasti\u00e3o toda a nossa Arquidiocese, anunciando que o nosso padroeiro \u00e9 testemunha da esperan\u00e7a e nos inspira para construirmos a paz em nossa cidade, que completa neste 2015 seus 450 anos.<br \/> S\u00e3o Sebasti\u00e3o, testemunho de f\u00e9. Ao iniciar os festejos deste glorioso Santo, coloquemo-nos diante dele como um exemplo viv\u00edssimo de f\u00e9. Ele foi crist\u00e3o nos tempos do Imperador Diocleciano, em Roma. Viveu em tempos de persegui\u00e7\u00e3o. Muitos foram presos, degredados e mortos em Roma por causa de Jesus Cristo. Naqueles tempos n\u00e3o era f\u00e1cil ser crist\u00e3o. S\u00e3o Sebasti\u00e3o era Capit\u00e3o da Guarda do Imperador. Mesmo conhecendo melhor que todos o risco que iria correr, pediu para ser admitido como crist\u00e3o. Passou pelo catecumenato, foi instru\u00eddo sobre os compromissos de f\u00e9 e recebeu, conscientemente, o Batismo. \u00c9 uma inspira\u00e7\u00e3o para aprofundarmos e vivermos mais intensamente a f\u00e9 nessa grande cidade.<br \/> S\u00e3o Sebasti\u00e3o, testemunho de caridade. Sebasti\u00e3o, feito crist\u00e3o pelo batismo, come\u00e7ou a ser, em Roma, entre muitos coirm\u00e3os na f\u00e9, vivo testemunha de caridade. Dizem os historiadores que, como consequ\u00eancia das persegui\u00e7\u00f5es, os prisioneiros se tornavam pobres porque o governo sequestrava os seus bens. Sebasti\u00e3o deu-se ao intenso exerc\u00edcio da caridade, visitando os encarcerados e confortando-os, encorajando-os e ajudando os que foram atingidos pela pobreza. Muito antes, pois, de dar o testemunho do mart\u00edrio, Sebasti\u00e3o dava perante todos o testemunho da caridade. Hoje em dia s\u00e3o muitas pessoas marginalizadas e desempregadas. Temos muito que aprender para ir ao encontro das periferias existenciais e encontrando-nos com o Cristo que vive nesta cidade na pessoa dos marginalizados.<br \/> S\u00e3o Sebasti\u00e3o, testemunho de fortaleza. S\u00e3o Sebasti\u00e3o, militar, de r\u00edgida t\u00eampera, aprimorada forma\u00e7\u00e3o, tinha car\u00e1ter forte, varonil. Distinguia-se pela coragem e fortaleza de \u00e2nimo com que servia \u00e0 autoridade imperial. Convertendo-se ao cristianismo e sendo batizado, o Esp\u00edrito Santo transfigurou pela gra\u00e7a estes dons naturais que nele resplandeciam. E ele colocou a servi\u00e7o do Reino de Deus sua alma varonil e destemida. Soldado do imperador, mudou-se em soldado de Cristo. Foi com a mesma coragem e fortaleza com que servia antes a seu senhor temporal, que Sebasti\u00e3o, depois, a ele resistiu, quando amea\u00e7ado de morte por causa das pr\u00e1ticas e convic\u00e7\u00f5es religiosas. Como necessitamos ser fortes nestes tempos de tantas persegui\u00e7\u00f5es e mudan\u00e7as culturais!<br \/> S\u00e3o Sebasti\u00e3o, padroeiro dos injustamente perseguidos. S\u00e3o Sebasti\u00e3o compartilhou da injusta persegui\u00e7\u00e3o que atingiu a Igreja em seus prim\u00f3rdios em Roma. Os decretos do Imperador, que mandavam reprimir as pr\u00e1ticas crist\u00e3s, atingiram milhares, talvez milh\u00f5es de pessoas. Foi uma \u00e9poca de grandes sofrimentos para muitos, na sua maioria humilde, pois exatamente os humildes e os pobres eram os que mais generosamente abra\u00e7avam o cristianismo. Era uma situa\u00e7\u00e3o de grave injusti\u00e7a, de vez que n\u00e3o podia haver nenhum crime em seguir ditames da pr\u00f3pria consci\u00eancia. S\u00e3o Sebasti\u00e3o, embora altamente situado, porque era Capit\u00e3o da Guarda Imperial, foi tamb\u00e9m envolvido nas mesmas persegui\u00e7\u00f5es, exatamente por ser fiel \u00e0 voz da consci\u00eancia. Hoje, de diversas formas os crist\u00e3os de perto e de longe s\u00e3o perseguidos e rejeitados.<br \/> S\u00e3o Sebasti\u00e3o padroeiro contra a viol\u00eancia. O m\u00e1rtir S\u00e3o Sebasti\u00e3o n\u00e3o foi somente uma v\u00edtima da persegui\u00e7\u00e3o romana. E nem mesmo simplesmente m\u00e1rtir como milhares de outros crist\u00e3os. O supl\u00edcio que sofreu se caracterizou por dupla viol\u00eancia brutal contra sua pessoa. Primeiramente, S\u00e3o Sebasti\u00e3o foi entregue aos algozes para ser morto a flechadas. Amarrado a um tronco de \u00e1rvore, dispararam contra seu corpo numerosas flechas. Deixaram-no esvaindo-se em sangue, crentes que j\u00e1 estivesse morto. Uma senhora piedosa encontrou-o na floresta, levou-o para casa e ele se salvou. Na segunda vez, por\u00e9m, foi aprisionado quando apareceu diante do imperador, em uma festa p\u00fablica. E ent\u00e3o o mataram a cacetadas, barbaramente, diante da multid\u00e3o. Ele foi, assim, duplamente martirizado, e duplamente agredido de modo violento. A tenacidade e a coragem do nosso padroeiro fazem de nosso povo que habita nessa cidade um povo corajoso e que luta com coragem por tempos novos.<br \/> S\u00e3o Sebasti\u00e3o, padroeiro da agropecu\u00e1ria. Tradicional devo\u00e7\u00e3o entre os brasileiros considera S\u00e3o Sebasti\u00e3o padroeiro da agropecu\u00e1ria. T\u00eam-no como o defensor dos campos e, principalmente, dos rebanhos. N\u00e3o se sabe de onde veio essa tradi\u00e7\u00e3o e o motivo dessa particular devo\u00e7\u00e3o dos nossos homens do campo. Seria, por ventura, por que S\u00e3o Sebasti\u00e3o sofreu o mart\u00edrio numa floresta, amarrado a um tronco de \u00e1rvore? Ou em alguma \u00e9poca, particularmente dif\u00edcil para rebanhos, se alcan\u00e7aram, por intercess\u00e3o de S\u00e3o Sebasti\u00e3o, especiais gra\u00e7as e milagres de prote\u00e7\u00e3o aos bens do homem da ro\u00e7a? De qualquer modo que seja, muitos asseguram ter colocado sob a prote\u00e7\u00e3o deste Santo seus rebanhos e ter obtido, por essa forma, sua intercess\u00e3o miraculosa.<br \/> S\u00e3o Sebasti\u00e3o, patrono dos militares. Nos tempos do Imperador Diocleciano, Sebasti\u00e3o alistou-se na mil\u00edcia imperial. Jovem, robusto e de boas maneiras, ele uniu a estes dotes a coragem, a dedica\u00e7\u00e3o \u00e0s armas e o amor \u00e0 P\u00e1tria. Granjeou, assim, a estima e confian\u00e7a de seus chefes e do pr\u00f3prio imperador. Em pouco tempo conquistou postos na mil\u00edcia e, segundo reza a tradi\u00e7\u00e3o, era Capit\u00e3o da Guarda Imperial quando se fez Crist\u00e3o, recebendo o Batismo. Pela sua condi\u00e7\u00e3o de soldado e por seu amor e fidelidade \u00e0 P\u00e1tria, ele \u00e9 venerado como padroeiro dos Militares. Entretanto, o apre\u00e7o pela carreira militar n\u00e3o o desviou dos deveres de crist\u00e3o. Quando se preparou para o batismo ele aprendeu, como catec\u00fameno, que a vida crist\u00e3 devia ser um compromisso com Cristo, tal qual a vida militar era um compromisso com a P\u00e1tria. Mas sabendo que o Imperador n\u00e3o era um Deus e que Jesus Cristo \u00e9 o rei dos Reis, ele preferiu obedecer antes a esse Rei que ao Imperador romano. \u00c9 o eco que sempre devemos ter em nossa vida: amar a Deus sobre todas as coisas!<br \/> S\u00e3o Sebasti\u00e3o, padroeiro contra pestes e epidemias. A piedade popular tem honrado S\u00e3o Sebasti\u00e3o como Padroeiro contra a fome, a peste e a guerra. Possivelmente porque, em alguma \u00e9poca da hist\u00f3ria, recorreram \u00e0 sua intercess\u00e3o diante do tormento de alguma guerra, com suas consequ\u00eancias mais aflitas: a fome e a peste que se alastrou, atingindo homens e animais. E porque a ajuda do Santo foi prop\u00edcia nessa circunst\u00e2ncia, passou-se a invoc\u00e1-lo, em especial para que defendesse os animais atingidos ou expostos ao perigo da peste. Por todos os rinc\u00f5es do Brasil se implora a prote\u00e7\u00e3o deste santo para o gado e todos os animais, na esperan\u00e7a de que sejam livres da raiva e outras epidemias que os atingem. Que ele interceda por tantas epidemias que grassam hoje no cora\u00e7\u00e3o das pessoas.<br \/> S\u00e3o Sebasti\u00e3o, modelo de crist\u00e3o. S\u00e3o Sebasti\u00e3o, que veneramos em nossa Arquidiocese, foi, como todos n\u00f3s, escolhido por Deus para a gra\u00e7a do batismo a servi\u00e7o da Igreja. Ele teve uma voca\u00e7\u00e3o particular, a qual Deus o chamou, e desempenhou, na Igreja de Roma, um minist\u00e9rio de leigo. Recebeu de Deus carismas ou dons para testemunhar a f\u00e9, praticar a caridade e padecer o mart\u00edrio.<br \/> Pe\u00e7amos a Deus, por intercess\u00e3o do glorioso S\u00e3o Sebasti\u00e3o, que nos ajude: \u201cSenhor, neste tempo de prepara\u00e7\u00e3o para a festa em honra ao glorioso m\u00e1rtir S\u00e3o Sebasti\u00e3o, nos vos pedimos o mesmo esp\u00edrito que o fez t\u00e3o forte, t\u00e3o leal, t\u00e3o dedicado. Infundi, Senhor, em todos n\u00f3s os dons do Esp\u00edrito Santo. Fazei-nos descobrir em n\u00f3s os carismas que nos destes, para coloc\u00e1-los a servi\u00e7o de nossa comunidade. Que o dom da Esperan\u00e7a nos fa\u00e7a testemunhas da constru\u00e7\u00e3o da Paz em nossa grande cidade. Enfim, Senhor, dai-nos, pela intercess\u00e3o de S\u00e3o Sebasti\u00e3o, sermos perseverantes no cumprimento de nossos deveres crist\u00e3os at\u00e9 a morte. Por Cristo nosso senhor, na unidade do Esp\u00edrito Santo. Am\u00e9m\u201d!<\/p>\n","protected":false},"excerpt":{"rendered":"<p>S\u00e3o Sebasti\u00e3o foi um dos soldados romanos m\u00e1rtires e santos, cujo culto nasceu no s\u00e9culo IV e que atingiu o seu auge nos s\u00e9culos XIV e XV, tanto na Igreja Cat\u00f3lica como na Igreja Ortodoxa. S\u00e3o Sebasti\u00e3o \u00e9 celebrado no dia 20 de janeiro. Existe uma capela no Palatino, com uma pintura que mostra Irene [&hellip;]<\/p>\n","protected":false},"author":5,"featured_media":0,"comment_status":"closed","ping_status":"closed","sticky":false,"template":"","format":"standard","meta":{"footnotes":""},"categories":[9],"tags":[],"class_list":["post-5479","post","type-post","status-publish","format-standard","hentry","category-artigos"],"_links":{"self":[{"href":"https:\/\/catolicanet.net\/wp-cnet\/wp-json\/wp\/v2\/posts\/5479","targetHints":{"allow":["GET"]}}],"collection":[{"href":"https:\/\/catolicanet.net\/wp-cnet\/wp-json\/wp\/v2\/posts"}],"about":[{"href":"https:\/\/catolicanet.net\/wp-cnet\/wp-json\/wp\/v2\/types\/post"}],"author":[{"embeddable":true,"href":"https:\/\/catolicanet.net\/wp-cnet\/wp-json\/wp\/v2\/users\/5"}],"replies":[{"embeddable":true,"href":"https:\/\/catolicanet.net\/wp-cnet\/wp-json\/wp\/v2\/comments?post=5479"}],"version-history":[{"count":1,"href":"https:\/\/catolicanet.net\/wp-cnet\/wp-json\/wp\/v2\/posts\/5479\/revisions"}],"predecessor-version":[{"id":10337,"href":"https:\/\/catolicanet.net\/wp-cnet\/wp-json\/wp\/v2\/posts\/5479\/revisions\/10337"}],"wp:attachment":[{"href":"https:\/\/catolicanet.net\/wp-cnet\/wp-json\/wp\/v2\/media?parent=5479"}],"wp:term":[{"taxonomy":"category","embeddable":true,"href":"https:\/\/catolicanet.net\/wp-cnet\/wp-json\/wp\/v2\/categories?post=5479"},{"taxonomy":"post_tag","embeddable":true,"href":"https:\/\/catolicanet.net\/wp-cnet\/wp-json\/wp\/v2\/tags?post=5479"}],"curies":[{"name":"wp","href":"https:\/\/api.w.org\/{rel}","templated":true}]}}