{"id":54789,"date":"2019-10-17T14:09:52","date_gmt":"2019-10-17T17:09:52","guid":{"rendered":"http:\/\/catolicanet.net\/wp-cnet\/?p=54789"},"modified":"2019-10-17T14:09:52","modified_gmt":"2019-10-17T17:09:52","slug":"descubra-o-maior-crucifixo-do-mundo","status":"publish","type":"post","link":"https:\/\/catolicanet.net\/wp-cnet\/descubra-o-maior-crucifixo-do-mundo\/","title":{"rendered":"Descubra o maior crucifixo do mundo"},"content":{"rendered":"<h2 class=\"subtitle\" style=\"text-align: justify;\">Um dos santu\u00e1rios mais visitados dos Estados Unidos<\/h2>\n<div class=\"base-post-content\">Quando pensamos em crucifixos impressionantes, lugares como Roma ou Jerusal\u00e9m nos v\u00eam \u00e0 mente. No entanto, o maior crucifixo do mundo est\u00e1 no meio \u00a0de uma floresta, em Michigan, nos Estados Unidos.<\/p>\n<p style=\"text-align: justify;\">A \u201cCruz no Bosque\u201d \u00e9 obra do escultor americano Marshall Fredricks, que montou a majestosa escultura de madeira e bronze depois de ser contratado para criar uma pe\u00e7a muito menor (a comiss\u00e3o original solicitava um crucifixo de cerca de dois metros de altura).<\/p>\n<p style=\"text-align: justify;\">A par\u00f3quia de Indian River foi que pediu a Fredricks para construir o crucifixo em uma \u00e1rea rural que, em 1946, foi designada como o local de culto para os paroquianos locais que moravam longe da igreja mais pr\u00f3xima.<\/p>\n<p style=\"text-align: justify;\">Fredricks levou quatro anos para concluir a escultura majestosa, que pesa sete toneladas e mede oito metros e meio de altura. Depois de obter permiss\u00e3o especial do Vaticano para representar Cristo sem a coroa de espinhos, Fredricks esculpiu o rosto de Jesus em um ambiente pac\u00edfico, express\u00e3o que ainda hoje inspira admira\u00e7\u00e3o entre os visitantes.<\/p>\n<p style=\"text-align: justify;\">Conclu\u00eddo o modelo de gesso, Fredericks pediu \u00e0 empresa Kristians-Kunst Metalstobori, em Oslo, na Noruega, que o fundisse em bronze. A est\u00e1tua de sete toneladas foi, ent\u00e3o, enviada atrav\u00e9s do Atl\u00e2ntico, tornando-a uma das esculturas mais pesadas j\u00e1 enviadas da Europa para os EUA.<\/p>\n<p style=\"text-align: justify;\">A figura de Cristo foi colada ao crucifixo em 1959. Desde ent\u00e3o, o crucifixo mais alto do mundo ajudou a colocar a zona rural de Michigan no mapa do turismo cat\u00f3lico, atraindo mais de 300.000 visitantes por ano.<\/p>\n<\/div>\n","protected":false},"excerpt":{"rendered":"<p>Um dos santu\u00e1rios mais visitados dos Estados Unidos Quando pensamos em crucifixos impressionantes, lugares como Roma ou Jerusal\u00e9m nos v\u00eam \u00e0 mente. No entanto, o maior crucifixo do mundo est\u00e1 no meio \u00a0de uma floresta, em Michigan, nos Estados Unidos. A \u201cCruz no Bosque\u201d \u00e9 obra do escultor americano Marshall Fredricks, que montou a majestosa [&hellip;]<\/p>\n","protected":false},"author":1,"featured_media":54790,"comment_status":"open","ping_status":"closed","sticky":false,"template":"","format":"standard","meta":{"footnotes":""},"categories":[4,13],"tags":[],"class_list":["post-54789","post","type-post","status-publish","format-standard","has-post-thumbnail","hentry","category-cotidiano","category-featured"],"_links":{"self":[{"href":"https:\/\/catolicanet.net\/wp-cnet\/wp-json\/wp\/v2\/posts\/54789","targetHints":{"allow":["GET"]}}],"collection":[{"href":"https:\/\/catolicanet.net\/wp-cnet\/wp-json\/wp\/v2\/posts"}],"about":[{"href":"https:\/\/catolicanet.net\/wp-cnet\/wp-json\/wp\/v2\/types\/post"}],"author":[{"embeddable":true,"href":"https:\/\/catolicanet.net\/wp-cnet\/wp-json\/wp\/v2\/users\/1"}],"replies":[{"embeddable":true,"href":"https:\/\/catolicanet.net\/wp-cnet\/wp-json\/wp\/v2\/comments?post=54789"}],"version-history":[{"count":1,"href":"https:\/\/catolicanet.net\/wp-cnet\/wp-json\/wp\/v2\/posts\/54789\/revisions"}],"predecessor-version":[{"id":54791,"href":"https:\/\/catolicanet.net\/wp-cnet\/wp-json\/wp\/v2\/posts\/54789\/revisions\/54791"}],"wp:featuredmedia":[{"embeddable":true,"href":"https:\/\/catolicanet.net\/wp-cnet\/wp-json\/wp\/v2\/media\/54790"}],"wp:attachment":[{"href":"https:\/\/catolicanet.net\/wp-cnet\/wp-json\/wp\/v2\/media?parent=54789"}],"wp:term":[{"taxonomy":"category","embeddable":true,"href":"https:\/\/catolicanet.net\/wp-cnet\/wp-json\/wp\/v2\/categories?post=54789"},{"taxonomy":"post_tag","embeddable":true,"href":"https:\/\/catolicanet.net\/wp-cnet\/wp-json\/wp\/v2\/tags?post=54789"}],"curies":[{"name":"wp","href":"https:\/\/api.w.org\/{rel}","templated":true}]}}