{"id":54783,"date":"2019-10-17T11:55:41","date_gmt":"2019-10-17T14:55:41","guid":{"rendered":"http:\/\/catolicanet.net\/wp-cnet\/?p=54783"},"modified":"2019-10-17T11:55:41","modified_gmt":"2019-10-17T14:55:41","slug":"a-contribuicao-intensa-e-de-qualidade-das-mulheres-no-sinodo","status":"publish","type":"post","link":"https:\/\/catolicanet.net\/wp-cnet\/a-contribuicao-intensa-e-de-qualidade-das-mulheres-no-sinodo\/","title":{"rendered":"A contribui\u00e7\u00e3o &#8220;intensa e de qualidade&#8221; das mulheres no S\u00ednodo"},"content":{"rendered":"<div class=\"article__subTitle\" style=\"text-align: justify;\">Ou\u00e7a as entrevistas com a soci\u00f3loga M\u00e1rcia Maria de Oliveira e Dom Fl\u00e1vio Giovenale, salesiano, bispo da Diocese de Cruzeiro do Sul (AC).<\/div>\n<div class=\"title__separator\" style=\"text-align: justify;\"><\/div>\n<div class=\"article__text\">\n<p style=\"text-align: justify;\"><b>Cidade do Vaticano<\/b><\/p>\n<p style=\"text-align: justify;\">Muito al\u00e9m das expectativas: assim a soci\u00f3loga <b>M\u00e1rcia Maria de Oliveira<\/b> faz seu balan\u00e7o dessa segunda semana de trabalhos sinodais. A professora da Universidade Federal de Roraima participa do S\u00ednodo na qualidade de perita.<\/p>\n<p style=\"text-align: justify;\">Nesta entrevista, a doutora, que tamb\u00e9m \u00e9 assessora da Rede Eclesial Pan-amaz\u00f4nica, fala da participa\u00e7\u00e3o das mulheres:<\/p>\n<p style=\"text-align: justify;\">Dra. M\u00e1rcia de Oliveira:<\/p>\n<!--[if lt IE 9]><script>document.createElement('audio');<\/script><![endif]-->\n<audio class=\"wp-audio-shortcode\" id=\"audio-54783-1\" preload=\"none\" style=\"width: 100%;\" controls=\"controls\"><source type=\"audio\/mpeg\" src=\"https:\/\/media.vaticannews.va\/media\/audio\/s1\/2019\/10\/17\/12\/135287663_F135287663.mp3?_=1\" \/><a href=\"https:\/\/media.vaticannews.va\/media\/audio\/s1\/2019\/10\/17\/12\/135287663_F135287663.mp3\">https:\/\/media.vaticannews.va\/media\/audio\/s1\/2019\/10\/17\/12\/135287663_F135287663.mp3<\/a><\/audio>\n<p style=\"text-align: justify;\"><i>A participa\u00e7\u00e3o das mulheres tem sido muito intensa e com muita qualidade tamb\u00e9m. Os conte\u00fados das apresenta\u00e7\u00f5es feitas nas congrega\u00e7\u00f5es foram bem aprofundados e bem trabalhados. Demonstra que as mulheres t\u00eam objetivos muito claros para trazer para este S\u00ednodo e um posicionamento quanto \u00e0 valoriza\u00e7\u00e3o desta lideran\u00e7a, dessa presen\u00e7a hist\u00f3rica das mulheres na Igreja da pan-Amaz\u00f4nia.<\/i><\/p>\n<h2 style=\"text-align: justify;\">Di\u00e1logo respeitoso<\/h2>\n<p style=\"text-align: justify;\">Dom <b>Fl\u00e1vio Giovenale<\/b>, salesiano, \u00e9 bispo da Diocese de Cruzeiro do Sul (AC) e resume esses dias de trabalho como \u201cmuito proveitosos\u201d.<\/p>\n<p style=\"text-align: justify;\">A primeira semana foi uma rea\u00e7\u00e3o aos temas do Instrumento de trabalho, j\u00e1 a segunda se come\u00e7a a avan\u00e7ar, a ir al\u00e9m com a apresenta\u00e7\u00e3o de sugest\u00f5es concretas para o documento final.<\/p>\n<p style=\"text-align: justify;\">Dom Fl\u00e1vio fala do seu grupo nos C\u00edrculos menores, em que, mesmo com opini\u00f5es contrastantes, o di\u00e1logo acontece no respeito, com o desejo de crescer:<\/p>\n<p style=\"text-align: justify;\">Dom Fl\u00e1vio Giovenale<\/p>\n<audio class=\"wp-audio-shortcode\" id=\"audio-54783-2\" preload=\"none\" style=\"width: 100%;\" controls=\"controls\"><source type=\"audio\/mpeg\" src=\"https:\/\/media.vaticannews.va\/media\/audio\/s1\/2019\/10\/17\/12\/135287664_F135287664.mp3?_=2\" \/><a href=\"https:\/\/media.vaticannews.va\/media\/audio\/s1\/2019\/10\/17\/12\/135287664_F135287664.mp3\">https:\/\/media.vaticannews.va\/media\/audio\/s1\/2019\/10\/17\/12\/135287664_F135287664.mp3<\/a><\/audio>\n<p style=\"text-align: justify;\">\n<\/div>\n","protected":false},"excerpt":{"rendered":"<p>Ou\u00e7a as entrevistas com a soci\u00f3loga M\u00e1rcia Maria de Oliveira e Dom Fl\u00e1vio Giovenale, salesiano, bispo da Diocese de Cruzeiro do Sul (AC). Cidade do Vaticano Muito al\u00e9m das expectativas: assim a soci\u00f3loga M\u00e1rcia Maria de Oliveira faz seu balan\u00e7o dessa segunda semana de trabalhos sinodais. A professora da Universidade Federal de Roraima participa do [&hellip;]<\/p>\n","protected":false},"author":1,"featured_media":54784,"comment_status":"open","ping_status":"closed","sticky":false,"template":"","format":"standard","meta":{"footnotes":""},"categories":[3],"tags":[],"class_list":["post-54783","post","type-post","status-publish","format-standard","has-post-thumbnail","hentry","category-vaticano"],"_links":{"self":[{"href":"https:\/\/catolicanet.net\/wp-cnet\/wp-json\/wp\/v2\/posts\/54783","targetHints":{"allow":["GET"]}}],"collection":[{"href":"https:\/\/catolicanet.net\/wp-cnet\/wp-json\/wp\/v2\/posts"}],"about":[{"href":"https:\/\/catolicanet.net\/wp-cnet\/wp-json\/wp\/v2\/types\/post"}],"author":[{"embeddable":true,"href":"https:\/\/catolicanet.net\/wp-cnet\/wp-json\/wp\/v2\/users\/1"}],"replies":[{"embeddable":true,"href":"https:\/\/catolicanet.net\/wp-cnet\/wp-json\/wp\/v2\/comments?post=54783"}],"version-history":[{"count":1,"href":"https:\/\/catolicanet.net\/wp-cnet\/wp-json\/wp\/v2\/posts\/54783\/revisions"}],"predecessor-version":[{"id":54785,"href":"https:\/\/catolicanet.net\/wp-cnet\/wp-json\/wp\/v2\/posts\/54783\/revisions\/54785"}],"wp:featuredmedia":[{"embeddable":true,"href":"https:\/\/catolicanet.net\/wp-cnet\/wp-json\/wp\/v2\/media\/54784"}],"wp:attachment":[{"href":"https:\/\/catolicanet.net\/wp-cnet\/wp-json\/wp\/v2\/media?parent=54783"}],"wp:term":[{"taxonomy":"category","embeddable":true,"href":"https:\/\/catolicanet.net\/wp-cnet\/wp-json\/wp\/v2\/categories?post=54783"},{"taxonomy":"post_tag","embeddable":true,"href":"https:\/\/catolicanet.net\/wp-cnet\/wp-json\/wp\/v2\/tags?post=54783"}],"curies":[{"name":"wp","href":"https:\/\/api.w.org\/{rel}","templated":true}]}}