{"id":54780,"date":"2019-10-17T10:29:29","date_gmt":"2019-10-17T13:29:29","guid":{"rendered":"http:\/\/catolicanet.net\/wp-cnet\/?p=54780"},"modified":"2019-10-17T11:34:43","modified_gmt":"2019-10-17T14:34:43","slug":"papa-rever-os-criterios-da-vida-para-salvar-a-vida-na-terra","status":"publish","type":"post","link":"https:\/\/catolicanet.net\/wp-cnet\/papa-rever-os-criterios-da-vida-para-salvar-a-vida-na-terra\/","title":{"rendered":"Papa: rever os crit\u00e9rios da vida para salvar a vida na Terra"},"content":{"rendered":"<div class=\"article__subTitle\" style=\"text-align: justify;\">Em um artigo in\u00e9dito, o Papa Francisco fala da necessidade de pedir e dar o perd\u00e3o, a\u00e7\u00f5es poss\u00edveis somente no Esp\u00edrito Santo, para superar a atual crise ecol\u00f3gica. O texto, do qual o &#8216;Corriere della Sera&#8217; publicou uma parte, est\u00e1 contido no livro \u201cNostra Madre Terra. Una lettura cristiana della sfida dell&#8217;ambiente&#8221;, publicado pela LEV, que re\u00fane os discursos do Papa sobre o cuidado da cria\u00e7\u00e3o e ser\u00e1 lan\u00e7ada em 24 de outubro na It\u00e1lia e na Fran\u00e7a, com pref\u00e1cio assinado pelo patriarca Bartolomeu.<\/div>\n<div class=\"title__separator\" style=\"text-align: justify;\"><\/div>\n<div class=\"article__text\">\n<p style=\"text-align: justify;\"><b>Papa Francisco<\/b><\/p>\n<p style=\"text-align: justify;\">Precisamente porque tudo est\u00e1 interligado (cfr Laudato si&#8217; 42; 56) no bem, no amor, precisamente por isto cada falta de amor repercute em tudo. A crise ecol\u00f3gica que estamos enfrentando \u00e9, acima de tudo, um dos efeitos desse olhar doente sobre n\u00f3s, sobre os outros, sobre o mundo, sobre o tempo que passa; um olhar doente que n\u00e3o nos faz perceber tudo como um dom oferecido para nos descobrirmos amados.<\/p>\n<p style=\"text-align: justify;\">\u00c9 esse amor aut\u00eantico, que \u00e0s vezes chega a n\u00f3s de uma maneira inimagin\u00e1vel e inesperada, que nos pede para rever nossos estilos de vida, nossos crit\u00e9rios de julgamento, os valores nos quais baseamos nossas escolhas. De fato, j\u00e1 \u00e9 sabido que a polui\u00e7\u00e3o, mudan\u00e7as clim\u00e1ticas, desertifica\u00e7\u00e3o, migra\u00e7\u00f5es ambientais, consumo insustent\u00e1vel dos recursos do planeta, acidifica\u00e7\u00e3o dos oceanos, redu\u00e7\u00e3o da biodiversidade, s\u00e3o aspectos insepar\u00e1veis \u200b\u200bda desigualdade social: da crescente concentra\u00e7\u00e3o do poder e da riqueza nas m\u00e3os de poucos e da assim chamada sociedade do\u00a0 bem-estar, dos loucos gastos militares, da cultura do descarte desperd\u00edcio e de uma falta de considera\u00e7\u00e3o do mundo do ponto de vista das periferias, da falta de prote\u00e7\u00e3o das crian\u00e7as e dos menores, dos idosos vulner\u00e1veis \u200b\u200be nascituros.<\/p>\n<h2 style=\"text-align: justify;\">Solu\u00e7\u00f5es puramente ambientais n\u00e3o s\u00e3o suficientes<\/h2>\n<p style=\"text-align: justify;\">Um dos grandes riscos de nosso tempo, ent\u00e3o, diante da s\u00e9ria amea\u00e7a \u00e0 vida no planeta causada pela crise ecol\u00f3gica, \u00e9 o de esse fen\u00f4meno n\u00e3os er lido como o aspecto de uma crise global, mas de nos limitarmos a procurar &#8211; embora necess\u00e1rias e indispens\u00e1veis &#8211; solu\u00e7\u00f5es puramente ambientais.<\/p>\n<p style=\"text-align: justify;\">Ora, uma crise global requer uma vis\u00e3o e uma abordagem global, que passam antes de tudo por um renascimento espiritual no sentido mais nobre do termo.<\/p>\n<p style=\"text-align: justify;\">Paradoxalmente, as mudan\u00e7as clim\u00e1ticas poderiam se tornar uma oportunidade para nos fazer perguntas de fundo sobre o mist\u00e9rio de ser criado e sobre aquilo pelo qual vale a pena viver. Isso levaria a uma profunda revis\u00e3o de nossos modelos culturais e econ\u00f4micos, para um crescimento na justi\u00e7a e na partilha, na redescoberta do valor de cada pessoa, no empenho para que quem hoje est\u00e1 \u00e0 margem, possa ser inclu\u00eddo e aquele que vier amanh\u00e3, ainda possa desfrutar do beleza do nosso mundo, que \u00e9 e continuar\u00e1 a ser um dom oferecido \u00e0 nossa liberdade e \u00e0 nossa responsabilidade.<\/p>\n<div style=\"text-align: justify;\">\n<div class=\"article__embed article__embed--unwrap\">\n<figure><picture><img decoding=\"async\" class=\"loaded\" src=\"https:\/\/www.vaticannews.va\/content\/dam\/vaticannews\/multimedia\/2019\/10\/16\/IMG_5300.jpg\/_jcr_content\/renditions\/cq5dam.thumbnail.cropped.750.422.jpeg\" alt=\"\u201cNostra Madre Terra. Una lettura cristiana della sfida dell'ambiente&quot;\" data-original=\"\/content\/dam\/vaticannews\/multimedia\/2019\/10\/16\/IMG_5300.jpg\/_jcr_content\/renditions\/cq5dam.thumbnail.cropped.750.422.jpeg\" data-was-processed=\"true\" \/> <\/picture><\/figure>\n<div class=\"photo_embed--Title\" style=\"text-align: center;\">\u201cNostra Madre Terra. Una lettura cristiana della sfida dell&#8217;ambiente&#8221;<\/div>\n<\/div>\n<\/div>\n<h2 style=\"text-align: justify;\">Tomar consci\u00eancia de uma cultura que se imp\u00f5e<\/h2>\n<p style=\"text-align: justify;\">A cultura dominante &#8211; aquela que respiramos por meio das leituras, encontros, entretenimento, nas m\u00eddias etc. &#8211; baseia-se na posse: das coisas, do sucesso, da visibilidade, do poder.<\/p>\n<p style=\"text-align: justify;\">Quem tem muito vale muito, \u00e9 admirado, considerado e exerce alguma forma de poder; enquanto aqueles que t\u00eam pouco ou nada, correm o risco de perder at\u00e9 mesmo o pr\u00f3prio rosto, porque desaparece, torna-se um daqueles invis\u00edveis que povoam nossas cidades, uma daquelas pessoas das quais n\u00e3o nos damos conta ou com quem procuramos n\u00e3o entrar em contato. Certamente, cada um de n\u00f3s \u00e9, antes de tudo v\u00edtima dessa mentalidade, porque somos de muitas maneiras bombardeados por ela.<\/p>\n<p style=\"text-align: justify;\">Desde pequenos, crescemos em um mundo onde uma ideologia mercantil generalizada, que \u00e9 a verdadeira ideologia e pr\u00e1tica da globaliza\u00e7\u00e3o, estimula em n\u00f3s um individualismo que se torna narcisismo, gan\u00e2ncia, ambi\u00e7\u00f5es elementares, nega\u00e7\u00e3o do outro &#8230; Portanto, neste nossa situa\u00e7\u00e3o atual, um comportamento justo e s\u00e1bio, antes que a acusa\u00e7\u00e3o ou o julgamento, \u00e9 antes de tudo o da tomada de consci\u00eancia.<\/p>\n<h2 style=\"text-align: justify;\">Estruturas de pecado<\/h2>\n<p style=\"text-align: justify;\">Estamos envolvidos, de fato, em estruturas de pecado (como S\u00e3o Jo\u00e3o Paulo II a chamou) que produzem o mal, poluem o meio ambiente, ferem e humilham os pobres, favorecem a l\u00f3gica da posse e do poder, explorando os recursos naturais de maneira exagerada, obrigando popula\u00e7\u00f5es inteiras a abandonar suas terras, alimentam o \u00f3dio, a viol\u00eancia e a guerra. Trata-se de uma tend\u00eancia cultural e espiritual que distorce nosso senso espiritual que vice-versa &#8211; em virtude de termos sido criados \u00e0 imagem e semelhan\u00e7a de Deus &#8211; naturalmente nos direciona ao bem, ao amor e ao servi\u00e7o aos outros.<\/p>\n<h2 style=\"text-align: justify;\">Redescobrir-se pessoas pertencentes a uma s\u00f3 fam\u00edlia<\/h2>\n<p style=\"text-align: justify;\">Por essas raz\u00f5es, o ponto de virada n\u00e3o poder\u00e1 vir simplesmente do nosso esfor\u00e7o ou de uma revolu\u00e7\u00e3o tecnol\u00f3gica: sem negligenciar tudo isso, precisamos redescobrir-nos pessoas, isto \u00e9, homens e mulheres que reconhecem serem incapazes de saber quem s\u00e3o sem os outros, e que se sentem chamados a considerar o mundo \u00e0 sua volta n\u00e3o como um objetivo em si, mas como um sacramento da comunh\u00e3o. Dessa maneira, os problemas de hoje podem se tornar aut\u00eanticas oportunidades \u00a0para que possamos nos descobrir verdadeiramente como uma \u00fanica fam\u00edlia, a fam\u00edlia humana.<\/p>\n<h2 style=\"text-align: justify;\">O perd\u00e3o para superar a crise ecol\u00f3gica<\/h2>\n<p style=\"text-align: justify;\">Enquanto tomamos consci\u00eancia de que estamos perdendo o objetivo, que estamos priorizando o que n\u00e3o \u00e9 essencial ou at\u00e9 mesmo o que n\u00e3o \u00e9 bom e faz mal, pode nascer em n\u00f3s o arrependimento e o pedido de perd\u00e3o. Eu sinceramente sonho com um crescimento da consci\u00eancia e de um sincero arrependimento de todos n\u00f3s, homens e mulheres do s\u00e9culo XXI, crentes e n\u00e3o crentes, de nossas sociedades, por nos deixarmos levar por l\u00f3gicas que dividem, provocam fome, isolam e condenam. Seria belo se nos torn\u00e1ssemos capazes de pedir perd\u00e3o aos pobres, aos exclu\u00eddos; ent\u00e3o nos tornar\u00edamos capazes de nos arrepender sinceramente tamb\u00e9m do mal feito \u00e0 terra, ao mar, ao ar, aos animais &#8230;<\/p>\n<p style=\"text-align: justify;\">Pedir e perdoar s\u00e3o a\u00e7\u00f5es poss\u00edveis apenas no Esp\u00edrito Santo, porque \u00e9 Ele o art\u00edfice da comunh\u00e3o que abre os fechamentos dos indiv\u00edduos; e \u00e9 necess\u00e1rio muito amor para deixar de lado o pr\u00f3prio orgulho, para perceber que cometeu um erro e para ter esperan\u00e7a de que novos caminhos sejam realmente poss\u00edveis.<\/p>\n<p style=\"text-align: justify;\">O arrependimento, portanto, \u00a0para todos n\u00f3s, para a nossa \u00e9poca, \u00e9 uma gra\u00e7a a ser implorada humildemente ao Senhor Jesus Cristo, para que essa nossa gera\u00e7\u00e3o possa ser recordada na hist\u00f3ria n\u00e3o por seus erros, mas pela humildade e a sabedoria de ter sabido reverter a rota.<\/p>\n<h2 style=\"text-align: justify;\">Recome\u00e7ar a partir dos relacionamentos, a inova\u00e7\u00e3o tecnol\u00f3gica n\u00e3o \u00e9 suficiente<\/h2>\n<p style=\"text-align: justify;\">O que estou dizendo talvez possa parecer idealista e pouco concreto, enquanto aparecem mais caminhos vi\u00e1veis que visam desenvolver inova\u00e7\u00f5es tecnol\u00f3gicas, a redu\u00e7\u00e3o no uso de embalagens, o desenvolvimento de energia a partir de fontes renov\u00e1veis \u200b\u200betc. Tudo isso \u00e9, sem d\u00favida, n\u00e3o apenas um dever, mas necess\u00e1rio. No entanto, n\u00e3o \u00e9 suficiente.<\/p>\n<p style=\"text-align: justify;\">A ecologia \u00e9 ecologia do homem e de toda a cria\u00e7\u00e3o, n\u00e3o apenas de uma parte. Assim como para uma doen\u00e7a grave o rem\u00e9dio por si s\u00f3 n\u00e3o \u00e9 suficiente, mas \u00e9 necess\u00e1rio olhar para o doente e entender as causas que levaram ao aparecimento do mal, assim analogamente a crise de nosso tempo deve ser enfrentada em suas ra\u00edzes. O caminho proposto consiste, ent\u00e3o, em repensar nosso futuro a partir das rela\u00e7\u00f5es: os homens e as mulheres de nosso tempo t\u00eam tanta sede de autenticidade, de rever sinceramente os crit\u00e9rios da vida, de apostar naquilo que vale a pena, reestruturando a exist\u00eancia e a cultura.<\/p>\n<\/div>\n","protected":false},"excerpt":{"rendered":"<p>Em um artigo in\u00e9dito, o Papa Francisco fala da necessidade de pedir e dar o perd\u00e3o, a\u00e7\u00f5es poss\u00edveis somente no Esp\u00edrito Santo, para superar a atual crise ecol\u00f3gica. O texto, do qual o &#8216;Corriere della Sera&#8217; publicou uma parte, est\u00e1 contido no livro \u201cNostra Madre Terra. Una lettura cristiana della sfida dell&#8217;ambiente&#8221;, publicado pela LEV, [&hellip;]<\/p>\n","protected":false},"author":1,"featured_media":54781,"comment_status":"open","ping_status":"closed","sticky":false,"template":"","format":"standard","meta":{"footnotes":""},"categories":[3],"tags":[],"class_list":["post-54780","post","type-post","status-publish","format-standard","has-post-thumbnail","hentry","category-vaticano"],"_links":{"self":[{"href":"https:\/\/catolicanet.net\/wp-cnet\/wp-json\/wp\/v2\/posts\/54780","targetHints":{"allow":["GET"]}}],"collection":[{"href":"https:\/\/catolicanet.net\/wp-cnet\/wp-json\/wp\/v2\/posts"}],"about":[{"href":"https:\/\/catolicanet.net\/wp-cnet\/wp-json\/wp\/v2\/types\/post"}],"author":[{"embeddable":true,"href":"https:\/\/catolicanet.net\/wp-cnet\/wp-json\/wp\/v2\/users\/1"}],"replies":[{"embeddable":true,"href":"https:\/\/catolicanet.net\/wp-cnet\/wp-json\/wp\/v2\/comments?post=54780"}],"version-history":[{"count":1,"href":"https:\/\/catolicanet.net\/wp-cnet\/wp-json\/wp\/v2\/posts\/54780\/revisions"}],"predecessor-version":[{"id":54782,"href":"https:\/\/catolicanet.net\/wp-cnet\/wp-json\/wp\/v2\/posts\/54780\/revisions\/54782"}],"wp:featuredmedia":[{"embeddable":true,"href":"https:\/\/catolicanet.net\/wp-cnet\/wp-json\/wp\/v2\/media\/54781"}],"wp:attachment":[{"href":"https:\/\/catolicanet.net\/wp-cnet\/wp-json\/wp\/v2\/media?parent=54780"}],"wp:term":[{"taxonomy":"category","embeddable":true,"href":"https:\/\/catolicanet.net\/wp-cnet\/wp-json\/wp\/v2\/categories?post=54780"},{"taxonomy":"post_tag","embeddable":true,"href":"https:\/\/catolicanet.net\/wp-cnet\/wp-json\/wp\/v2\/tags?post=54780"}],"curies":[{"name":"wp","href":"https:\/\/api.w.org\/{rel}","templated":true}]}}