{"id":54777,"date":"2019-10-17T09:45:25","date_gmt":"2019-10-17T12:45:25","guid":{"rendered":"http:\/\/catolicanet.net\/wp-cnet\/?p=54777"},"modified":"2019-10-17T11:25:22","modified_gmt":"2019-10-17T14:25:22","slug":"francisco-aprender-a-ir-alem-olhar-a-pessoa-e-as-intencoes-de-seu-coracao-2","status":"publish","type":"post","link":"https:\/\/catolicanet.net\/wp-cnet\/francisco-aprender-a-ir-alem-olhar-a-pessoa-e-as-intencoes-de-seu-coracao-2\/","title":{"rendered":"Francisco: aprender a ir al\u00e9m, olhar a pessoa e as inten\u00e7\u00f5es de seu cora\u00e7\u00e3o"},"content":{"rendered":"<div class=\"article__subTitle\" style=\"text-align: justify;\">O Papa convidou os fi\u00e9is a aprenderem de Pedro &#8220;que um evangelizador n\u00e3o pode ser um empecilho para a obra criativa de Deus, mas algu\u00e9m que favore\u00e7a o encontro dos cora\u00e7\u00f5es com o Senhor&#8221;.<\/div>\n<div class=\"title__separator\" style=\"text-align: justify;\"><\/div>\n<div class=\"article__text\">\n<p style=\"text-align: justify;\"><b>Mariangela Jaguraba &#8211; Cidade do Vaticano<\/b><\/p>\n<p><iframe loading=\"lazy\" width=\"696\" height=\"392\" src=\"https:\/\/www.youtube.com\/embed\/v-FQN-vqWm4?feature=oembed\" frameborder=\"0\" allow=\"accelerometer; autoplay; encrypted-media; gyroscope; picture-in-picture\" allowfullscreen><\/iframe><\/p>\n<p style=\"text-align: justify;\">O Papa Francisco prosseguiu o ciclo de catequeses sobre os Atos dos Ap\u00f3stolos, na Audi\u00eancia Geral, desta quarta-feira (16\/10), que teve como tema \u201cDeus n\u00e3o faz diferen\u00e7a entre as pessoas. Pedro e a efus\u00e3o do Esp\u00edrito Santo sobre os pag\u00e3os\u201d.<\/p>\n<p style=\"text-align: justify;\">\u201cA viagem do Evangelho no mundo, que S\u00e3o Lucas narra nos Atos dos Ap\u00f3stolos, \u00e9 acompanhada pela suprema <b>criatividade de Deus <\/b>que se manifesta de forma surpreendente\u201d, frisou o Papa, destacando que o Senhor \u201cdeseja que os seus filhos superem toda particularidade para se abrirem \u00e0 universalidade da salva\u00e7\u00e3o. Este \u00e9 o objetivo, pois Deus quer que todos sejam salvos\u201d.<\/p>\n<h2 style=\"text-align: justify;\">Sair de si e se abrir aos outros<\/h2>\n<p style=\"text-align: justify;\">Aqueles que renasceram da \u00e1gua e do Esp\u00edrito s\u00e3o chamados a \u201csa\u00edrem de si mesmos e se abrirem aos outros, a viverem a proximidade, o estilo do viver juntos que transforma toda rela\u00e7\u00e3o interpessoal em experi\u00eancia de fraternidade\u201d, disse ainda Francisco.<\/p>\n<!--[if lt IE 9]><script>document.createElement('audio');<\/script><![endif]-->\n<audio class=\"wp-audio-shortcode\" id=\"audio-54777-1\" preload=\"none\" style=\"width: 100%;\" controls=\"controls\"><source type=\"audio\/mpeg\" src=\"https:\/\/media.vaticannews.va\/media\/audio\/s1\/2019\/10\/16\/11\/135285631_F135285631.mp3?_=1\" \/><a href=\"https:\/\/media.vaticannews.va\/media\/audio\/s1\/2019\/10\/16\/11\/135285631_F135285631.mp3\">https:\/\/media.vaticannews.va\/media\/audio\/s1\/2019\/10\/16\/11\/135285631_F135285631.mp3<\/a><\/audio>\n<div class=\"article__text\">\n<p style=\"text-align: justify;\">Pedro \u00e9 testemunha desse processo de<b> \u201cfraterniza\u00e7\u00e3o\u201d<\/b> que o Esp\u00edrito quer desencadear na hist\u00f3ria. Pedro, protagonista nos Atos dos Ap\u00f3stolos junto com Paulo, \u201cvive um evento que d\u00e1 uma virada decisiva na sua exist\u00eancia. Enquanto reza, tem uma vis\u00e3o que \u00e9 como uma provoca\u00e7\u00e3o\u201d divina que desperta nele uma mudan\u00e7a de mentalidade.<\/p>\n<p style=\"text-align: justify;\">\u201cEle v\u00ea uma toalha grande que desce do alto com v\u00e1rios animais: quadr\u00fapedes, r\u00e9pteis e p\u00e1ssaros, e ouve uma voz que o convida a comer aquelas carnes. Como um bom judeu, Pedro reage, dizendo que nunca comeu nada de impuro, conforme pedido pela Lei do Senhor. Ent\u00e3o a voz rebate com for\u00e7a: \u00abN\u00e3o chame de impuro o que Deus purificou\u00bb.<\/p>\n<div style=\"text-align: justify;\">\n<div class=\"article__embed article__embed--border embed_style\">\n<blockquote><p>\u201c Com esse fato, o Senhor quer que Pedro n\u00e3o avalie mais os eventos e as pessoas de acordo com as categorias de puro e impuro, mas que aprenda a ir al\u00e9m, a olhar a pessoa e as inten\u00e7\u00f5es de seu cora\u00e7\u00e3o. \u201d<\/p><\/blockquote>\n<\/div>\n<\/div>\n<p style=\"text-align: justify;\">&#8220;O que torna o homem impuro, de fato, n\u00e3o vem de fora, mas de dentro, do cora\u00e7\u00e3o. Jesus disse isso claramente.\u201d<\/p>\n<p style=\"text-align: justify;\">Segundo o Papa, depois dessa vis\u00e3o, Deus envia Pedro \u00e0 casa de um estrangeiro incircunciso, Corn\u00e9lio, \u201ccenturi\u00e3o da coorte chamada it\u00e1lica, religioso e temente a Deus\u201d, que d\u00e1 muitas esmolas ao povo e orava sempre a Deus, mas n\u00e3o era judeu. Naquela casa de pag\u00e3os, Pedro prega Cristo crucificado e ressuscitado e o perd\u00e3o dos pecados a quem Nele cr\u00ea. Enquanto Pedro fala, o Esp\u00edrito Santo desce sobre Corn\u00e9lio e seus familiares. Pedro os batiza em nome de Jesus Cristo.<\/p>\n<h2 style=\"text-align: justify;\">Um evangelizador n\u00e3o pode ser um empecilho<\/h2>\n<p style=\"text-align: justify;\">\u201cEsse fato extraordin\u00e1rio fica conhecido em Jerusal\u00e9m, onde os irm\u00e3os, escandalizados pelo comportamento de Pedro, o repreendem severamente. Pedro fez algo que estava al\u00e9m do costume, al\u00e9m da lei! Por isso, eles o censuram\u201d, sublinhou Francisco.<\/p>\n<p style=\"text-align: justify;\"><b>&#8220;Depois do encontro com Corn\u00e9lio, Pedro est\u00e1 mais livre de si mesmo e mais em comunh\u00e3o com Deus e com os outros, porque viu a vontade de Deus na a\u00e7\u00e3o do Esp\u00edrito Santo.<\/b> Ele entendeu que a elei\u00e7\u00e3o de Israel n\u00e3o \u00e9 a recompensa pelo m\u00e9rito, mas sinal do chamado gratuito para ser media\u00e7\u00e3o da b\u00ean\u00e7\u00e3o divina entre os povos pag\u00e3os.\u201d<\/p>\n<p style=\"text-align: justify;\">O Papa convidou os fi\u00e9is a aprenderem do &#8220;pr\u00edncipe dos Ap\u00f3stolos que <b>um evangelizador n\u00e3o pode ser um empecilho para a obra criativa de Deus que quer que todos se salvem, mas algu\u00e9m que favore\u00e7a o encontro dos cora\u00e7\u00f5es com o Senhor&#8221;.<\/b><\/p>\n<p style=\"text-align: justify;\">A seguir, Francisco perguntou: \u201cComo nos comportamos com os nossos irm\u00e3os, sobretudo com aqueles que n\u00e3o s\u00e3o crist\u00e3os. Somos um empecilho para o encontro com Deus? Somos um obst\u00e1culo para o seu encontro com o Pai ou o facilitamos?\u201d<\/p>\n<p style=\"text-align: justify;\">\u201cPe\u00e7amos a gra\u00e7a de nos deixar surpreender pelas surpresas de Deus, de n\u00e3o impedir a sua criatividade, mas de reconhecer e favorecer os caminhos sempre novos pelos quais Cristo Ressuscitado derrama o seu Esp\u00edrito no mundo e atrai os cora\u00e7\u00f5es\u201d, concluiu o Pont\u00edfice.<\/p>\n<\/div>\n<\/div>\n","protected":false},"excerpt":{"rendered":"<p>O Papa convidou os fi\u00e9is a aprenderem de Pedro &#8220;que um evangelizador n\u00e3o pode ser um empecilho para a obra criativa de Deus, mas algu\u00e9m que favore\u00e7a o encontro dos cora\u00e7\u00f5es com o Senhor&#8221;. Mariangela Jaguraba &#8211; Cidade do Vaticano O Papa Francisco prosseguiu o ciclo de catequeses sobre os Atos dos Ap\u00f3stolos, na Audi\u00eancia [&hellip;]<\/p>\n","protected":false},"author":1,"featured_media":54778,"comment_status":"open","ping_status":"closed","sticky":false,"template":"","format":"standard","meta":{"footnotes":""},"categories":[13,3],"tags":[],"class_list":["post-54777","post","type-post","status-publish","format-standard","has-post-thumbnail","hentry","category-featured","category-vaticano"],"_links":{"self":[{"href":"https:\/\/catolicanet.net\/wp-cnet\/wp-json\/wp\/v2\/posts\/54777","targetHints":{"allow":["GET"]}}],"collection":[{"href":"https:\/\/catolicanet.net\/wp-cnet\/wp-json\/wp\/v2\/posts"}],"about":[{"href":"https:\/\/catolicanet.net\/wp-cnet\/wp-json\/wp\/v2\/types\/post"}],"author":[{"embeddable":true,"href":"https:\/\/catolicanet.net\/wp-cnet\/wp-json\/wp\/v2\/users\/1"}],"replies":[{"embeddable":true,"href":"https:\/\/catolicanet.net\/wp-cnet\/wp-json\/wp\/v2\/comments?post=54777"}],"version-history":[{"count":1,"href":"https:\/\/catolicanet.net\/wp-cnet\/wp-json\/wp\/v2\/posts\/54777\/revisions"}],"predecessor-version":[{"id":54779,"href":"https:\/\/catolicanet.net\/wp-cnet\/wp-json\/wp\/v2\/posts\/54777\/revisions\/54779"}],"wp:featuredmedia":[{"embeddable":true,"href":"https:\/\/catolicanet.net\/wp-cnet\/wp-json\/wp\/v2\/media\/54778"}],"wp:attachment":[{"href":"https:\/\/catolicanet.net\/wp-cnet\/wp-json\/wp\/v2\/media?parent=54777"}],"wp:term":[{"taxonomy":"category","embeddable":true,"href":"https:\/\/catolicanet.net\/wp-cnet\/wp-json\/wp\/v2\/categories?post=54777"},{"taxonomy":"post_tag","embeddable":true,"href":"https:\/\/catolicanet.net\/wp-cnet\/wp-json\/wp\/v2\/tags?post=54777"}],"curies":[{"name":"wp","href":"https:\/\/api.w.org\/{rel}","templated":true}]}}