{"id":54760,"date":"2019-10-16T13:52:00","date_gmt":"2019-10-16T16:52:00","guid":{"rendered":"http:\/\/catolicanet.net\/wp-cnet\/?p=54760"},"modified":"2019-10-16T13:52:00","modified_gmt":"2019-10-16T16:52:00","slug":"quatro-palavrinhas-para-o-ajudar-a-rezar-com-os-seus-filhos","status":"publish","type":"post","link":"https:\/\/catolicanet.net\/wp-cnet\/quatro-palavrinhas-para-o-ajudar-a-rezar-com-os-seus-filhos\/","title":{"rendered":"Quatro palavrinhas para o ajudar a rezar com os seus filhos"},"content":{"rendered":"<div class=\"io-div\" data-io-article-url=\"https:\/\/pt.aleteia.org\/pc_lifestyle\/quatro-palavrinhas-para-o-ajudar-a-rezar-com-os-seus-filhos\/\">\n<h2 class=\"subtitle\" style=\"text-align: justify;\">Para muitos pais, ora\u00e7\u00e3o rima com dificuldade. No entanto, \u00e9 poss\u00edvel rezar com seus filhos, desde que voc\u00ea escolha o melhor meio!<\/h2>\n<div class=\"base-post-content\">\n<p class=\"p1\" style=\"text-align: justify;\"><span class=\"s1\">Nem sempre \u00e9 f\u00e1cil rezar com os nossos filhos, especialmente quando eles s\u00e3o ainda muito pequenos. Para que a ora\u00e7\u00e3o da fam\u00edlia n\u00e3o seja uma fonte de inc\u00f4modo ou aborrecimento, ela deve ser constru\u00edda em torno de quatro express\u00f5es simples: \u201cobrigado\u201d, \u201cdesculpe\u201d, \u201cpor favor\u201d e \u201ceu te amo\u201d.<\/span><\/p>\n<p class=\"p1\" style=\"text-align: justify;\"><span class=\"s1\"><b><i>Obrigado<\/i><\/b><\/span><\/p>\n<p class=\"p1\" style=\"text-align: justify;\"><span class=\"s1\">Podemos come\u00e7ar a ora\u00e7\u00e3o em louvor. Agrade\u00e7a a Deus por ser o nosso Pai e agrade\u00e7a a Ele tamb\u00e9m por todos os seus dons.<\/span><\/p>\n<p class=\"p1\" style=\"text-align: justify;\"><span class=\"s1\"><b><i>Desculpe<\/i><\/b><\/span><\/p>\n<p class=\"p1\" style=\"text-align: justify;\"><span class=\"s1\">Deus nos oferece seu perd\u00e3o. Podemos pedir perd\u00e3o a Deus por um ponto espec\u00edfico que nos desviou dele durante o nosso dia. Este pedido pode ser feito em sil\u00eancio, cada pessoa refletindo sobre os seus pecados em seu cora\u00e7\u00e3o.<\/span><\/p>\n<p class=\"p1\" style=\"text-align: justify;\"><span class=\"s1\"><b><i>Por favor<\/i><\/b><\/span><\/p>\n<p class=\"p1\" style=\"text-align: justify;\"><span class=\"s1\">Tudo vem de Deus, por isso, nos coloquemos diante dele de m\u00e3os abertas, como filhos que receber\u00e3o suas gra\u00e7as. Na nossa ora\u00e7\u00e3o podemos pedir qualquer coisa, desde o desejo mais material at\u00e9 a nossa sede mais profunda. O que importa n\u00e3o \u00e9 o que pedimos, mas a maneira como pedimos: n\u00e3o como uma obriga\u00e7\u00e3o, mas como uma gra\u00e7a que iremos receber. Este pedido pode ser conclu\u00eddo com as seguintes palavras: \u201cQue seja feita a tua vontade e n\u00e3o a minha\u201d.<\/span><\/p>\n<p class=\"p1\" style=\"text-align: justify;\"><span class=\"s1\"><b><i>Eu te amo<\/i><\/b><\/span><\/p>\n<p class=\"p1\" style=\"text-align: justify;\"><span class=\"s1\">A ora\u00e7\u00e3o come\u00e7a com louvor e termina com louvor. Dizer a Deus \u201ceu te amo\u201d \u00e9 mostrar que Ele \u00e9 a raz\u00e3o da nossa sede de viver. Desejamos viver do seu amor e no seu amor. <\/span><\/p>\n<p class=\"p1\" style=\"text-align: justify;\"><span class=\"s1\">E por fim, n\u00e3o esque\u00e7a que a melhor maneira de conduzir as crian\u00e7as \u00e0 ora\u00e7\u00e3o \u00e9 faz\u00ea-las cantar seus louvores, seus pedidos e suas intercess\u00f5es.<\/span><\/p>\n<p class=\"p3\" style=\"text-align: justify;\"><em><span class=\"s1\">Christine Ponsard<\/span><\/em><\/p>\n<\/div>\n<\/div>\n","protected":false},"excerpt":{"rendered":"<p>Para muitos pais, ora\u00e7\u00e3o rima com dificuldade. No entanto, \u00e9 poss\u00edvel rezar com seus filhos, desde que voc\u00ea escolha o melhor meio! Nem sempre \u00e9 f\u00e1cil rezar com os nossos filhos, especialmente quando eles s\u00e3o ainda muito pequenos. Para que a ora\u00e7\u00e3o da fam\u00edlia n\u00e3o seja uma fonte de inc\u00f4modo ou aborrecimento, ela deve ser [&hellip;]<\/p>\n","protected":false},"author":1,"featured_media":54761,"comment_status":"open","ping_status":"closed","sticky":false,"template":"","format":"standard","meta":{"footnotes":""},"categories":[4,13],"tags":[],"class_list":["post-54760","post","type-post","status-publish","format-standard","has-post-thumbnail","hentry","category-cotidiano","category-featured"],"_links":{"self":[{"href":"https:\/\/catolicanet.net\/wp-cnet\/wp-json\/wp\/v2\/posts\/54760","targetHints":{"allow":["GET"]}}],"collection":[{"href":"https:\/\/catolicanet.net\/wp-cnet\/wp-json\/wp\/v2\/posts"}],"about":[{"href":"https:\/\/catolicanet.net\/wp-cnet\/wp-json\/wp\/v2\/types\/post"}],"author":[{"embeddable":true,"href":"https:\/\/catolicanet.net\/wp-cnet\/wp-json\/wp\/v2\/users\/1"}],"replies":[{"embeddable":true,"href":"https:\/\/catolicanet.net\/wp-cnet\/wp-json\/wp\/v2\/comments?post=54760"}],"version-history":[{"count":1,"href":"https:\/\/catolicanet.net\/wp-cnet\/wp-json\/wp\/v2\/posts\/54760\/revisions"}],"predecessor-version":[{"id":54762,"href":"https:\/\/catolicanet.net\/wp-cnet\/wp-json\/wp\/v2\/posts\/54760\/revisions\/54762"}],"wp:featuredmedia":[{"embeddable":true,"href":"https:\/\/catolicanet.net\/wp-cnet\/wp-json\/wp\/v2\/media\/54761"}],"wp:attachment":[{"href":"https:\/\/catolicanet.net\/wp-cnet\/wp-json\/wp\/v2\/media?parent=54760"}],"wp:term":[{"taxonomy":"category","embeddable":true,"href":"https:\/\/catolicanet.net\/wp-cnet\/wp-json\/wp\/v2\/categories?post=54760"},{"taxonomy":"post_tag","embeddable":true,"href":"https:\/\/catolicanet.net\/wp-cnet\/wp-json\/wp\/v2\/tags?post=54760"}],"curies":[{"name":"wp","href":"https:\/\/api.w.org\/{rel}","templated":true}]}}