{"id":54737,"date":"2019-10-15T13:52:00","date_gmt":"2019-10-15T16:52:00","guid":{"rendered":"http:\/\/catolicanet.net\/wp-cnet\/?p=54737"},"modified":"2019-10-15T13:52:00","modified_gmt":"2019-10-15T16:52:00","slug":"sinodo-amazonico-valorizar-os-carismas-dos-fieis-leigos-longe-do-clericalismo","status":"publish","type":"post","link":"https:\/\/catolicanet.net\/wp-cnet\/sinodo-amazonico-valorizar-os-carismas-dos-fieis-leigos-longe-do-clericalismo\/","title":{"rendered":"S\u00ednodo Amaz\u00f4nico: valorizar os carismas dos fi\u00e9is leigos, longe do clericalismo"},"content":{"rendered":"<h3 class=\"article__subTitle\" style=\"text-align: justify;\">Com a 10\u00b0 Congrega\u00e7\u00e3o Geral, realizada na tarde de 14 de outubro, prosseguem os trabalhos do S\u00ednodo Especial Pan-amaz\u00f4nico, em andamento no Vaticano at\u00e9 27 de outubro. Os padres sinodais presentes na Sala eram 177, na presen\u00e7a do Papa Francisco.<\/h3>\n<div class=\"title__separator\" style=\"text-align: justify;\"><\/div>\n<div class=\"article__text\">\n<p style=\"text-align: justify;\"><b>Vatican News \u2013 Cidade do Vaticano<\/b><\/p>\n<p style=\"text-align: justify;\">Repensar as ministerialidades da Igreja \u00e0 luz dos par\u00e2metros da sinodalidade: este \u00e9 um dos desafios da Igreja na Amaz\u00f4nia para que seja sempre mais Igreja da Palavra. Este foi o teor de alguns pronunciamentos feitos na tarde de hoje na Sala do S\u00ednodo. A Palavra de Deus \u00e9 presen\u00e7a ativa e misericordiosa, educativa e prof\u00e9tica, formativa e performativa, interpelante no \u00e2mbito da ecologia integral e sinal de empenho social, econ\u00f4mico, cultural e pol\u00edtico para o desenvolvimento de um novo humanismo. S\u00e3o necess\u00e1rios novos ministros da Palavra, inclusive mulheres, para dar novas respostas aos desafios contempor\u00e2neos e \u00e9 preciso investir nos leigos bem preparados que, em esp\u00edrito mission\u00e1rio, saibam levar o an\u00fancio do Evangelho a todos os lugares da Amaz\u00f4nia. Al\u00e9m disso, uma forma\u00e7\u00e3o adequada dos leigos engajados \u00e9 fundamental tamb\u00e9m para o nascimento de novas voca\u00e7\u00f5es.<\/p>\n<p style=\"text-align: justify;\"><b>O papel dos fi\u00e9is leigos e das mulheres<\/b><\/p>\n<p style=\"text-align: justify;\">Uma Igreja ministerial, foi dito ainda na Sala, precisa que sejam melhor expressos e valorizados os carismas dos fi\u00e9is leigos, gra\u00e7as aos quais se manifesta a face da Igreja em sa\u00edda, longe do clericalismo. Um pronunciamento, em especial, sugere que a quest\u00e3o dos assim chamados <i>viri probati<\/i>\u00a0e da ministerialidade feminina sejam tratados numa Assembleia sinodal ordin\u00e1ria, porque s\u00e3o temas de alcance universal. Outra fala aconselha que, antes dos <i>viri probati presbiteri<\/i>, se pense nos <i>viri probati diaconi<\/i>: o diaconato permanente, com efeito, pode representar um verdadeiro laborat\u00f3rio para ter homens casados no sacramento da Ordem. Em particular para o tema feminino, entre as coloca\u00e7\u00f5es dos auditores se sugere que sejam institu\u00eddos minist\u00e9rios n\u00e3o ordenados para as mulheres leigas, entendendo o pr\u00f3prio minist\u00e9rio como um servi\u00e7o, de modo a garantir em todo o territ\u00f3rio pan-amaz\u00f4nico a dignidade e a igualdade feminina. Esses minist\u00e9rios poderiam ser, por exemplo, o da celebra\u00e7\u00e3o da Palavra ou das atividades s\u00f3cio-caritativas.<\/p>\n<p style=\"text-align: justify;\"><b>Prote\u00e7\u00e3o dos menores e dos adultos vulner\u00e1veis<\/b><\/p>\n<p style=\"text-align: justify;\">Depois, houve espa\u00e7o para a prote\u00e7\u00e3o dos menores e dos adultos vulner\u00e1veis na Amaz\u00f4nia: a terr\u00edvel chaga da pedofilia e dos abusos sexuais requer, de fato, que a Igreja seja sempre vigilante e corajosa. O maior desafio, destacou-se, \u00e9 a transpar\u00eancia e a responsabilidade diante desses crimes, para que possam ser prevenidos e combatidos. O tema da explora\u00e7\u00e3o sexual juvenil foi citado tamb\u00e9m em outras ocasi\u00f5es: as redes criminosas \u2013 foi dito \u2013 roubam a inf\u00e2ncia das crian\u00e7as, tornando-as v\u00edtimas, por exemplo, do tr\u00e1fico de \u00f3rg\u00e3os. As cifras s\u00e3o dram\u00e1ticas: em 2018, somente no Brasil, foram contabilizados 62 mil casos de estupro. E se trata de uma das cifras mais altas da regi\u00e3o amaz\u00f4nica. Na base disso tudo, existem seja graves desigualdades econ\u00f4micas, seja car\u00eancias de a\u00e7\u00f5es governamentais locais e internacionais capazes de combater esses delitos. Foi feito ent\u00e3o um apelo para uma maior obra de preven\u00e7\u00e3o no setor, com a ajuda das Confer\u00eancias episcopais e das Congrega\u00e7\u00f5es religiosas. A aten\u00e7\u00e3o aos menores e \u00e0s mulheres foi reiterada tamb\u00e9m para exortar a luta contra o tr\u00e1fico de pessoas: as v\u00edtimas deste drama est\u00e3o entre as mais desumanizadas do mundo. Por isso, se pede que, atrav\u00e9s do Dicast\u00e9rio para o Desenvolvimento Humano Integral, as grandes empresas respeitem as normas internacionais sobre o tr\u00e1fico e que sejam institu\u00eddas Comiss\u00f5es pastorais especiais para enfrentar o tr\u00e1fico de pessoas.<\/p>\n<p style=\"text-align: justify;\"><b>Pastoral vocacional e Pastoral juvenil<\/b><\/p>\n<p style=\"text-align: justify;\">Foi ressaltada ainda a import\u00e2ncia da Pastoral vocacional: destaca-se que esta n\u00e3o pode faltar na obra de evangeliza\u00e7\u00e3o e deve ser acompanhada de uma Pastoral juvenil que seja, ao mesmo tempo, chamada e proposta de um encontro pessoal com Cristo. Os jovens que querem seguir Jesus, foi dito na Sala, devem ser amparados por uma forma\u00e7\u00e3o adequada, atrav\u00e9s de um testemunho de vida santo e engajado. Os sacerdotes, portanto, dever\u00e3o ser capazes de compreender profundamente as exig\u00eancias da Amaz\u00f4nia: a catequese n\u00e3o pode ser demasiada acad\u00eamica, mas ser feita com esp\u00edrito mission\u00e1rio e cora\u00e7\u00e3o de pastor.<\/p>\n<p style=\"text-align: justify;\"><b>O recurso prim\u00e1rio da \u00e1gua<\/b><\/p>\n<p style=\"text-align: justify;\">Destacou-se tamb\u00e9m a import\u00e2ncia da forma\u00e7\u00e3o catequ\u00e9tica \u00e0 ecologia integral, em particular para a prote\u00e7\u00e3o e a salvaguarda da \u00e1gua, recurso prim\u00e1rio e fonte de vida. O cuidado dos recursos h\u00eddricos \u2013 tema enfrentado ainda nos pronunciamentos de auditores e convidados especiais \u2013 \u00e9 fundamental: todos os dias, com efeito, milhares de crian\u00e7as no mundo morrem por doen\u00e7as relacionadas \u00e0 \u00e1gua e milh\u00f5es de pessoas sofrem por problemas h\u00eddricos. Como disse o Papa Francisco em diversas ocasi\u00f5es, a pr\u00f3xima guerra mundial ser\u00e1 ligada \u00e0 \u00e1gua. Portanto, precisa-se de uma urgente conscientiza\u00e7\u00e3o global para a prote\u00e7\u00e3o da casa comum e a reconcilia\u00e7\u00e3o com a Cria\u00e7\u00e3o, sinal da presen\u00e7a de Deus. Mais tarde \u00e9 demasiado tarde, foi dito na Sala. A exorta\u00e7\u00e3o a uma \u201cconvers\u00e3o ecol\u00f3gica\u201d diz respeito tamb\u00e9m \u00e0 dimens\u00e3o \u00e9tica dos estilos de vida atuais, muitas vezes marcados pela tecnocracia e pela maximiza\u00e7\u00e3o do lucro como objetivo absoluto, em detrimento de uma vis\u00e3o do homem como ser humano integral.<\/p>\n<p style=\"text-align: justify;\"><b>O desafio da comunica\u00e7\u00e3o<\/b><\/p>\n<p style=\"text-align: justify;\">Em sintonia com o que foi dito na 9\u00b0 Congrega\u00e7\u00e3o Geral, a Sala voltou a refletir sobre o tema da comunica\u00e7\u00e3o: atrav\u00e9s dos meios de comunica\u00e7\u00e3o de massa \u2013 afirmou-se \u2013, \u00e9 preciso abrir-se aos comunicadores de todas as culturas e de todas as l\u00ednguas, de modo a refor\u00e7ar os povos amaz\u00f4nicos. As m\u00eddias da Igreja, portanto, devem ser um espa\u00e7o para consolidar os conhecimentos locais, atrav\u00e9s inclusive da forma\u00e7\u00e3o de comunicadores ind\u00edgenas e camponeses. Entre as reflex\u00f5es dos padres sinodais, esteve tamb\u00e9m a defesa dos povos ind\u00edgenas, a ser levada avante, por exemplo, por meio da educa\u00e7\u00e3o ou de pequenos projetos de desenvolvimento social. Muitas vezes exclu\u00eddas da sociedade, de fato, as popula\u00e7\u00f5es origin\u00e1rias n\u00e3o devem ser vistas como \u201cincapazes\u201d, mas protagonistas, e devem ser ouvidas, compreendidas e acolhidas. Depois, foi relan\u00e7ada a exorta\u00e7\u00e3o para promover a vida consagrada feminina nos contextos perif\u00e9ricos urbanos da Amaz\u00f4nia, onde vivem os \u201cinvis\u00edveis\u201d, aqueles que n\u00e3o t\u00eam voz nem direitos. Eis ent\u00e3o o convite para que as Comiss\u00f5es de justi\u00e7a e paz e de direitos humanos possam cooperar mais entre si, em nome da defesa da vida do homem e do planeta.<\/p>\n<p style=\"text-align: justify;\"><b>A reflex\u00e3o do Papa<\/b><\/p>\n<p style=\"text-align: justify;\">No encerramento da Congrega\u00e7\u00e3o, o Papa Francisco tomou a palavra, voltando a refletir sobre alguns temas que emergiram durante os trabalhos e evidenciando alguns aspectos que mais o impressionaram.<\/p>\n<\/div>\n","protected":false},"excerpt":{"rendered":"<p>Com a 10\u00b0 Congrega\u00e7\u00e3o Geral, realizada na tarde de 14 de outubro, prosseguem os trabalhos do S\u00ednodo Especial Pan-amaz\u00f4nico, em andamento no Vaticano at\u00e9 27 de outubro. Os padres sinodais presentes na Sala eram 177, na presen\u00e7a do Papa Francisco. Vatican News \u2013 Cidade do Vaticano Repensar as ministerialidades da Igreja \u00e0 luz dos par\u00e2metros [&hellip;]<\/p>\n","protected":false},"author":1,"featured_media":54738,"comment_status":"open","ping_status":"closed","sticky":false,"template":"","format":"standard","meta":{"footnotes":""},"categories":[3],"tags":[],"class_list":["post-54737","post","type-post","status-publish","format-standard","has-post-thumbnail","hentry","category-vaticano"],"_links":{"self":[{"href":"https:\/\/catolicanet.net\/wp-cnet\/wp-json\/wp\/v2\/posts\/54737","targetHints":{"allow":["GET"]}}],"collection":[{"href":"https:\/\/catolicanet.net\/wp-cnet\/wp-json\/wp\/v2\/posts"}],"about":[{"href":"https:\/\/catolicanet.net\/wp-cnet\/wp-json\/wp\/v2\/types\/post"}],"author":[{"embeddable":true,"href":"https:\/\/catolicanet.net\/wp-cnet\/wp-json\/wp\/v2\/users\/1"}],"replies":[{"embeddable":true,"href":"https:\/\/catolicanet.net\/wp-cnet\/wp-json\/wp\/v2\/comments?post=54737"}],"version-history":[{"count":1,"href":"https:\/\/catolicanet.net\/wp-cnet\/wp-json\/wp\/v2\/posts\/54737\/revisions"}],"predecessor-version":[{"id":54739,"href":"https:\/\/catolicanet.net\/wp-cnet\/wp-json\/wp\/v2\/posts\/54737\/revisions\/54739"}],"wp:featuredmedia":[{"embeddable":true,"href":"https:\/\/catolicanet.net\/wp-cnet\/wp-json\/wp\/v2\/media\/54738"}],"wp:attachment":[{"href":"https:\/\/catolicanet.net\/wp-cnet\/wp-json\/wp\/v2\/media?parent=54737"}],"wp:term":[{"taxonomy":"category","embeddable":true,"href":"https:\/\/catolicanet.net\/wp-cnet\/wp-json\/wp\/v2\/categories?post=54737"},{"taxonomy":"post_tag","embeddable":true,"href":"https:\/\/catolicanet.net\/wp-cnet\/wp-json\/wp\/v2\/tags?post=54737"}],"curies":[{"name":"wp","href":"https:\/\/api.w.org\/{rel}","templated":true}]}}