{"id":5472,"date":"2014-12-22T03:00:00","date_gmt":"2014-12-22T05:00:00","guid":{"rendered":"http:\/\/catolicanet.net\/wp-cnet\/domingo-da-sagrada-familia\/"},"modified":"2017-04-07T10:22:11","modified_gmt":"2017-04-07T13:22:11","slug":"domingo-da-sagrada-familia","status":"publish","type":"post","link":"https:\/\/catolicanet.net\/wp-cnet\/domingo-da-sagrada-familia\/","title":{"rendered":"Domingo da Sagrada Fam\u00edlia"},"content":{"rendered":"<p style=\"text-align: justify;\">A Sagrada Fam\u00edlia convida a todos a imitar o que aconteceu durante anos na casa de Nazar\u00e9, onde o Menino Jesus cresceu cheio de sabedoria (Lc 22, 40). Cristo, o Verbo de Deus Encarnado, era submisso a Jos\u00e9 e a Maria. N\u00e3o se tratava de uma submiss\u00e3o sem sentido. Jesus, de fato, se preparava para sua sublime miss\u00e3o e j\u00e1 deixava um exemplo para todos os filhos. De outro lado, seus pais eram tamb\u00e9m inteiramente obedientes \u00e0 tarefa que lhes fora confiada por Deus. Junto deles aquele que redimiria o mundo \u201cse tornava forte e a gra\u00e7a de Deus estava com ele\u201d. Isto demonstra a responsabilidade do pai e da m\u00e3e na orienta\u00e7\u00e3o daqueles que dever\u00e3o um dia exercer uma incumb\u00eancia na sociedade. Como em Nazar\u00e9 o filho era perfeito e os pais santos ali reinava uma afei\u00e7\u00e3o m\u00fatua jamais registrada na Hist\u00f3ria, mas que se tornava o ideal a ser buscado por todas as demais fam\u00edlias. O respeito m\u00fatuo \u00e9 base do bom relacionamento familiar. Se \u00e9 certo que os pais devem exercer autoridade, precisam, contudo, clarivid\u00eancia para discernir como assim agir. H\u00e1 sempre uma maneira de falar, de corrigir, de orientar. Os pais necessistam estar conscientes de que s\u00e3o educadores e, ent\u00e3o, os filhos ser\u00e3o receptivos a suas diretrizes. O exemplo \u00e9 fundamental para alimentar as c\u00e9lulas familiares e as de qualquer outra comunidade por parte dos que det\u00eam o governo. O referencial para pais e filhos, coordenadores e seus subordinados \u00e9 a vontade de Deus no cumprimento dos deveres espec\u00edficos de cada um. Em tudo deve refulgir a verdade, a sinceridade, a calma, a paci\u00eancia. Todos se sentindo respons\u00e1veis uns pelos outros. Disto resulta o respeito m\u00fatuo e o ponto de mira \u00e9 a dignidade humana. Era o que se dava em Nazar\u00e9 na casa de um carpinteiro dedicado ao servi\u00e7o de Jesus e de Maria. Esta, exemplar esposa e m\u00e3e. Sobre seus pais Jesus fazia resplandecer o amor de Deus. O esp\u00edrito de Nazar\u00e9, esp\u00edrito de confian\u00e7a e dedica\u00e7\u00e3o que existia entre os tr\u00eas deve se expandir por todos aos lares e coletividades crist\u00e3s. Estas virtudes s\u00e3o o sinal da paz, da harmonia e do crescimento do Reino de Deus nas c\u00e9lulas m\u00e3es da sociedade humana. Esta benevol\u00eancia que conduz a se desejar o bem do outro \u00e9 dotada de um poder criativo que suscita a felicidade comum. Jesus n\u00e3o apenas valorizou a fam\u00edlia em Nazar\u00e9. Ele participou das Bodas de Can\u00e1 onde enriqueceu a festa nupcial com seu primeiro milagre (Jo 2,1-11).\u00a0 Ele tamb\u00e9m recebeu com esp\u00edrito familiar seus primeiros disc\u00edpulos (Mc 1,29-31; 2.13-17) e consolou a fam\u00edlia de seus amigos em Bet\u00e2nia por ocasi\u00e3o da morte de L\u00e1zaro (Lc 10, 38-42). Restabeleceu a beleza do casamento, propondo um novo projeto unit\u00e1rio de Deus o qual estava abandonado pela dureza do cora\u00e7\u00e3o humano mesmo no seio da tradi\u00e7\u00e3o do povo de Israel (Mt 5,31-32; 19,3-12). Com firmeza ensinou a unidade e a fidelidade entre os esposos, repudiando a separa\u00e7\u00e3o e o adult\u00e9rio. Em nossos dias, infelizmente, sua doutrina sobre a fam\u00edlia se acha conspurcada pela difus\u00e3o da uni\u00e3o livre, uni\u00e3o perversa entre pessoas do mesmo sexo, abomina\u00e7\u00e3o horripila e ado\u00e7\u00e3o de filhos por parte de homossexuais. \u00c9 certo, por\u00e9m, que h\u00e1 milhares de casais que s\u00e3o fi\u00e9is \u00e0s promessas matrimoniais e que sabem formar \u00f3timos crist\u00e3os e cidad\u00e3os.\u00a0 O Papa Francisco na sua Enc\u00edclica \u201cLumen Fidei\u201d &#8211; \u201cLuz da F\u00e9\u201d afirmou: \u201dO primeiro ambiente no qual a f\u00e9 clarifica a cidade dos homens \u00e9 a fam\u00edlia. Eu penso, sobretudo, na uni\u00e3o est\u00e1vel do homem e da mulher no casamento. Este nasce do amor, sinal da presen\u00e7a do amor de Deus, do reconhecimento e da aceita\u00e7\u00e3o deste bem que \u00e9 a diferen\u00e7a sexual pela qual se juntam, unindo-se numa s\u00f3 carne e s\u00e3o capazes de gerar uma nova vida, manifesta\u00e7\u00e3o da bondade do Criador, da sabedoria e de seu desejo de amor.\u201dRezemos para que as fam\u00edlias verdadeiramente crist\u00e3s, as quais reproduzem a ventura da fam\u00edlia de Nazar\u00e9, se solidifiquem cada vez mais. Que os jovens saibam bem se preparar para o matrim\u00f4nio, Tudo isto para a gl\u00f3ria de Deus, felicidade de todos e bem da sociedade. <\/p>\n<p>* Professor no Semin\u00e1rio de Mariana durante 40 anos.<\/p>\n","protected":false},"excerpt":{"rendered":"<p>A Sagrada Fam\u00edlia convida a todos a imitar o que aconteceu durante anos na casa de Nazar\u00e9, onde o Menino Jesus cresceu cheio de sabedoria (Lc 22, 40). Cristo, o Verbo de Deus Encarnado, era submisso a Jos\u00e9 e a Maria. N\u00e3o se tratava de uma submiss\u00e3o sem sentido. Jesus, de fato, se preparava para [&hellip;]<\/p>\n","protected":false},"author":7,"featured_media":0,"comment_status":"closed","ping_status":"closed","sticky":false,"template":"","format":"standard","meta":{"footnotes":""},"categories":[9],"tags":[],"class_list":["post-5472","post","type-post","status-publish","format-standard","hentry","category-artigos"],"_links":{"self":[{"href":"https:\/\/catolicanet.net\/wp-cnet\/wp-json\/wp\/v2\/posts\/5472","targetHints":{"allow":["GET"]}}],"collection":[{"href":"https:\/\/catolicanet.net\/wp-cnet\/wp-json\/wp\/v2\/posts"}],"about":[{"href":"https:\/\/catolicanet.net\/wp-cnet\/wp-json\/wp\/v2\/types\/post"}],"author":[{"embeddable":true,"href":"https:\/\/catolicanet.net\/wp-cnet\/wp-json\/wp\/v2\/users\/7"}],"replies":[{"embeddable":true,"href":"https:\/\/catolicanet.net\/wp-cnet\/wp-json\/wp\/v2\/comments?post=5472"}],"version-history":[{"count":1,"href":"https:\/\/catolicanet.net\/wp-cnet\/wp-json\/wp\/v2\/posts\/5472\/revisions"}],"predecessor-version":[{"id":10323,"href":"https:\/\/catolicanet.net\/wp-cnet\/wp-json\/wp\/v2\/posts\/5472\/revisions\/10323"}],"wp:attachment":[{"href":"https:\/\/catolicanet.net\/wp-cnet\/wp-json\/wp\/v2\/media?parent=5472"}],"wp:term":[{"taxonomy":"category","embeddable":true,"href":"https:\/\/catolicanet.net\/wp-cnet\/wp-json\/wp\/v2\/categories?post=5472"},{"taxonomy":"post_tag","embeddable":true,"href":"https:\/\/catolicanet.net\/wp-cnet\/wp-json\/wp\/v2\/tags?post=5472"}],"curies":[{"name":"wp","href":"https:\/\/api.w.org\/{rel}","templated":true}]}}