{"id":5471,"date":"2015-01-15T15:47:25","date_gmt":"2015-01-15T17:47:25","guid":{"rendered":"http:\/\/catolicanet.net\/wp-cnet\/sentir-se-comprometido\/"},"modified":"2017-04-07T16:22:54","modified_gmt":"2017-04-07T19:22:54","slug":"sentir-se-comprometido","status":"publish","type":"post","link":"https:\/\/catolicanet.net\/wp-cnet\/sentir-se-comprometido\/","title":{"rendered":"Sentir-se comprometido"},"content":{"rendered":"<p style=\"text-align: justify;\">N\u00e3o basta a pessoa ficar sensibilizada diante de motiva\u00e7\u00f5es recebidas a partir do que ela escuta. Tudo depende do compromisso que \u00e9 assumido e colocado em pr\u00e1tica. Muitos dizem que \u201cas palavras comovem, mas s\u00e3o os exemplos, \u2018isto \u00e9, as pr\u00e1ticas concretas\u2019, que arrastam\u201d. Mesmo em cultura de superficialidade, \u00e9 poss\u00edvel ser comprometido e aut\u00eantico.<br \/>Entendo que as pessoas t\u00eam uma miss\u00e3o pr\u00f3pria a desenvolver na constru\u00e7\u00e3o do bem social. Para isso, \u00e9 fundamental a capacidade natural de doa\u00e7\u00e3o e busca da perfei\u00e7\u00e3o. Em outras palavras, de compromisso s\u00e9rio na realiza\u00e7\u00e3o e concretiza\u00e7\u00e3o da hist\u00f3ria de vida das pessoas. O que est\u00e1 em jogo \u00e9 a supera\u00e7\u00e3o do individualismo e do ego\u00edsmo, que destroem o bem comum.<br \/>Quando constru\u00edmos o bem da vida, de forma comunit\u00e1ria, colocamos em evid\u00eancia os princ\u00edpios do Reino de Deus. Reino de justi\u00e7a, de amor e de paz, como realidade que beneficia o bem popular, e todas as pessoas passam a ser valorizadas. Os benef\u00edcios desse comprometimento atingem a toda comunidade ali envolvida.<br \/>Essa realidade de comprometimento teve como express\u00e3o concreta a vida dos primeiros crist\u00e3os. Entre eles destacamos a pr\u00e1tica de Jesus Cristo e dos seus ap\u00f3stolos. Eles n\u00e3o perderam de vista a autenticidade da miss\u00e3o recebida e n\u00e3o se abateram diante da cultura contr\u00e1ria, que existia, em seu tempo. Foram verdadeiramente aut\u00eanticos.<br \/>Autenticidade significa agir com liberdade e consci\u00eancia diante da miss\u00e3o. Ela n\u00e3o pode ser confundida com libertinagem, com atos irrespons\u00e1veis e imorais, que esvaziam o sentido da vida e da voca\u00e7\u00e3o natural de todo ser humano. Fere tamb\u00e9m a identidade do cidad\u00e3o, membro de uma realidade social, que ele deve construir.<br \/>Ao agir concretamente, o cidad\u00e3o deve saber ouvir, escutar e meditar para descobrir sua real miss\u00e3o na sociedade. N\u00e3o pode ficar preso em seus pr\u00f3prios interesses, ser ego\u00edsta, mas estar atento na descoberta daquilo que mais lhe faz bem e ajuda no bem das outras pessoas. Com isto, estar\u00e1 construindo tamb\u00e9m sua pr\u00f3pria realiza\u00e7\u00e3o. A verdadeira felicidade depende do bem que conseguimos fazer aos outros.<\/p>\n","protected":false},"excerpt":{"rendered":"<p>N\u00e3o basta a pessoa ficar sensibilizada diante de motiva\u00e7\u00f5es recebidas a partir do que ela escuta. Tudo depende do compromisso que \u00e9 assumido e colocado em pr\u00e1tica. Muitos dizem que \u201cas palavras comovem, mas s\u00e3o os exemplos, \u2018isto \u00e9, as pr\u00e1ticas concretas\u2019, que arrastam\u201d. Mesmo em cultura de superficialidade, \u00e9 poss\u00edvel ser comprometido e aut\u00eantico.Entendo [&hellip;]<\/p>\n","protected":false},"author":11,"featured_media":0,"comment_status":"closed","ping_status":"closed","sticky":false,"template":"","format":"standard","meta":{"footnotes":""},"categories":[9],"tags":[],"class_list":["post-5471","post","type-post","status-publish","format-standard","hentry","category-artigos"],"_links":{"self":[{"href":"https:\/\/catolicanet.net\/wp-cnet\/wp-json\/wp\/v2\/posts\/5471","targetHints":{"allow":["GET"]}}],"collection":[{"href":"https:\/\/catolicanet.net\/wp-cnet\/wp-json\/wp\/v2\/posts"}],"about":[{"href":"https:\/\/catolicanet.net\/wp-cnet\/wp-json\/wp\/v2\/types\/post"}],"author":[{"embeddable":true,"href":"https:\/\/catolicanet.net\/wp-cnet\/wp-json\/wp\/v2\/users\/11"}],"replies":[{"embeddable":true,"href":"https:\/\/catolicanet.net\/wp-cnet\/wp-json\/wp\/v2\/comments?post=5471"}],"version-history":[{"count":1,"href":"https:\/\/catolicanet.net\/wp-cnet\/wp-json\/wp\/v2\/posts\/5471\/revisions"}],"predecessor-version":[{"id":10673,"href":"https:\/\/catolicanet.net\/wp-cnet\/wp-json\/wp\/v2\/posts\/5471\/revisions\/10673"}],"wp:attachment":[{"href":"https:\/\/catolicanet.net\/wp-cnet\/wp-json\/wp\/v2\/media?parent=5471"}],"wp:term":[{"taxonomy":"category","embeddable":true,"href":"https:\/\/catolicanet.net\/wp-cnet\/wp-json\/wp\/v2\/categories?post=5471"},{"taxonomy":"post_tag","embeddable":true,"href":"https:\/\/catolicanet.net\/wp-cnet\/wp-json\/wp\/v2\/tags?post=5471"}],"curies":[{"name":"wp","href":"https:\/\/api.w.org\/{rel}","templated":true}]}}