{"id":54666,"date":"2019-10-14T09:17:56","date_gmt":"2019-10-14T12:17:56","guid":{"rendered":"http:\/\/catolicanet.net\/wp-cnet\/?p=54666"},"modified":"2019-10-14T10:57:17","modified_gmt":"2019-10-14T13:57:17","slug":"vice-presidente-mourao-concede-entrevista-exclusiva-a-radio-vaticano","status":"publish","type":"post","link":"https:\/\/catolicanet.net\/wp-cnet\/vice-presidente-mourao-concede-entrevista-exclusiva-a-radio-vaticano\/","title":{"rendered":"Vice-presidente Mour\u00e3o concede entrevista exclusiva \u00e0 R\u00e1dio Vaticano"},"content":{"rendered":"<h4 class=\"article__subTitle\" style=\"text-align: justify;\">O Vice-presidente do Brasil, Ant\u00f4nio Hamilton Mour\u00e3o esteve presente na celebra\u00e7\u00e3o Eucar\u00edstica desta manh\u00e3 de domingo, 13 de outubro, na Pra\u00e7a S\u00e3o Pedro, no in\u00edcio da qual foi canonizada a Irm\u00e3 Dulce Lopes Pontes, no civil Maria Rita, primeira santa brasileira, da Congrega\u00e7\u00e3o das Irm\u00e3s Mission\u00e1rias da Imaculada Concei\u00e7\u00e3o da M\u00e3e de Deus.<\/h4>\n<div class=\"title__separator\" style=\"text-align: justify;\"><\/div>\n<div class=\"article__text\">\n<p style=\"text-align: justify;\"><b>Silvonei Jos\u00e9 &#8211; Cidade do Vaticano<\/b><\/p>\n<p style=\"text-align: justify;\">Momentos antes do in\u00edcio da celebra\u00e7\u00e3o na Pra\u00e7a S\u00e3o Pedro o vice-presidente, chefe da Delega\u00e7\u00e3o Oficial do governo do Brasil nesta ocasi\u00e3o, se encontrou com o Papa Francisco dentro da Bas\u00edlica vaticana. \u201cUm encontro muito cordial\u201d, disse \u00e0 R\u00e1dio Vaticano, VaticanNews, o vice-presidente Mour\u00e3o.<\/p>\n<p style=\"text-align: justify;\">Ap\u00f3s a Santa Missa o chefe da Delega\u00e7\u00e3o brasileira concedeu uma entrevista exclusiva ao jornalista da R\u00e1dio Vaticano \u2013 VaticanNews, Silvonei Jos\u00e9.<\/p>\n<p style=\"text-align: justify;\">O vice-presidente Hamilton Mour\u00e3o falando sobre a canoniza\u00e7\u00e3o da Irm\u00e3 Dulce, Santa Irm\u00e3 Dulce dos pobres, disse que \u201cesse nome \u00e9 mais do que conveniente por todo o trabalho extraordin\u00e1rio que essa mulher fez; 37\u00ba brasileiro a ser canonizado. \u00c9 uma mostra da for\u00e7a do catolicismo, da Igreja Cat\u00f3lica no Brasil. E o Brasil que eu vim representar, &#8211; continuou \u2013 eu que fui companheiro do presidente Bolsonaro nas elei\u00e7\u00f5es do ano passado, na qual 57 milh\u00f5es de brasileiros nos elegeram, \u00e9 o Brasil que busca a sua inser\u00e7\u00e3o soberana no concerto das na\u00e7\u00f5es, dentro daqueles princ\u00edpios da paz, da busca do entendimento, do di\u00e1logo, da defesa dos interesses, da coopera\u00e7\u00e3o, do benef\u00edcio m\u00fatuo com todos os pa\u00edses: o Brasil \u00e9 um pa\u00eds pac\u00edfico. \u00c9 esse Brasil que eu vim representar aqui. Na minha vis\u00e3o eu estou aqui, sendo mais um daqueles milh\u00f5es de cat\u00f3licos que comp\u00f5em a nossa popula\u00e7\u00e3o\u201d.<\/p>\n<!--[if lt IE 9]><script>document.createElement('audio');<\/script><![endif]-->\n<audio class=\"wp-audio-shortcode\" id=\"audio-54666-1\" preload=\"none\" style=\"width: 100%;\" controls=\"controls\"><source type=\"audio\/mpeg\" src=\"https:\/\/media.vaticannews.va\/media\/audio\/s1\/2019\/10\/13\/13\/135281515_F135281515.mp3?_=1\" \/><a href=\"https:\/\/media.vaticannews.va\/media\/audio\/s1\/2019\/10\/13\/13\/135281515_F135281515.mp3\">https:\/\/media.vaticannews.va\/media\/audio\/s1\/2019\/10\/13\/13\/135281515_F135281515.mp3<\/a><\/audio>\n<p style=\"text-align: justify;\">Foram mais de 10 mil brasileiros presentes na Pra\u00e7a S\u00e3o Pedro, um n\u00famero muito expressivo \u2013 disse o vice-presidente \u2013 acrescentando que o prefeito de Salvador, ACM Neto, disse que muita gente veio de Salvador e que ele mesmo encontrou em alguns pontos de Roma muitos brasileiros, que conversou com eles; \u201cmuita gente vindo do Nordeste, ber\u00e7o da forma\u00e7\u00e3o da nossa nacionalidade, e onde h\u00e1 uma religiosidade muito grande\u201d.<\/p>\n<p style=\"text-align: justify;\">Falando em seguida sobre a Obra de Irm\u00e3 Dulce o vice-presidente Mour\u00e3o disse que a mesma expressa algo que considera um dos pilares da civiliza\u00e7\u00e3o moderna, que \u00e9 a sociedade civil. \u201cA Irm\u00e3 Dulce &#8211; disse -, com o seu trabalho representa um segmento da sociedade civil brasileira, um segmento forte, dedicado ao aux\u00edlio das pessoas mais necessitadas. Um trabalho que ela come\u00e7ou de forma emp\u00edrica, vencendo obst\u00e1culos o tempo todo. E hoje compete \u00e0queles que receberam o legado prosseguirem com este trabalho\u201d. \u00c9 \u00f3bvio \u2013 afirmou o vice-presidente &#8211; que os governos n\u00e3o s\u00f3 do munic\u00edpio de Salvador como tamb\u00e9m do Estado da Bahia e do Governo Federal devem propiciar os recursos necess\u00e1rios para que essa Obra continue.<\/p>\n<p style=\"text-align: justify;\">Falando sobre o encontro com o Santo Padre momentos antes da celebra\u00e7\u00e3o Eucar\u00edstica e da canoniza\u00e7\u00e3o da Irm\u00e3 Dulce o vice-presidente disse que Francisco \u201c\u00e9 uma figura muito simp\u00e1tica\u201d e que lhe fez uma pergunta muito dif\u00edcil de responder: \u201cquem era melhor Pel\u00e9 ou Maradona\u201d. A resposta foi diplom\u00e1tica, \u201cos dois\u201d. Foi um encontro muito interessante, continuou, acrescentando que a liga\u00e7\u00e3o do Brasil com a Santa S\u00e9 tem mais ou menos 190 anos, porque a Santa S\u00e9 foi um dos primeiros a reconhecer a nossa independ\u00eancia. \u201cDom Pedro I j\u00e1 no s\u00e9culo XIX, entre 1825 e 1826, mandou um representante para Roma, e esse ano estamos completando 100 anos que a nossa Representa\u00e7\u00e3o aqui na Santa S\u00e9 foi elevada \u00e0 categoria de embaixada. Ent\u00e3o, \u00e9 uma rela\u00e7\u00e3o prof\u00edcua, baseada nos princ\u00edpios humanistas que regem a Igreja Cat\u00f3lica e regem o nosso pa\u00eds\u201d.<\/p>\n<p style=\"text-align: justify;\">Outra quest\u00e3o \u00e9 a realiza\u00e7\u00e3o do S\u00ednodo dos Bispos para a regi\u00e3o Pan-Amaz\u00f4nica, no Vaticano. Um evento eclesial muito importante para a Igreja no Brasil e no mundo. Falando sobre esse tema o vice-presidente Mour\u00e3o destacou o caminho conjunto com a Igreja Cat\u00f3lica. \u201cExiste um hist\u00f3rico de trabalho conjunto\u201d, afirmou, entre a Igreja Cat\u00f3lica e as organiza\u00e7\u00f5es do governo na \u00e1rea da Amaz\u00f4nia, na Amaz\u00f4nia Legal que compreende mais da metade do territ\u00f3rio brasileiro, em torno de 54%. \u201cO bioma amaz\u00f4nico espec\u00edfico s\u00e3o 2,6 milh\u00f5es de quil\u00f4metros quadrados, que seriam mais de 15 pa\u00edses da Europa. \u00c9 uma regi\u00e3o com caracter\u00edsticas muito especiais, uma regi\u00e3o de dif\u00edcil acesso, um ambiente que n\u00e3o \u00e9 f\u00e1cil viver l\u00e1 dentro, por causa da selva, da umidade. O transporte se d\u00e1 maci\u00e7amente por meio hidrovi\u00e1rio, e a Igreja Cat\u00f3lica teve uma penetra\u00e7\u00e3o que chegou at\u00e9 \u00e0s pontas das nossas fronteiras, lado a lado com os primeiros desbravadores portugueses e posteriormente com demais entidades do Estado. Eu destacaria, &#8211; continuou -, onde eu passei boa parte da minha vida, que foi o ex\u00e9rcito, e o ex\u00e9rcito est\u00e1 presente na Amaz\u00f4nia, em todas as regi\u00f5es. Eu tive a oportunidade de viver em S\u00e3o Gabriel da Cachoeira, que \u00e9 considerado o munic\u00edpio mais ind\u00edgena do Brasil. L\u00e1 t\u00ednhamos o bispo da Igreja Cat\u00f3lica, na \u00e9poca era um bispo de origem chines, Dom Song, e eu admirava muito o seu trabalho, porque ele pegava uma embarca\u00e7\u00e3o pequena, uma voadeira e ia por aqueles rios afora na busca da evangeliza\u00e7\u00e3o e do contato com as diferentes comunidades. Ent\u00e3o, Igreja e governo, dentro da regi\u00e3o amaz\u00f4nica t\u00eam interesses comuns e ligados especialmente ao desenvolvimento sustent\u00e1vel, ao apoio espiritual \u00e0quela popula\u00e7\u00e3o. N\u00e3o podemos esquecer jamais que eles t\u00eam um m\u00e9todo de vida e que n\u00f3s temos que dar assist\u00eancia t\u00e9cnica, capacit\u00e1-los para que vivam de forma coerente e de acordo com aquele meio ambiente.<\/p>\n<p style=\"text-align: justify;\">O vice-presidente disse que atual governo tem muito claro que \u00e9 responsabilidade do Brasil preservar e proteger a Amaz\u00f4nia e o Brasil n\u00e3o pode abrir m\u00e3o disso. \u201cSabemos dos problemas que ocorrem \u2013 disse -, problemas muitas vezes ligados \u00e0s ilegalidades que s\u00e3o cometidas, e ent\u00e3o os tr\u00eas entes governamentais, governos federal, estadual e municipal, devem ter um trabalho conjunto com a participa\u00e7\u00e3o de forma pr\u00f3-ativa, no sentido de que eventuais ilegalidades sejam combatidas.<\/p>\n<p style=\"text-align: justify;\">Ainda falando sobre o Dia de Nossa Senhora Aparecida, Padroeira do Brasil, celebrado neste s\u00e1bado, o vice-presidente Mour\u00e3o afirmou que \u201ctodos n\u00f3s que professamos a f\u00e9 Cat\u00f3lica \u2013 mas outras religi\u00f5es tamb\u00e9m, que acreditam na exist\u00eancia de um ser maior, de um grande arquiteto que controla esse universo &#8211; todos n\u00f3s sentimos nos dias que referenciamos alguns dos nossos santos, e no caso espec\u00edfico 12 de outubro, Dia de Nossa Senhora Aparecida, que \u00e9 um momento de reflex\u00e3o, um momento da gente buscar o nosso interior, e tamb\u00e9m de mostrar a nossa determina\u00e7\u00e3o para superar os obst\u00e1culos que ainda existem no nosso pa\u00eds, na busca de vencer as desigualdades\u201d.<\/p>\n<\/div>\n","protected":false},"excerpt":{"rendered":"<p>O Vice-presidente do Brasil, Ant\u00f4nio Hamilton Mour\u00e3o esteve presente na celebra\u00e7\u00e3o Eucar\u00edstica desta manh\u00e3 de domingo, 13 de outubro, na Pra\u00e7a S\u00e3o Pedro, no in\u00edcio da qual foi canonizada a Irm\u00e3 Dulce Lopes Pontes, no civil Maria Rita, primeira santa brasileira, da Congrega\u00e7\u00e3o das Irm\u00e3s Mission\u00e1rias da Imaculada Concei\u00e7\u00e3o da M\u00e3e de Deus. Silvonei Jos\u00e9 [&hellip;]<\/p>\n","protected":false},"author":1,"featured_media":54667,"comment_status":"open","ping_status":"closed","sticky":false,"template":"","format":"standard","meta":{"footnotes":""},"categories":[3],"tags":[],"class_list":["post-54666","post","type-post","status-publish","format-standard","has-post-thumbnail","hentry","category-vaticano"],"_links":{"self":[{"href":"https:\/\/catolicanet.net\/wp-cnet\/wp-json\/wp\/v2\/posts\/54666","targetHints":{"allow":["GET"]}}],"collection":[{"href":"https:\/\/catolicanet.net\/wp-cnet\/wp-json\/wp\/v2\/posts"}],"about":[{"href":"https:\/\/catolicanet.net\/wp-cnet\/wp-json\/wp\/v2\/types\/post"}],"author":[{"embeddable":true,"href":"https:\/\/catolicanet.net\/wp-cnet\/wp-json\/wp\/v2\/users\/1"}],"replies":[{"embeddable":true,"href":"https:\/\/catolicanet.net\/wp-cnet\/wp-json\/wp\/v2\/comments?post=54666"}],"version-history":[{"count":1,"href":"https:\/\/catolicanet.net\/wp-cnet\/wp-json\/wp\/v2\/posts\/54666\/revisions"}],"predecessor-version":[{"id":54668,"href":"https:\/\/catolicanet.net\/wp-cnet\/wp-json\/wp\/v2\/posts\/54666\/revisions\/54668"}],"wp:featuredmedia":[{"embeddable":true,"href":"https:\/\/catolicanet.net\/wp-cnet\/wp-json\/wp\/v2\/media\/54667"}],"wp:attachment":[{"href":"https:\/\/catolicanet.net\/wp-cnet\/wp-json\/wp\/v2\/media?parent=54666"}],"wp:term":[{"taxonomy":"category","embeddable":true,"href":"https:\/\/catolicanet.net\/wp-cnet\/wp-json\/wp\/v2\/categories?post=54666"},{"taxonomy":"post_tag","embeddable":true,"href":"https:\/\/catolicanet.net\/wp-cnet\/wp-json\/wp\/v2\/tags?post=54666"}],"curies":[{"name":"wp","href":"https:\/\/api.w.org\/{rel}","templated":true}]}}