{"id":54660,"date":"2019-10-12T17:41:17","date_gmt":"2019-10-12T20:41:17","guid":{"rendered":"http:\/\/catolicanet.net\/wp-cnet\/?p=54660"},"modified":"2019-10-14T10:46:00","modified_gmt":"2019-10-14T13:46:00","slug":"papa-envia-saudacao-aos-brasileiros-no-dia-de-nossa-senhora-aparecida-padroeira-do-brasil","status":"publish","type":"post","link":"https:\/\/catolicanet.net\/wp-cnet\/papa-envia-saudacao-aos-brasileiros-no-dia-de-nossa-senhora-aparecida-padroeira-do-brasil\/","title":{"rendered":"Papa envia sauda\u00e7\u00e3o aos brasileiros no dia de Nossa Senhora Aparecida, padroeira do Brasil"},"content":{"rendered":"<p style=\"text-align: justify;\">No dia de Nossa Senhora Aparecida (12\/10), a padroeira do Brasil, o Papa Francisco fez quest\u00e3o de registrar uma mensagem ao povo brasileiro:<\/p>\n<p style=\"text-align: justify;\"><i>No dia de Nossa Senhora Aparecida, trago no cora\u00e7\u00e3o o povo brasileiro e envio uma sauda\u00e7\u00e3o. Que Ela, pequenina e humilde, continue os cobrindo e acompanhando em seu caminho: caminho de paz, de alegria, de justi\u00e7a. Que Ela os acompanhe em suas dores, quando n\u00e3o podem crescer por tantas limita\u00e7\u00f5es pol\u00edticas ou sociais ou ecol\u00f3gicas, e de tantos lugares prov\u00eam. Que Ela os ajude a crescer e a se libertar continuamente. Que os aben\u00e7oe.<\/i><\/p>\n<p style=\"text-align: justify;\">Veja o v\u00eddeo aqui<\/p>\n<p><iframe loading=\"lazy\" width=\"696\" height=\"392\" src=\"https:\/\/www.youtube.com\/embed\/4QwwjEnyvkU?feature=oembed\" frameborder=\"0\" allow=\"accelerometer; autoplay; encrypted-media; gyroscope; picture-in-picture\" allowfullscreen><\/iframe><\/p>\n","protected":false},"excerpt":{"rendered":"<p>No dia de Nossa Senhora Aparecida (12\/10), a padroeira do Brasil, o Papa Francisco fez quest\u00e3o de registrar uma mensagem ao povo brasileiro: No dia de Nossa Senhora Aparecida, trago no cora\u00e7\u00e3o o povo brasileiro e envio uma sauda\u00e7\u00e3o. Que Ela, pequenina e humilde, continue os cobrindo e acompanhando em seu caminho: caminho de paz, [&hellip;]<\/p>\n","protected":false},"author":1,"featured_media":54661,"comment_status":"open","ping_status":"closed","sticky":false,"template":"","format":"standard","meta":{"footnotes":""},"categories":[4,13],"tags":[],"class_list":["post-54660","post","type-post","status-publish","format-standard","has-post-thumbnail","hentry","category-cotidiano","category-featured"],"_links":{"self":[{"href":"https:\/\/catolicanet.net\/wp-cnet\/wp-json\/wp\/v2\/posts\/54660","targetHints":{"allow":["GET"]}}],"collection":[{"href":"https:\/\/catolicanet.net\/wp-cnet\/wp-json\/wp\/v2\/posts"}],"about":[{"href":"https:\/\/catolicanet.net\/wp-cnet\/wp-json\/wp\/v2\/types\/post"}],"author":[{"embeddable":true,"href":"https:\/\/catolicanet.net\/wp-cnet\/wp-json\/wp\/v2\/users\/1"}],"replies":[{"embeddable":true,"href":"https:\/\/catolicanet.net\/wp-cnet\/wp-json\/wp\/v2\/comments?post=54660"}],"version-history":[{"count":1,"href":"https:\/\/catolicanet.net\/wp-cnet\/wp-json\/wp\/v2\/posts\/54660\/revisions"}],"predecessor-version":[{"id":54662,"href":"https:\/\/catolicanet.net\/wp-cnet\/wp-json\/wp\/v2\/posts\/54660\/revisions\/54662"}],"wp:featuredmedia":[{"embeddable":true,"href":"https:\/\/catolicanet.net\/wp-cnet\/wp-json\/wp\/v2\/media\/54661"}],"wp:attachment":[{"href":"https:\/\/catolicanet.net\/wp-cnet\/wp-json\/wp\/v2\/media?parent=54660"}],"wp:term":[{"taxonomy":"category","embeddable":true,"href":"https:\/\/catolicanet.net\/wp-cnet\/wp-json\/wp\/v2\/categories?post=54660"},{"taxonomy":"post_tag","embeddable":true,"href":"https:\/\/catolicanet.net\/wp-cnet\/wp-json\/wp\/v2\/tags?post=54660"}],"curies":[{"name":"wp","href":"https:\/\/api.w.org\/{rel}","templated":true}]}}