{"id":54653,"date":"2019-10-14T10:34:10","date_gmt":"2019-10-14T13:34:10","guid":{"rendered":"http:\/\/catolicanet.net\/wp-cnet\/?p=54653"},"modified":"2019-10-14T10:34:10","modified_gmt":"2019-10-14T13:34:10","slug":"sempre-em-oracao-e-comunhao-com-deus","status":"publish","type":"post","link":"https:\/\/catolicanet.net\/wp-cnet\/sempre-em-oracao-e-comunhao-com-deus\/","title":{"rendered":"Sempre em ora\u00e7\u00e3o e comunh\u00e3o com Deus!"},"content":{"rendered":"<p style=\"text-align: justify;\">Hoje celebramos, neste 29\u00ba. Domingo do Tempo Comum, que celebramos o Dia Mundial das Miss\u00f5es. Hoje o Senhor nos revela a necessidade de sempre mantermos a chama da ora\u00e7\u00e3o acesa e nunca desistir. A Palavra que a liturgia de hoje nos apresenta convida-nos a manter com Deus uma rela\u00e7\u00e3o estreita, uma comunh\u00e3o \u00edntima, um di\u00e1logo insistente: s\u00f3 dessa forma ser\u00e1 poss\u00edvel ao batizado aceitar os projetos de Deus, compreender os seus sil\u00eancios, respeitar os seus ritmos, acreditar no seu amor.<\/p>\n<p style=\"text-align: justify;\">O Evangelho(Cf. Lc 18,1-8) sugere que Deus n\u00e3o est\u00e1 ausente nem fica insens\u00edvel diante do sofrimento do seu Povo. Os batizados devem descobrir que Deus os ama e que tem um projeto de salva\u00e7\u00e3o para todos os homens; e essa descoberta s\u00f3 se pode fazer atrav\u00e9s da ora\u00e7\u00e3o, de um di\u00e1logo cont\u00ednuo e perseverante com Deus. A par\u00e1bola evang\u00e9lica do fariseu e do publicano nos transmite uma realidade importante: \u201cA necessidade de rezar sempre, e nunca desistir\u201d(Cf. Lc 18,1). Para ilustrar tal realidade, Jesus nos apresenta o exemplo do juiz e da vi\u00fava. O juiz, \u00e9 um personagem poderoso, chamado a emitir senten\u00e7as baseadas na Lei de Mois\u00e9s. Por isso, a tradi\u00e7\u00e3o b\u00edblica recomendava que os ju\u00edzes fossem pessoas tementes a Deus, dignas de f\u00e9, imparciais e incorrupt\u00edveis. Mas este juiz, ao contr\u00e1rio, \u201cn\u00e3o temia a Deus, nem respeitava homem algum\u201d(Cf. Lc 18,2), era corrupto, sem escr\u00fapulos, n\u00e3o observava a Lei, mas fazia o que era segundo seus interesses. A ele se dirige uma vi\u00fava para obter justi\u00e7a. Diante da indiferen\u00e7a do juiz, a vi\u00fava recorre \u00e0 sua \u00fanica arma: continuar insistentemente a importun\u00e1-lo, apresentando-lhe seu pedido. \u00c9 com essa perseveran\u00e7a que ela alcan\u00e7a o seu objetivo. O juiz a escuta, n\u00e3o porque \u00e9 movido por miseric\u00f3rdia, nem porque a consci\u00eancia o imp\u00f5e; simplesmente admite: \u201cMas esta vi\u00fava j\u00e1 me est\u00e1 aborrecendo. Vou fazer-lhe justi\u00e7a, para que ela n\u00e3o venha a agredir-me!\u201d(Cf. Lc 18,5). Dessa par\u00e1bola Jesus tira duas conclus\u00f5es: se a vi\u00fava conseguiu dobrar o juiz desonesto com seus pedidos insistentes, quanto mais Deus, que \u00e9 Pai bom e justo, \u201cn\u00e3o far\u00e1 justi\u00e7a aos seus escolhidos, que dia e noite gritam por ele?\u201d; e, al\u00e9m disso, n\u00e3o vai faz\u00ea-los esperar, mas agir\u00e1 bem depressa(Cf. Lc 18,7). A par\u00e1bola termina com uma pergunta: \u201cMas o Filho do Homem, quando vier, ser\u00e1 que ainda vai encontrar f\u00e9 sobre a terra?\u201d(Cf. Lc 18,8). Assim, somos chamados a estarmos vigilantes, atentos, firmes na f\u00e9. N\u00e3o devemos desistir da ora\u00e7\u00e3o mesmo que, aparentemente, ela n\u00e3o seja correspondida. \u00c9 a ora\u00e7\u00e3o que conserva a nossa f\u00e9. Pe\u00e7amos ao Senhor uma f\u00e9 alimentada pela esperan\u00e7a e pelo desejo de sua vinda.<\/p>\n<p style=\"text-align: justify;\">A primeira leitura(Cf. Ex 17,8-13) \u00a0d\u00e1 a entender que Deus interv\u00e9m no mundo e salva o seu Povo servindo-Se, muitas vezes, da a\u00e7\u00e3o do homem; mas, para que o homem possa ganhar as duras batalhas da exist\u00eancia, ele tem que contar com a ajuda e a for\u00e7a de Deus. Ora, essa ajuda e essa for\u00e7a brotam da ora\u00e7\u00e3o, do di\u00e1logo com Deus.<\/p>\n<p style=\"text-align: justify;\">A segunda leitura(Cf. 2Tm 3,14-4,2), sem se referir diretamente ao tema da rela\u00e7\u00e3o do crente com Deus, apresenta uma outra fonte privilegiada de encontro entre Deus e o homem: a Escritura Sagrada. Sendo a Palavra com que Deus indica aos homens o caminho da vida plena, ela deve assumir um lugar preponderante na experi\u00eancia crist\u00e3.<\/p>\n<p style=\"text-align: justify;\">A f\u00e9 n\u00e3o \u00e9 autom\u00e1tica nem \u00e9 dada para sempre; tem que ser alimentada. S\u00f3 para citar um exemplo, quando S\u00e3o Jo\u00e3o Paulo II voltava de uma das suas exaustivas viagens, todo o seu s\u00e9quito, prelados, jornalistas e demais pessoas, todos ficaram aturdidos pela fadiga. Ele n\u00e3o; est\u00e1 radiante; \u00e9 a ora\u00e7\u00e3o que o nutre. Na viagem apost\u00f3lica \u00e0 Su\u00ed\u00e7a, algu\u00e9m o ofendeu. Ele calou, e, depois, n\u00e3o se sabe como, ele desapareceu. Ap\u00f3s certo tempo o encontraram: estava em uma capela, prostrado diante do tabern\u00e1culo.<\/p>\n<p style=\"text-align: justify;\">A vi\u00fava pediu ao juiz para fazer-lhe justi\u00e7a contra o seu advers\u00e1rio, assim tamb\u00e9m n\u00f3s devemos pedir ao Senhor que a Sua vontade se realize na nossa vida, porque justo para n\u00f3s \u00e9 tudo o que o Senhor nos conceder. N\u00e3o tenhamos receio em bater \u00e0 porta do Pai para pedir tudo o que n\u00f3s desejamos, por\u00e9m, nos contentemos com tudo quanto Ele nos conceder porque Ele conhece as nossas necessidades e sabe de que n\u00f3s precisamos para sermos felizes. Nunca nos devemos cansar de pedir, de suplicar por aquilo que o nosso cora\u00e7\u00e3o deseja. O esperar em Deus \u00e9 prova de F\u00e9 e de paci\u00eancia. Aquele que espera no Senhor \u00e9 o seu escolhido. N\u00e3o percamos a nossa esperan\u00e7a. Deus prover\u00e1. A qualidade da nossa f\u00e9 \u00e9 para o mundo um testemunho vivo capaz de atrair muitas pessoas a tamb\u00e9m abra\u00e7arem a causa de Jesus e, assim, fazer com que Ele, quando voltar, ainda encontre f\u00e9 sobre a terra.<\/p>\n<p style=\"text-align: justify;\">O Papa Francisco nos convoca: \u201cPedi a toda a Igreja que vivesse um tempo extraordin\u00e1rio de missionariedade no m\u00eas de outubro de 2019, para comemorar o centen\u00e1rio da promulga\u00e7\u00e3o da Carta apost\u00f3lica <em>Maximum illud<\/em>, do Papa Bento XV (30 de novembro de 1919). A clarivid\u00eancia prof\u00e9tica da sua proposta apost\u00f3lica confirmou-me como \u00e9 importante, ainda hoje, renovar o compromisso mission\u00e1rio da Igreja, potenciar evangelicamente a sua miss\u00e3o de anunciar e levar ao mundo a salva\u00e7\u00e3o de Jesus Cristo, morto e ressuscitado. O t\u00edtulo desta mensagem \u2013 \u00ab<em>batizados e enviados: a Igreja de Cristo em miss\u00e3o no mundo<\/em>\u00bb \u2013 \u00e9 o mesmo do Outubro Mission\u00e1rio. A celebra\u00e7\u00e3o deste m\u00eas ajudar-nos-\u00e1, em primeiro lugar, a reencontrar o sentido mission\u00e1rio da nossa ades\u00e3o de f\u00e9 a Jesus Cristo, f\u00e9 recebida como dom gratuito no Batismo. O ato, pelo qual somos feitos filhos de Deus, sempre \u00e9 eclesial, nunca individual: da comunh\u00e3o com Deus, Pai e Filho e Esp\u00edrito Santo, nasce uma vida nova partilhada com muitos outros irm\u00e3os e irm\u00e3s. E esta vida divina n\u00e3o \u00e9 um produto para vender \u2013 n\u00e3o fazemos proselitismo \u2013, mas uma riqueza para dar, comunicar, anunciar: eis o sentido da miss\u00e3o. Recebemos gratuitamente este dom, e gratuitamente o partilhamos (cf. <em>Mt<\/em> 10, 8), sem excluir ningu\u00e9m. Deus quer que todos os homens sejam salvos, chegando ao conhecimento da verdade e \u00e0 experi\u00eancia da sua miseric\u00f3rdia por meio da Igreja, sacramento universal da salva\u00e7\u00e3o (cf. <em>1 Tm<\/em> 2, 4; 3, 15; Conc. Ecum. Vat. II, Const. dogm. <em>Lumen gentium<\/em>, 48).\u201d (<a href=\"http:\/\/w2.vatican.va\/content\/francesco\/pt\/messages\/missions\/documents\/papa-francesco_20190609_giornata-missionaria2019.html\">http:\/\/w2.vatican.va\/content\/francesco\/pt\/messages\/missions\/documents\/papa-francesco_20190609_giornata-missionaria2019.html<\/a>, \u00faltimo acesso em 12 de outubro de 2019).<\/p>\n<p style=\"text-align: justify;\">Que possamos evangelizar a todos os povos!<\/p>\n","protected":false},"excerpt":{"rendered":"<p>Hoje celebramos, neste 29\u00ba. Domingo do Tempo Comum, que celebramos o Dia Mundial das Miss\u00f5es. Hoje o Senhor nos revela a necessidade de sempre mantermos a chama da ora\u00e7\u00e3o acesa e nunca desistir. A Palavra que a liturgia de hoje nos apresenta convida-nos a manter com Deus uma rela\u00e7\u00e3o estreita, uma comunh\u00e3o \u00edntima, um di\u00e1logo [&hellip;]<\/p>\n","protected":false},"author":10,"featured_media":32785,"comment_status":"open","ping_status":"closed","sticky":false,"template":"","format":"standard","meta":{"footnotes":""},"categories":[9],"tags":[],"class_list":["post-54653","post","type-post","status-publish","format-standard","has-post-thumbnail","hentry","category-artigos"],"_links":{"self":[{"href":"https:\/\/catolicanet.net\/wp-cnet\/wp-json\/wp\/v2\/posts\/54653","targetHints":{"allow":["GET"]}}],"collection":[{"href":"https:\/\/catolicanet.net\/wp-cnet\/wp-json\/wp\/v2\/posts"}],"about":[{"href":"https:\/\/catolicanet.net\/wp-cnet\/wp-json\/wp\/v2\/types\/post"}],"author":[{"embeddable":true,"href":"https:\/\/catolicanet.net\/wp-cnet\/wp-json\/wp\/v2\/users\/10"}],"replies":[{"embeddable":true,"href":"https:\/\/catolicanet.net\/wp-cnet\/wp-json\/wp\/v2\/comments?post=54653"}],"version-history":[{"count":1,"href":"https:\/\/catolicanet.net\/wp-cnet\/wp-json\/wp\/v2\/posts\/54653\/revisions"}],"predecessor-version":[{"id":54654,"href":"https:\/\/catolicanet.net\/wp-cnet\/wp-json\/wp\/v2\/posts\/54653\/revisions\/54654"}],"wp:featuredmedia":[{"embeddable":true,"href":"https:\/\/catolicanet.net\/wp-cnet\/wp-json\/wp\/v2\/media\/32785"}],"wp:attachment":[{"href":"https:\/\/catolicanet.net\/wp-cnet\/wp-json\/wp\/v2\/media?parent=54653"}],"wp:term":[{"taxonomy":"category","embeddable":true,"href":"https:\/\/catolicanet.net\/wp-cnet\/wp-json\/wp\/v2\/categories?post=54653"},{"taxonomy":"post_tag","embeddable":true,"href":"https:\/\/catolicanet.net\/wp-cnet\/wp-json\/wp\/v2\/tags?post=54653"}],"curies":[{"name":"wp","href":"https:\/\/api.w.org\/{rel}","templated":true}]}}