{"id":54649,"date":"2019-10-14T09:10:55","date_gmt":"2019-10-14T12:10:55","guid":{"rendered":"http:\/\/catolicanet.net\/wp-cnet\/?p=54649"},"modified":"2019-10-14T10:27:38","modified_gmt":"2019-10-14T13:27:38","slug":"sinos-de-outubro","status":"publish","type":"post","link":"https:\/\/catolicanet.net\/wp-cnet\/sinos-de-outubro\/","title":{"rendered":"SINOS DE OUTUBRO"},"content":{"rendered":"<p style=\"text-align: justify;\">\u00a0 \u00a0 \u00a0 \u00a0 \u00a0O barulho dos ventos sinodais soa a sinos repicando sobre a consci\u00eancia de muitos. H\u00e1 tempos n\u00e3o ouvia t\u00e3o retumbantes acordes e repiques. Simultaneamente, a m\u00fasica que emerge da mensagem papal para o Dia Mundial das Miss\u00f5es j\u00e1 profetizava muitas das diferen\u00e7as que ecoam nos ares desse outubro mission\u00e1rio: \u201cSem o Deus de Jesus Cristo, toda a diferen\u00e7a fica reduzida a amea\u00e7a infernal, tornando imposs\u00edvel qualquer aceita\u00e7\u00e3o fraterna e unidade fecunda do g\u00eanero humano\u201d, escreveu Francisco.<\/p>\n<p style=\"text-align: justify;\">\u00a0\u00a0\u00a0\u00a0\u00a0\u00a0\u00a0\u00a0\u00a0 Acertou na mosca. At\u00e9 parece que j\u00e1 antevia os acordes e desacordes desses dias de amaz\u00f4nicos debates. O que se discute em Roma interessa ao mundo. A Igreja n\u00e3o est\u00e1 trazendo para si uma responsabilidade meramente temporal ou ecol\u00f3gica como dizem, mas simplesmente cumprindo seu papel de m\u00e3e e seu dever de apontar os riscos e amea\u00e7as num caminho obscuro. \u201cAssim, a nossa miss\u00e3o radica-se na paternidade de Deus e na maternidade da Igreja\u201d, afirmou ainda. Se as quest\u00f5es inerentes aos povos amaz\u00f4nicos e \u00e0 sua biodiversidade, ecossistema e preciosidade cultural \u00e9 hoje primordial ao equil\u00edbrio planet\u00e1rio \u2013 n\u00e3o s\u00f3 por quest\u00f5es clim\u00e1ticas ou vitais \u00e0 natureza,- temos, sim, que encarar o problema como quest\u00e3o religiosa, pois que esta \u00e9 a condi\u00e7\u00e3o prim\u00e1ria da obra criadora, quando \u201cDeus viu que tudo era bom\u201d.<\/p>\n<p style=\"text-align: justify;\">\u00a0\u00a0\u00a0\u00a0\u00a0\u00a0\u00a0\u00a0\u00a0 Preservar e multiplicar este \u00eaxtase divino diante de sua obra \u00e9 tamb\u00e9m uma maneira de louvar e agradecer pelo dom da vida. Afinal, nossa casa comum merece nossos cuidados e n\u00e3o pode \u201ctransformar-se cada vez mais num dep\u00f3sito de lixo\u201d (Laudato Si, 21). Pior lixo \u00e9 a degrada\u00e7\u00e3o moral e \u00e9tica que nos assola, a perca do referencial divino, a sensa\u00e7\u00e3o de orfandade, invasores estranhos ao meio ou escravos da pir\u00e2mide social dos \u201cmoradores da casa do Pai\u201d. Levar mais pessoas \u00e0 compreens\u00e3o dessa realidade, a partir da selva que nos envolve, \u00e9 restaurar a realidade batismal do cristianismo e oferecer igual oportunidade a outros povos, culturas ou ritos n\u00e3o crist\u00e3os. Isso \u00e9 Evangelizar. Isso \u00e9 miss\u00e3o da Igreja. \u201cAquilo que, no crist\u00e3o, \u00e9 realidade sacramental \u2013 com sua plenitude na Eucaristia -, permanece voca\u00e7\u00e3o e destino para todo o homem e mulher \u00e0 espera de convers\u00e3o e salva\u00e7\u00e3o\u201d, diz a mensagem mission\u00e1ria.<\/p>\n<p style=\"text-align: justify;\">\u00a0\u00a0\u00a0\u00a0\u00a0\u00a0\u00a0\u00a0\u00a0 Nesse aspecto, as dimens\u00f5es amaz\u00f4nicas se tornam diminutas. H\u00e1 um mundo de car\u00eancias no universo que ocupamos, bem maior e t\u00e3o maravilhoso quanto a \u201cultima das reservas do \u00c9den terreno\u201d, a selva que nos fascina. Assim, multid\u00f5es esperam maior clareza do an\u00fancio mission\u00e1rio de que \u00e9 portadora a nossa Igreja. \u201cAl\u00e9m disso, a Igreja Cat\u00f3lica est\u00e1 aberta ao di\u00e1logo com o pensamento filos\u00f3fico, o que lhe permite produzir v\u00e1rias s\u00ednteses entre f\u00e9 e raz\u00e3o\u201d (Laudato 63). Como se v\u00ea, a f\u00e9 passa pela realidade temporal, tanto do meio quanto da ess\u00eancia humana que ocupamos em vida. Relativizar essa verdade \u00e9 reduzir a grandeza da vida e a beleza do meio onde esta se desenvolve. \u00c9 negar o mist\u00e9rio maior da exist\u00eancia, o milagre da cria\u00e7\u00e3o. \u201cO secularismo difuso, quando se torna rejei\u00e7\u00e3o positiva e cultural da paternidade ativa de Deus na nossa hist\u00f3ria, impede toda e qualquer fraternidade universal aut\u00eantica\u201d, nos disse ainda o Papa, meses antes do S\u00ednodo em curso.<\/p>\n<p style=\"text-align: justify;\">\u00a0\u00a0\u00a0\u00a0\u00a0\u00a0\u00a0\u00a0\u00a0 A bem da verdade, \u00e9 bom frisar. \u201cLaudato Si\u201d, a enc\u00edclica que alavancou a realiza\u00e7\u00e3o desse S\u00ednodo, foi publicada em 2015. De l\u00e1\u00a0 pra c\u00e1 muita \u00e1gua jorrou e muitas cr\u00edticas turvaram o prop\u00f3sito de associar nosso meio ambiente \u00e0 nossa vida espiritual. Governos sa\u00edram, regimes ca\u00edram, pol\u00edticos sofreram fragorosas derrotas ou alcan\u00e7aram vit\u00f3rias surpreendentes, mas o Papa ainda \u00e9 o mesmo. Nada se fez propositalmente. Sua voz prof\u00e9tica teima em desafiar o mundo a buscar novos rumos, encarar seus problemas na perspectiva do bem comum. Infelizes os que atiram pedras. \u201cQuem lan\u00e7a uma pedra no ar, a v\u00ea recair sobre sua cabe\u00e7a\u201d (Ecle 27,28).<\/p>\n","protected":false},"excerpt":{"rendered":"<p>\u00a0 \u00a0 \u00a0 \u00a0 \u00a0O barulho dos ventos sinodais soa a sinos repicando sobre a consci\u00eancia de muitos. H\u00e1 tempos n\u00e3o ouvia t\u00e3o retumbantes acordes e repiques. Simultaneamente, a m\u00fasica que emerge da mensagem papal para o Dia Mundial das Miss\u00f5es j\u00e1 profetizava muitas das diferen\u00e7as que ecoam nos ares desse outubro mission\u00e1rio: \u201cSem o [&hellip;]<\/p>\n","protected":false},"author":17,"featured_media":32776,"comment_status":"open","ping_status":"closed","sticky":false,"template":"","format":"standard","meta":{"footnotes":""},"categories":[9],"tags":[],"class_list":["post-54649","post","type-post","status-publish","format-standard","has-post-thumbnail","hentry","category-artigos"],"_links":{"self":[{"href":"https:\/\/catolicanet.net\/wp-cnet\/wp-json\/wp\/v2\/posts\/54649","targetHints":{"allow":["GET"]}}],"collection":[{"href":"https:\/\/catolicanet.net\/wp-cnet\/wp-json\/wp\/v2\/posts"}],"about":[{"href":"https:\/\/catolicanet.net\/wp-cnet\/wp-json\/wp\/v2\/types\/post"}],"author":[{"embeddable":true,"href":"https:\/\/catolicanet.net\/wp-cnet\/wp-json\/wp\/v2\/users\/17"}],"replies":[{"embeddable":true,"href":"https:\/\/catolicanet.net\/wp-cnet\/wp-json\/wp\/v2\/comments?post=54649"}],"version-history":[{"count":1,"href":"https:\/\/catolicanet.net\/wp-cnet\/wp-json\/wp\/v2\/posts\/54649\/revisions"}],"predecessor-version":[{"id":54650,"href":"https:\/\/catolicanet.net\/wp-cnet\/wp-json\/wp\/v2\/posts\/54649\/revisions\/54650"}],"wp:featuredmedia":[{"embeddable":true,"href":"https:\/\/catolicanet.net\/wp-cnet\/wp-json\/wp\/v2\/media\/32776"}],"wp:attachment":[{"href":"https:\/\/catolicanet.net\/wp-cnet\/wp-json\/wp\/v2\/media?parent=54649"}],"wp:term":[{"taxonomy":"category","embeddable":true,"href":"https:\/\/catolicanet.net\/wp-cnet\/wp-json\/wp\/v2\/categories?post=54649"},{"taxonomy":"post_tag","embeddable":true,"href":"https:\/\/catolicanet.net\/wp-cnet\/wp-json\/wp\/v2\/tags?post=54649"}],"curies":[{"name":"wp","href":"https:\/\/api.w.org\/{rel}","templated":true}]}}