{"id":54639,"date":"2019-10-13T09:55:26","date_gmt":"2019-10-13T12:55:26","guid":{"rendered":"http:\/\/catolicanet.net\/wp-cnet\/?p=54639"},"modified":"2019-10-14T09:57:51","modified_gmt":"2019-10-14T12:57:51","slug":"cirio-de-nazare-maria-mae-da-igreja","status":"publish","type":"post","link":"https:\/\/catolicanet.net\/wp-cnet\/cirio-de-nazare-maria-mae-da-igreja\/","title":{"rendered":"C\u00edrio de Nazar\u00e9: \u201cMaria M\u00e3e da Igreja\u201d."},"content":{"rendered":"<p style=\"text-align: justify;\">Neste domingo, dia 13 de outubro de 2019, enquanto acontece em Roma o S\u00ednodo da Pan-Amaz\u00f4nia celebra-se o C\u00edrio de Nazar\u00e9, a maior prociss\u00e3o mariana do mundo, na Arquiepiscopal cidade de Bel\u00e9m do Par\u00e1. Sede primaz da Amaz\u00f4nia. O tema do C\u00edrio 2019 \u00e9 \u201cMaria M\u00e3e da Igreja\u201d e est\u00e1 em conson\u00e2ncia com a comemora\u00e7\u00e3o do Jubileu dos 300 anos de cria\u00e7\u00e3o da Diocese de Santa Maria de Bel\u00e9m do Gr\u00e3o Par\u00e1.<\/p>\n<p style=\"text-align: justify;\">Nossa Senhora de Nazar\u00e9 ilumina a evangeliza\u00e7\u00e3o na Amaz\u00f4nia e est\u00e1 entrela\u00e7ada na funda\u00e7\u00e3o da cidade, com uma identidade Mariana e Mission\u00e1ria na cidade de Bel\u00e9m, que \u00e9 o portal da Amaz\u00f4nia.<\/p>\n<p style=\"text-align: justify;\">Informa o site oficial do C\u00edrio de Nazar\u00e9 que: \u201cA ideia central do cartaz do C\u00edrio 2019 foi homenagear a Igreja M\u00e3e, a Catedral Metropolitana de Bel\u00e9m, por meio dos vitrais que ornam seu interior. Ao entrar num lugar sagrado os olhos procuram a luz, luz que brilha pela janela (vitral), ilumina, inspira e conta um pouco de hist\u00f3ria. Hist\u00f3ria que \u00e9 humana e divina ao mesmo tempo porque fala de um Deus que se fez homem e veio habitar entre n\u00f3s, por\u00e9m ele n\u00e3o desceu diretamente do c\u00e9u, mas foi gerado pelo Esp\u00edrito Santo no seio de uma mulher: a Virgem Maria. Foram utilizados alguns elementos, como desenhos dos arcos e outros detalhes. No alto vemos dois p\u00e1ssaros, trazendo no bico um ramo de oliveira, recordando a hist\u00f3ria da Arca de No\u00e9, quando, depois de alguns dias, a pombinha retorna com o ramo de oliveira sinalizando que h\u00e1 vida na terra. Vislumbramos nesse epis\u00f3dio a pacifica\u00e7\u00e3o entre Deus, homem e a natureza; paz significa harmonia entre o Criador, o homem e todas as demais criaturas. Os l\u00edrios homenageiam Maria de Nazar\u00e9, nosso \u201cl\u00edrio mimoso\u201d, M\u00e3e da Igreja, que recebeu aos p\u00e9s da cruz a humanidade inteira como filhos e nos ajuda a viver com esperan\u00e7a. A mesma que Jesus, no \u00e1pice de sua demonstra\u00e7\u00e3o de amor para conosco, no-las deu como m\u00e3e: \u201cEis a\u00ed a tua m\u00e3e\u2026 Eis a\u00ed o teu filho\u2026\u201d. O ap\u00f3stolo Jo\u00e3o representava ali os disc\u00edpulos de Jesus e de todos os tempos, de todos os povos, e Maria se tornava ent\u00e3o M\u00e3e da Igreja, M\u00e3e da humanidade\u201d. (Cf. <a href=\"https:\/\/ciriodenazare.com.br\/site\/cartaz-do-cirio-2019\/\">https:\/\/ciriodenazare.com.br\/site\/cartaz-do-cirio-2019\/<\/a>, \u00faltimo acesso em 10 de outubro de 2019)<\/p>\n<p style=\"text-align: justify;\">\u201cAmaz\u00f4nia: novos caminhos para a Igreja e para uma ecologia integral\u201d. Este est\u00e1 sendo o tema do S\u00ednodo dos Bispos para a Regi\u00e3o Pan-Amaz\u00f4nica, que est\u00e1 sedo realizado neste m\u00eas de outubro. \u201cO objetivo principal dessa convoca\u00e7\u00e3o \u00e9 identificar novos caminhos para a evangeliza\u00e7\u00e3o da por\u00e7\u00e3o do Povo de Deus, especialmente dos ind\u00edgenas, frequentemente esquecidos e sem perspectivas de um futuro sereno, tamb\u00e9m por causa da crise da floresta amaz\u00f4nica. Que os novos Santos neste domingo canonizados intercedam por este evento eclesial para que, no respeito da beleza da Cria\u00e7\u00e3o, todos os povos da terra louvem a Deus, Senhor do universo, e por Ele iluminados, percorram caminhos de justi\u00e7a e de paz.<\/p>\n<p style=\"text-align: justify;\">O Papa Francisco, no primeiro dia de 2019, nos lembrou a M\u00e3e de Deus: \u201choje \u00e9 o dia para nos maravilharmos diante da M\u00e3e de Deus: Deus \u00e9 um beb\u00ea nos bra\u00e7os duma mulher, que alimenta o seu Criador. A imagem que temos \u00e0 nossa frente mostra a M\u00e3e e o Menino t\u00e3o unidos que parecem um s\u00f3\u201d. \u201cTal \u00e9 o mist\u00e9rio de hoje, que suscita uma maravilha infinita: Deus uniu-se \u00e0 humanidade para sempre. Deus e o homem sempre juntos: eis a boa not\u00edcia no in\u00edcio do ano. Deus n\u00e3o \u00e9 um senhor distante que habita solit\u00e1rio nos c\u00e9us, mas o Amor encarnado, nascido como n\u00f3s duma m\u00e3e para ser irm\u00e3o de cada um. Est\u00e1 nos joelhos de sua m\u00e3e, que \u00e9 tamb\u00e9m nossa m\u00e3e, e de l\u00e1 derrama uma nova ternura sobre a humanidade. N\u00f3s compreendemos melhor o amor divino, que \u00e9 paterno e materno, como o duma m\u00e3e que n\u00e3o cessa de crer nos filhos e nunca os abandona. O Deus-conosco nos ama independentemente dos nossos erros, dos nossos pecados, do modo como fazemos caminhar o mundo. Deus cr\u00ea na humanidade, da qual sobressai, primeira e incompar\u00e1vel, a sua M\u00e3e.\u201d \u201cNo in\u00edcio do ano, pedimos-Lhe a gra\u00e7a de nos maravilharmos perante o Deus das surpresas\u201d, disse ainda Francisco. \u201cRenovamos a maravilha das origens, quando nasceu em n\u00f3s a f\u00e9. A M\u00e3e de Deus nos ajuda: a Theotokos, que gerou o Senhor, gera-nos para o Senhor. \u00c9 m\u00e3e e gera sempre de novo, nos filhos, a maravilha da f\u00e9. A vida, sem nos maravilharmos, torna-se cinzenta, rotineira; e de igual modo a f\u00e9. Tamb\u00e9m a Igreja precisa renovar a sua maravilha por ser casa do Deus vivo, Esposa do Senhor, M\u00e3e que gera filhos; caso contr\u00e1rio, corre o risco de assemelhar-se a um lindo museu do passado. Mas, Nossa Senhora introduz na Igreja a atmosfera de casa, duma casa habitada pelo Deus da novidade. Acolhamos maravilhados o mist\u00e9rio da M\u00e3e de Deus, como os habitantes de \u00c9feso no tempo do Conc\u00edlio l\u00e1 realizado! Como eles, aclamemos a \u00abSanta M\u00e3e de Deus\u00bb! Deixemo-nos olhar, deixemo-nos abra\u00e7ar, deixemo-nos tomar pela m\u00e3o\u2026 por Ela.\u201d (Cf. <a href=\"https:\/\/www.vaticannews.va\/pt\/papa\/news\/2019-01\/papa-missa-primeiro-janeiro-maria-mae-de-deus.html\">https:\/\/www.vaticannews.va\/pt\/papa\/news\/2019-01\/papa-missa-primeiro-janeiro-maria-mae-de-deus.html<\/a>, \u00faltimo acesso em 10 de outubro de 2019).<\/p>\n<p style=\"text-align: justify;\">O Papa Francisco em sua mensagem pela 227\u00aa. Edi\u00e7\u00e3o do C\u00edrio de Nazar\u00e9, diz que: \u201cPor ocasi\u00e3o das festividades em honra de Nossa Senhora de Nazar\u00e9, padroeira da Arquidiocese de Bel\u00e9m do Par\u00e1, o Santo Padre deseja fazer chegar a sua sauda\u00e7\u00e3o a todos os fi\u00e9is que, devotamente, depositam aos p\u00e9s da M\u00e3e do Senhor as seus pedidos e agradecimento, juntando-se ele a todos e cada um para confiar a intercess\u00e3o de Nossa Senhora os trabalhos e os frutos do S\u00ednodo para a Amaz\u00f4nia. Sua Santidade faz votos de que as celebra\u00e7\u00f5es do C\u00edrio de Nazar\u00e9 sejam uma oportunidade para refor\u00e7ar a f\u00e9 e a entrega a Deus, seguindo o exempla de Maria, concretamente \u201ca for\u00e7a daquele \u2018fa\u00e7a-se em Mim\u2019\u201d, que disse ao anjo. Foi uma coisa distinta de uma aceita\u00e7\u00e3o passiva ou resignada. (\u2026) Era determinada: compreendeu do que se tratava e disse \u201csim\u201d, sem rodeios de palavras. (\u2026) Foi o \u201csim\u201d de quem quer comprometer-se e arriscar, de quem quer apostar tudo, sem ter outra garantia para al\u00e9m da certeza de saber que \u00e9 portadora de uma promessa\u201d (Papa Francisco, Discurso no Vigilia da XXXIV Jornada Mundial da Juventude, 26\/01\/2019). Lembrando a cada um que tamb\u00e9m \u00e9 portador de uma promessa do c\u00e9u para os outros, a Papa Francisco sobre todos invoca a prote\u00e7\u00e3o de Nossa Senhora de Nazar\u00e9 e lhes concede uma propiciadora Ben\u00e7\u00e3o Apost\u00f3lica, pedindo tamb\u00e9m que, por favor, n\u00e3o deixem de rezar por ele. Cardeal Pietro Parolin, Secret\u00e1rio de Estado\u201d (Cf. <a href=\"https:\/\/arquidiocesedebelem.com.br\/noticias\/mensagem-do-papa-para-o-cirio-2019\/\">https:\/\/arquidiocesedebelem.com.br\/noticias\/mensagem-do-papa-para-o-cirio-2019\/<\/a>, \u00faltimo acesso em 10 de outubro de 2019).<\/p>\n<p style=\"text-align: justify;\">Que a celebra\u00e7\u00e3o do C\u00edrio de Nazar\u00e9 ajude a Igreja no Brasil, em sintonia com o S\u00ednodo da Pan-Amaz\u00f4nia a contemplar o primordial papel de Nossa Senhora de Nazar\u00e9 para toda a Amaz\u00f4nia: \u00e9 a esperan\u00e7a cotidiana de todos, particularmente, das mulheres, porque Nossa Senhora de Nazar\u00e9 representa a busca por esperan\u00e7a e aux\u00edlio diante das dificuldades.<strong>\u00a0<\/strong>Maria \u00e9 exemplo de mulher que foi protagonista na vida de Jesus, tal qual muitas\u00a0mulheres t\u00eam sido protagonistas na vida da Igreja da Amaz\u00f4nia.<\/p>\n<p style=\"text-align: justify;\">S\u00e3o Paulo VI\u00a0profeticamente conclamou a Igreja que \u201cCristo e Maria apontam para a Amaz\u00f4nia\u201d e nos iluminam na\u00a0descoberta dos novos caminhos para a Igreja e para uma ecologia integral. Por isso rezamos: \u201cDeus Pai, Filho e Esp\u00edrito Santo, iluminai com a vossa gra\u00e7a a Igreja que est\u00e1 na Amaz\u00f4nia. Ajudai-nos a preparar com alegria, f\u00e9 e esperan\u00e7a o S\u00ednodo Pan-Amaz\u00f4nico: \u201cAmaz\u00f4nia: novos caminhos para a Igreja e para uma ecologia integral\u201d. Abri nossos olhos, nossa mente e cora\u00e7\u00e3o para acolhermos o que vosso Esp\u00edrito diz \u00e0 Igreja na Amaz\u00f4nia. Suscitai disc\u00edpulas e disc\u00edpulos mission\u00e1rios, que, pela palavra e o testemunho de vida, anunciem o Evangelho aos povos da Amaz\u00f4nia, e assumam a defesa da terra, das florestas e dos rios da regi\u00e3o, contra a destrui\u00e7\u00e3o, polui\u00e7\u00e3o e morte. Nossa Senhora de Nazar\u00e9, Rainha da Amaz\u00f4nia, intercedei por n\u00f3s, para que nunca nos faltem coragem e paix\u00e3o, lado a lado com vosso filho Jesus. Am\u00e9m!\u201d.<\/p>\n<p style=\"text-align: justify;\">Uno-me ao Arcebispo de Bel\u00e9m do Par\u00e1, D. Alberto Taveira Correa, aos seus bispos auxiliares, ao clero e ao povo de Deus de Bel\u00e9m, do Par\u00e1 e da Amaz\u00f4nia pedindo a prote\u00e7\u00e3o de Nossa Senhora de Nazar\u00e9 em favor da Igreja e de todos n\u00f3s. Que Nossa Senhora de Nazar\u00e9, de sua berlinda bendita, intercedendo por Bel\u00e9m e pela Amaz\u00f4nia ajude-nos, como M\u00e3e de Deus e da Igreja, a vivermos, em nossas Dioceses, Par\u00f3quias, Comunidades e em nossas fam\u00edlias o Evangelho e a fazermos tudo o que Jesus nos pede: anunciar a alegria do Evangelho e a unidade para que todos sejamos um em Cristo Senhor!<\/p>\n","protected":false},"excerpt":{"rendered":"<p>Neste domingo, dia 13 de outubro de 2019, enquanto acontece em Roma o S\u00ednodo da Pan-Amaz\u00f4nia celebra-se o C\u00edrio de Nazar\u00e9, a maior prociss\u00e3o mariana do mundo, na Arquiepiscopal cidade de Bel\u00e9m do Par\u00e1. Sede primaz da Amaz\u00f4nia. O tema do C\u00edrio 2019 \u00e9 \u201cMaria M\u00e3e da Igreja\u201d e est\u00e1 em conson\u00e2ncia com a comemora\u00e7\u00e3o [&hellip;]<\/p>\n","protected":false},"author":5,"featured_media":32777,"comment_status":"open","ping_status":"closed","sticky":false,"template":"","format":"standard","meta":{"footnotes":""},"categories":[9],"tags":[],"class_list":["post-54639","post","type-post","status-publish","format-standard","has-post-thumbnail","hentry","category-artigos"],"_links":{"self":[{"href":"https:\/\/catolicanet.net\/wp-cnet\/wp-json\/wp\/v2\/posts\/54639","targetHints":{"allow":["GET"]}}],"collection":[{"href":"https:\/\/catolicanet.net\/wp-cnet\/wp-json\/wp\/v2\/posts"}],"about":[{"href":"https:\/\/catolicanet.net\/wp-cnet\/wp-json\/wp\/v2\/types\/post"}],"author":[{"embeddable":true,"href":"https:\/\/catolicanet.net\/wp-cnet\/wp-json\/wp\/v2\/users\/5"}],"replies":[{"embeddable":true,"href":"https:\/\/catolicanet.net\/wp-cnet\/wp-json\/wp\/v2\/comments?post=54639"}],"version-history":[{"count":1,"href":"https:\/\/catolicanet.net\/wp-cnet\/wp-json\/wp\/v2\/posts\/54639\/revisions"}],"predecessor-version":[{"id":54640,"href":"https:\/\/catolicanet.net\/wp-cnet\/wp-json\/wp\/v2\/posts\/54639\/revisions\/54640"}],"wp:featuredmedia":[{"embeddable":true,"href":"https:\/\/catolicanet.net\/wp-cnet\/wp-json\/wp\/v2\/media\/32777"}],"wp:attachment":[{"href":"https:\/\/catolicanet.net\/wp-cnet\/wp-json\/wp\/v2\/media?parent=54639"}],"wp:term":[{"taxonomy":"category","embeddable":true,"href":"https:\/\/catolicanet.net\/wp-cnet\/wp-json\/wp\/v2\/categories?post=54639"},{"taxonomy":"post_tag","embeddable":true,"href":"https:\/\/catolicanet.net\/wp-cnet\/wp-json\/wp\/v2\/tags?post=54639"}],"curies":[{"name":"wp","href":"https:\/\/api.w.org\/{rel}","templated":true}]}}