{"id":5463,"date":"2014-12-19T13:02:58","date_gmt":"2014-12-19T15:02:58","guid":{"rendered":"http:\/\/catolicanet.net\/wp-cnet\/papa-em-santa-marta-a-igreja-seja-mae-e-nao-empresaria-o-poder-faz-nos-estereis\/"},"modified":"2017-04-07T10:18:28","modified_gmt":"2017-04-07T13:18:28","slug":"papa-em-santa-marta-a-igreja-seja-mae-e-nao-empresaria-o-poder-faz-nos-estereis","status":"publish","type":"post","link":"https:\/\/catolicanet.net\/wp-cnet\/papa-em-santa-marta-a-igreja-seja-mae-e-nao-empresaria-o-poder-faz-nos-estereis\/","title":{"rendered":"Papa em Santa Marta: A Igreja seja m\u00e3e e n\u00e3o empres\u00e1ria. O poder faz-nos est\u00e9reis"},"content":{"rendered":"<p style=\"text-align: justify;\"><img decoding=\"async\" src=\"http:\/\/catolicanet.com.br\/images\/stories\/geral\/papamissasantamarta.jpg\" border=\"0\" align=\"left\" \/>A Igreja seja m\u00e3e e n\u00e3o empres\u00e1ria. O poder faz-nos est\u00e9reis. Esta a afirma\u00e7\u00e3o do Papa Francisco na Missa matinal na Casa de Santa Marta na sexta-feira, dia 19 de dezembro, a \u00faltima deste ano de 2014. O Santo Padre desenvolveu a sua homilia a partir das Leituras do dia que narram os nascimentos miracolosos de Sans\u00e3o e Jo\u00e3o Batista, filhos de duas mulheres est\u00e9reis que se tornaram fecundas. Atrav\u00e9s destes epis\u00f3dios b\u00edblicos o Papa considerou que \u00e9 necess\u00e1rio refletir sobre a humanidade est\u00e9ril, pois a partir dela o Senhor \u00e9 capaz de recome\u00e7ar uma nova descend\u00eancia:<\/p>\n<p>\u201cDa esterilidade, o Senhor \u00e9 capaz de recome\u00e7ar uma nova descend\u00eancia, uma nova vida. E isto \u00e9 a mensagem de hoje. Quando a humanidade est\u00e1 exaurida, n\u00e3o consegue andar mais, vem a gra\u00e7a e vem o Filho e vem a Salva\u00e7\u00e3o. E aquela Cria\u00e7\u00e3o exaurida deixa lugar \u00e0 nova cria\u00e7\u00e3o&#8230;\u201d<\/p>\n<p>Esta \u00e9 a novidade do Natal, a novidade de Deus que refaz todas as coisas \u2013 continuou o Papa Francisco. A mulher de Manoach, m\u00e3e de Sans\u00e3o e Isabel t\u00eam filhos gra\u00e7as \u00e0 a\u00e7\u00e3o do Esp\u00edrito Santo. Esta \u00e9 a mensagem destas leituras: Abrirmo-nos ao Esp\u00edrito de Deus:<\/p>\n<p>\u201cTamb\u00e9m isto me faz pensar na nossa m\u00e3e Igreja; tamb\u00e9m em tantas estirilidades que tem a nossa m\u00e3e Igreja (&#8230;) A Igreja \u00e9 m\u00e3e e torna-se m\u00e3e apenas quando se abre \u00e0 novidade de Deus, \u00e0 for\u00e7a do Esp\u00edrito Santo.\u201d<\/p>\n<p> \u201cE tamb\u00e9m hoje \u00e9 um dia para rezar pela nossa m\u00e3e Igreja, por tantas esterilidades do povo de Deus. Esterilidade de ego\u00edsmos, de poder\u2026. Quando a Igreja acredita que pode tudo, que pode tomar conta das consci\u00eancias das pessoas, de percorrer o caminho dos fariseus, dos saduceus, o caminho da hipocrisia a Igreja \u00e9 est\u00e9ril. Rezar. Que este Natal fa\u00e7a a nossa Igreja aberta ao dom de Deus, que se deixe surpreender pelo Esp\u00edrito Santo e seja uma Igreja que fa\u00e7a filhos, uma Igreja m\u00e3e. M\u00e3e. Muitas vezes eu penso que a Igreja em alguns lugares mais do que m\u00e3e \u00e9 empres\u00e1ria\u201d.<\/p>\n<p>\u201cOlhando para esta hist\u00f3ria de esterilidade do povo de Deus e para tantas hist\u00f3rias na Hist\u00f3ria da Igreja que fazem a Igreja est\u00e9ril \u2013 concluiu o Papa \u2013 pe\u00e7amos ao Senhor, hoje, olhando para o Pres\u00e9pio\u201d, a gra\u00e7a \u201cda fecundidade da Igreja. Que antes de tudo, a Igreja seja m\u00e3e, como Maria\u201d.<\/p>\n<p style=\"text-align: justify;\">\u00a0<\/p>\n<p style=\"text-align: justify;\">Fonte: R\u00e1dio Vaticano<\/p>\n","protected":false},"excerpt":{"rendered":"<p>A Igreja seja m\u00e3e e n\u00e3o empres\u00e1ria. O poder faz-nos est\u00e9reis. Esta a afirma\u00e7\u00e3o do Papa Francisco na Missa matinal na Casa de Santa Marta na sexta-feira, dia 19 de dezembro, a \u00faltima deste ano de 2014. O Santo Padre desenvolveu a sua homilia a partir das Leituras do dia que narram os nascimentos miracolosos [&hellip;]<\/p>\n","protected":false},"author":1,"featured_media":0,"comment_status":"closed","ping_status":"closed","sticky":false,"template":"","format":"standard","meta":{"footnotes":""},"categories":[3],"tags":[],"class_list":["post-5463","post","type-post","status-publish","format-standard","hentry","category-vaticano"],"_links":{"self":[{"href":"https:\/\/catolicanet.net\/wp-cnet\/wp-json\/wp\/v2\/posts\/5463","targetHints":{"allow":["GET"]}}],"collection":[{"href":"https:\/\/catolicanet.net\/wp-cnet\/wp-json\/wp\/v2\/posts"}],"about":[{"href":"https:\/\/catolicanet.net\/wp-cnet\/wp-json\/wp\/v2\/types\/post"}],"author":[{"embeddable":true,"href":"https:\/\/catolicanet.net\/wp-cnet\/wp-json\/wp\/v2\/users\/1"}],"replies":[{"embeddable":true,"href":"https:\/\/catolicanet.net\/wp-cnet\/wp-json\/wp\/v2\/comments?post=5463"}],"version-history":[{"count":1,"href":"https:\/\/catolicanet.net\/wp-cnet\/wp-json\/wp\/v2\/posts\/5463\/revisions"}],"predecessor-version":[{"id":10316,"href":"https:\/\/catolicanet.net\/wp-cnet\/wp-json\/wp\/v2\/posts\/5463\/revisions\/10316"}],"wp:attachment":[{"href":"https:\/\/catolicanet.net\/wp-cnet\/wp-json\/wp\/v2\/media?parent=5463"}],"wp:term":[{"taxonomy":"category","embeddable":true,"href":"https:\/\/catolicanet.net\/wp-cnet\/wp-json\/wp\/v2\/categories?post=5463"},{"taxonomy":"post_tag","embeddable":true,"href":"https:\/\/catolicanet.net\/wp-cnet\/wp-json\/wp\/v2\/tags?post=5463"}],"curies":[{"name":"wp","href":"https:\/\/api.w.org\/{rel}","templated":true}]}}