{"id":54622,"date":"2019-10-11T08:26:35","date_gmt":"2019-10-11T11:26:35","guid":{"rendered":"http:\/\/catolicanet.net\/wp-cnet\/?p=54622"},"modified":"2019-10-11T13:12:09","modified_gmt":"2019-10-11T16:12:09","slug":"mais-de-170-mil-devotos-sao-esperados-em-aparecida-no-dia-da-padroeira","status":"publish","type":"post","link":"https:\/\/catolicanet.net\/wp-cnet\/mais-de-170-mil-devotos-sao-esperados-em-aparecida-no-dia-da-padroeira\/","title":{"rendered":"Mais de 170 mil devotos s\u00e3o esperados em Aparecida no Dia da Padroeira"},"content":{"rendered":"<p style=\"text-align: justify;\"><em>Credenciamento para profissionais de comunica\u00e7\u00e3o termina \u00e0s 16h do dia 11 de outubro<\/em><\/p>\n<p style=\"text-align: justify;\"><em>Por Victor Hugo Barros<\/em><\/p>\n<p style=\"text-align: justify;\">Mais de 170 mil romeiros devem comemorar o Dia da Padroeira (12), no Santu\u00e1rio Nacional de Aparecida (SP). Para celebrar a Festa de Nossa Senhora Aparecida, uma programa\u00e7\u00e3o de celebra\u00e7\u00f5es e momentos de ora\u00e7\u00e3o foi preparada para a data.<\/p>\n<p style=\"text-align: justify;\">Ao todo, seis missas ser\u00e3o celebradas ao longo do dia, no Altar Central da Bas\u00edlica. A primeira delas acontece \u00e0s 5h, encerrando a Vig\u00edlia Mariana, que acontece a partir da meia noite. Em seguida, \u00e0s 7h, tem in\u00edcio a Missa das Crian\u00e7as. Na celebra\u00e7\u00e3o, voltada para o p\u00fablico infantil, a Orquestra mirim do PEMSA executa, pela primeira vez, as can\u00e7\u00f5es da Missa. Desde o in\u00edcio do m\u00eas de setembro, 267 m\u00fasicos, entre instrumentistas e cantores, ensaiam o repert\u00f3rio tr\u00eas vezes por semana. At\u00e9 o dia da celebra\u00e7\u00e3o ser\u00e3o 90 horas de ensaio.<\/p>\n<p style=\"text-align: justify;\">A Missa Solene, considerada a principal do dia, tem in\u00edcio \u00e0s 9h. A Eucaristia ser\u00e1 presidida pelo arcebispo de Aparecida, Dom Orlando Brandes, e deve ser acompanhada por uma multid\u00e3o de mais de 40 mil romeiros. Nesta celebra\u00e7\u00e3o, a imagem da Padroeira vai utilizar um manto especialmente bordado para a data, recordando o manto usado na cerim\u00f4nia de Coroa\u00e7\u00e3o h\u00e1 115 anos, em 1904.<\/p>\n<p style=\"text-align: justify;\">Outras tr\u00eas missas ainda acontecem ao longo do dia, \u00e0s 13h, 16h e 20h. A \u00faltima celebra\u00e7\u00e3o do dia 12 de outubro marca o encerramento das festividades. Durante a cerim\u00f4nia ser\u00e1 depositado no Altar Central um livro contendo o nome de centenas de fi\u00e9is que fazem parte da Campanha dos Devotos, auxiliando nas obras de constru\u00e7\u00e3o e manuten\u00e7\u00e3o da Bas\u00edlica.<\/p>\n<p style=\"text-align: justify;\">Al\u00e9m das celebra\u00e7\u00f5es, outras atividades religiosas tamb\u00e9m est\u00e3o previstas na programa\u00e7\u00e3o. No per\u00edodo da tarde, \u00e0s 15h, a tradicional Consagra\u00e7\u00e3o ser\u00e1 realizada no Altar Central do maior templo dedicado a Virgem Maria no mundo.\u00a0\u00a0J\u00e1 \u00e0s 18h, na Bas\u00edlica Velha, acontece a celebra\u00e7\u00e3o do\u00a0<em>Angelus <\/em>, sucedida pela prociss\u00e3o solene, seguindo pelas ruas de Aparecida em dire\u00e7\u00e3o \u00e0 Nova Bas\u00edlica. Colorindo o c\u00e9u da &#8220;Capital da F\u00e9&#8221;, um show pirot\u00e9cnico \u00e0s 21h30 encerra a Festa da Padroeira de 2019.<\/p>\n<p style=\"text-align: justify;\"><strong>Estrutura &#8211;<\/strong>\u00a0Al\u00e9m da programa\u00e7\u00e3o, uma estrutura de acolhida tamb\u00e9m foi preparada para os romeiros. Os port\u00f5es do Santu\u00e1rio Nacional, por exemplo, foram abertos na manh\u00e3 desta quinta-feira (10) e s\u00f3 ser\u00e3o fechados \u00e0s 21h do domingo (13).<\/p>\n<p style=\"text-align: justify;\">A visita\u00e7\u00e3o ao Nicho onde se encontra a Imagem original da Padroeira do Brasil tamb\u00e9m acontece em hor\u00e1rio estendido, se iniciando \u00e0s 6h da sexta-feira (11), at\u00e9 \u00e0s 20h do dia 12. A Capela das Velas, outro lugar muito visitado pelos devotos, tamb\u00e9m ficar\u00e1 aberta durante todo o per\u00edodo.<\/p>\n<p style=\"text-align: justify;\">Outro servi\u00e7o que atravessa a madrugada \u00e9 a Tenda dos Peregrinos. O espa\u00e7o, destinado aos romeiros que chegam a p\u00e9 ou de bicicleta ao Santu\u00e1rio, inicia suas atividades \u00e0s 07h do dia 11 de outubro, atendendo ininterruptamente at\u00e9 \u00e0s 17h do Dia da Padroeira. No local, profissionais volunt\u00e1rios oferecem atividades de massagem, fisioterapia, verifica\u00e7\u00e3o de sinais vitais, como aferi\u00e7\u00e3o de press\u00e3o arterial, curativos e outras orienta\u00e7\u00f5es gerais que forem necess\u00e1rias.<\/p>\n<p style=\"text-align: justify;\"><strong>Imprensa &#8211; <\/strong>\u00a0A Sala de Imprensa do Santu\u00e1rio Nacional tamb\u00e9m funcionar\u00e1 em hor\u00e1rios diferenciados no dia 12 de outubro. O espa\u00e7o, destinado aos profissionais de comunica\u00e7\u00e3o, ser\u00e1 aberto \u00e0s 5h, encerrando suas atividades \u00e0s 21h45.<\/p>\n<p style=\"text-align: justify;\">Os profissionais de comunica\u00e7\u00e3o que desejam realizar a cobertura da Novena e Festa da Padroeira devem solicitar credenciamento junto \u00e0 Assessoria de Imprensa do Santu\u00e1rio Nacional. O cadastro, obrigat\u00f3rio para jornalistas, rep\u00f3rteres, fot\u00f3grafos, radialistas e cinegrafistas ligados a ve\u00edculos de comunica\u00e7\u00e3o que desejam cobrir as festividades da Padroeira, deve ser realizado por meio de formul\u00e1rio em <a href=\"http:\/\/www.a12.com\/imprensa\">www.a12.com\/imprensa<\/a>.<\/p>\n<p style=\"text-align: justify;\">As solicita\u00e7\u00f5es devem ser enviadas at\u00e9 \u00e0s 16h de amanh\u00e3 (11). No dia 12 de outubro n\u00e3o ser\u00e1 realizado nenhum credenciamento, sendo analisadas apenas as enviadas at\u00e9 o prazo estipulado. Tamb\u00e9m para o dia 12, n\u00e3o \u00e9 poss\u00edvel solicitar o cadastro\u00a0<em>in loco<\/em>, sendo v\u00e1lidos apenas os pedidos direcionados por meio de formul\u00e1rio online (<a href=\"http:\/\/www.a12.com\/imprensa\">www.a12.com\/imprensa<\/a>) at\u00e9 o dia anterior.<\/p>\n","protected":false},"excerpt":{"rendered":"<p>Credenciamento para profissionais de comunica\u00e7\u00e3o termina \u00e0s 16h do dia 11 de outubro Por Victor Hugo Barros Mais de 170 mil romeiros devem comemorar o Dia da Padroeira (12), no Santu\u00e1rio Nacional de Aparecida (SP). Para celebrar a Festa de Nossa Senhora Aparecida, uma programa\u00e7\u00e3o de celebra\u00e7\u00f5es e momentos de ora\u00e7\u00e3o foi preparada para a [&hellip;]<\/p>\n","protected":false},"author":1,"featured_media":54623,"comment_status":"open","ping_status":"closed","sticky":false,"template":"","format":"standard","meta":{"footnotes":""},"categories":[4],"tags":[],"class_list":["post-54622","post","type-post","status-publish","format-standard","has-post-thumbnail","hentry","category-cotidiano"],"_links":{"self":[{"href":"https:\/\/catolicanet.net\/wp-cnet\/wp-json\/wp\/v2\/posts\/54622","targetHints":{"allow":["GET"]}}],"collection":[{"href":"https:\/\/catolicanet.net\/wp-cnet\/wp-json\/wp\/v2\/posts"}],"about":[{"href":"https:\/\/catolicanet.net\/wp-cnet\/wp-json\/wp\/v2\/types\/post"}],"author":[{"embeddable":true,"href":"https:\/\/catolicanet.net\/wp-cnet\/wp-json\/wp\/v2\/users\/1"}],"replies":[{"embeddable":true,"href":"https:\/\/catolicanet.net\/wp-cnet\/wp-json\/wp\/v2\/comments?post=54622"}],"version-history":[{"count":1,"href":"https:\/\/catolicanet.net\/wp-cnet\/wp-json\/wp\/v2\/posts\/54622\/revisions"}],"predecessor-version":[{"id":54624,"href":"https:\/\/catolicanet.net\/wp-cnet\/wp-json\/wp\/v2\/posts\/54622\/revisions\/54624"}],"wp:featuredmedia":[{"embeddable":true,"href":"https:\/\/catolicanet.net\/wp-cnet\/wp-json\/wp\/v2\/media\/54623"}],"wp:attachment":[{"href":"https:\/\/catolicanet.net\/wp-cnet\/wp-json\/wp\/v2\/media?parent=54622"}],"wp:term":[{"taxonomy":"category","embeddable":true,"href":"https:\/\/catolicanet.net\/wp-cnet\/wp-json\/wp\/v2\/categories?post=54622"},{"taxonomy":"post_tag","embeddable":true,"href":"https:\/\/catolicanet.net\/wp-cnet\/wp-json\/wp\/v2\/tags?post=54622"}],"curies":[{"name":"wp","href":"https:\/\/api.w.org\/{rel}","templated":true}]}}