{"id":5461,"date":"2014-12-19T03:00:00","date_gmt":"2014-12-19T05:00:00","guid":{"rendered":"http:\/\/catolicanet.net\/wp-cnet\/nuvens-chovei-o-justo\/"},"modified":"2017-04-07T10:18:06","modified_gmt":"2017-04-07T13:18:06","slug":"nuvens-chovei-o-justo","status":"publish","type":"post","link":"https:\/\/catolicanet.net\/wp-cnet\/nuvens-chovei-o-justo\/","title":{"rendered":"Nuvens, chovei o justo!"},"content":{"rendered":"<p style=\"text-align: justify;\">Estamos no \u00faltimo dos quatro domingos do santo Advento! Estamos j\u00e1 em plena Semana de Prepara\u00e7\u00e3o pr\u00f3xima para o Natal! A Igreja \u00e9 toda aten\u00e7\u00e3o, toda contempla\u00e7\u00e3o do mist\u00e9rio da Encarna\u00e7\u00e3o, preparando-se para celebrar o Natal do Senhor. Sua vinda \u00e9 a nossa salva\u00e7\u00e3o, sua chegada \u00e9 o an\u00fancio da esperan\u00e7a a todos os povos, a toda a humanidade. A anual celebra\u00e7\u00e3o do seu Natal recorda-nos que nosso Deus quis estar perto, muito pertinho da humanidade toda e de cada um de n\u00f3s.<br \/> O Filho eterno do Pai fez-se homem para encher de Vida divina a nossa exist\u00eancia humana. \u00c9 este o Mist\u00e9rio de que fala S\u00e3o Paulo na segunda leitura da Missa de hoje: \u201cMist\u00e9rio mantido em sigilo desde sempre. Agora, este Mist\u00e9rio foi manifestado e, conforme determina\u00e7\u00e3o do Deus eterno, foi levado ao conhecimento de todas as na\u00e7\u00f5es, para traz\u00ea-las \u00e0 obedi\u00eancia da f\u00e9!\u201d Com a aproxima\u00e7\u00e3o do Santo Natal, contemplamos a benevol\u00eancia de Deus para com toda a humanidade: no segredo do seu cora\u00e7\u00e3o h\u00e1 um amoroso e misterioso projeto: salvar toda a humanidade pelo fruto que haveria de vir da ra\u00e7a de Israel, da tribo de Jud\u00e1, da casa de Davi.<br \/> O que nos deve encantar neste Domingo n\u00e3o \u00e9 somente a grandiosidade desse Mist\u00e9rio, dessa surpresa de um Deus que, desde sempre, preocupou-se com todos, com toda a humanidade e n\u00e3o s\u00f3 com Israel. O que nos deve encantar \u00e9 tamb\u00e9m o modo como o Senhor realiza o seu des\u00edgnio: ele age em sil\u00eancio na hist\u00f3ria humana, no pequenininho de nossa vida, nas humildes decis\u00f5es de nossa exist\u00eancia. <br \/> Pensemos bem! Primeiro, o rei Davi, humilde pastor de Bel\u00e9m, mais novo dos muitos filhos do velho Jess\u00e9. E Deus o escolheu para rei e para dele fazer uma dinastia da qual nasceria o Santo Messias. Davi, que desejava humildemente construir uma Casa, um Templo para o Senhor, fica sabendo que \u00e9 Deus quem lhe construir\u00e1 uma Casa, isto \u00e9, uma Dinastia, uma descend\u00eancia, da qual nascer\u00e1 Aquele bendito Descendente que enche de alegria o nosso cora\u00e7\u00e3o: \u201cO Senhor te anuncia que te far\u00e1 uma casa. Quando chegar o fim dos teus dias e repousares com teus pais, ent\u00e3o, suscitarei, depois de ti, um filho teu, e confirmarei a tua realeza. Eu serei para ele um pai e ele ser\u00e1 para mim um filho. Tua casa e teu reino ser\u00e3o est\u00e1veis para sempre diante de mim, e teu trono ser\u00e1 firme para sempre!\u201d Eis a bondade do Senhor, que de um simples pastorzinho far\u00e1 nascer o Salvador que reinar\u00e1 para sempre. <br \/> Depois, podemos pensar em Jos\u00e9, naquele que tinha recebido como prometida em casamento uma jovem virgem chamada Maria&#8230; Jos\u00e9, pessoa simples, homem de Deus. Membro pobre da fam\u00edlia real de Davi, humilde artes\u00e3o. Ele vivia na justi\u00e7a do Senhor, praticando a Lei do Deus de Israel. <br \/> E o Senhor, misteriosamente, o escolhe para ser o esposo daquela na qual se cumprir\u00e3o as palavras do Senhor. Recordemo-nos do Evangelho segundo S\u00e3o Mateus: \u201cJos\u00e9, filho de Davi, n\u00e3o temas receber Maria, tua mulher, pois o que nela foi gerado vem do Esp\u00edrito Santo. Ela dar\u00e1 \u00e0 luz um filho e tu o chamar\u00e1s com o nome de Jesus, pois ele salvar\u00e1 o seu povo de seus pecados\u201d (Mt 1,20-21). Ele, um simples carpinteiro, cuidador, tutor, guardador do Filho de Deus, o Messias esperado! Ele escutaria, doravante, o Filho eterno do eterno Pai, cham\u00e1-lo de pai!<br \/> No Quarto Domingo do Advento entra em cena Maria. Seu Filho \u00e9 o Deus conosco e j\u00e1 se faz presente, ainda de modo velado, mas real, no seio da Virgem, que concebeu por obra do Esp\u00edrito Santo (Lc 1,26-38).<br \/> Ao descrever a genealogia de Jesus, Mateus demonstra que \u00e9 verdadeiro homem, filho de Davi, filho de Abra\u00e3o; ao narrar o Seu nascimento de Maria Virgem, que foi m\u00e3e por virtude do Esp\u00edrito Santo, afirma que \u00e9 verdadeiro Deus; e, finalmente, ao citar o profeta Isaias, declara que Ele \u00e9 o Salvador prometido pelos profetas, o Emanuel, o Deus conosco.<br \/> Nossa Senhora fomenta na alma a alegria, porque quando procuramos a sua intimidade, leva-nos a Cristo. Ela \u00e9 Mestra de esperan\u00e7a. Maria proclama que a chamar\u00e3o bem-aventurada todas as gera\u00e7\u00f5es (Lc 1, 18).<br \/> Faltam poucos dias para que vejamos representado no pres\u00e9pio Aquele que os profetas predisseram; que a Virgem esperou com amor de m\u00e3e; que Jo\u00e3o anunciou estar pr\u00f3ximo e depois mostrou presente entre os homens.<\/p>\n","protected":false},"excerpt":{"rendered":"<p>Estamos no \u00faltimo dos quatro domingos do santo Advento! Estamos j\u00e1 em plena Semana de Prepara\u00e7\u00e3o pr\u00f3xima para o Natal! A Igreja \u00e9 toda aten\u00e7\u00e3o, toda contempla\u00e7\u00e3o do mist\u00e9rio da Encarna\u00e7\u00e3o, preparando-se para celebrar o Natal do Senhor. Sua vinda \u00e9 a nossa salva\u00e7\u00e3o, sua chegada \u00e9 o an\u00fancio da esperan\u00e7a a todos os povos, [&hellip;]<\/p>\n","protected":false},"author":5,"featured_media":0,"comment_status":"closed","ping_status":"closed","sticky":false,"template":"","format":"standard","meta":{"footnotes":""},"categories":[9],"tags":[],"class_list":["post-5461","post","type-post","status-publish","format-standard","hentry","category-artigos"],"_links":{"self":[{"href":"https:\/\/catolicanet.net\/wp-cnet\/wp-json\/wp\/v2\/posts\/5461","targetHints":{"allow":["GET"]}}],"collection":[{"href":"https:\/\/catolicanet.net\/wp-cnet\/wp-json\/wp\/v2\/posts"}],"about":[{"href":"https:\/\/catolicanet.net\/wp-cnet\/wp-json\/wp\/v2\/types\/post"}],"author":[{"embeddable":true,"href":"https:\/\/catolicanet.net\/wp-cnet\/wp-json\/wp\/v2\/users\/5"}],"replies":[{"embeddable":true,"href":"https:\/\/catolicanet.net\/wp-cnet\/wp-json\/wp\/v2\/comments?post=5461"}],"version-history":[{"count":1,"href":"https:\/\/catolicanet.net\/wp-cnet\/wp-json\/wp\/v2\/posts\/5461\/revisions"}],"predecessor-version":[{"id":10315,"href":"https:\/\/catolicanet.net\/wp-cnet\/wp-json\/wp\/v2\/posts\/5461\/revisions\/10315"}],"wp:attachment":[{"href":"https:\/\/catolicanet.net\/wp-cnet\/wp-json\/wp\/v2\/media?parent=5461"}],"wp:term":[{"taxonomy":"category","embeddable":true,"href":"https:\/\/catolicanet.net\/wp-cnet\/wp-json\/wp\/v2\/categories?post=5461"},{"taxonomy":"post_tag","embeddable":true,"href":"https:\/\/catolicanet.net\/wp-cnet\/wp-json\/wp\/v2\/tags?post=5461"}],"curies":[{"name":"wp","href":"https:\/\/api.w.org\/{rel}","templated":true}]}}