{"id":54561,"date":"2019-10-09T09:33:11","date_gmt":"2019-10-09T12:33:11","guid":{"rendered":"http:\/\/catolicanet.net\/wp-cnet\/?p=54561"},"modified":"2019-10-09T09:33:11","modified_gmt":"2019-10-09T12:33:11","slug":"maes-catolicas-rezam-pelas-vocacoes-dentro-de-suas-familias","status":"publish","type":"post","link":"https:\/\/catolicanet.net\/wp-cnet\/maes-catolicas-rezam-pelas-vocacoes-dentro-de-suas-familias\/","title":{"rendered":"M\u00e3es cat\u00f3licas rezam pelas voca\u00e7\u00f5es dentro de suas fam\u00edlias"},"content":{"rendered":"<p style=\"text-align: justify;\">Um grupo rec\u00e9m-formado de m\u00e3es cat\u00f3licas em Rochester, Nova York, prometeu rezar regularmente pelo florescimento das voca\u00e7\u00f5es dentro de suas pr\u00f3prias fam\u00edlias.<\/p>\n<p style=\"text-align: justify;\">&#8220;Temos que rezar por nossos filhos, por suas voca\u00e7\u00f5es, para que escutem o chamado de Deus, o que est\u00e1 pedindo de cada um deles&#8221;, disse Janene Loughran, uma das organizadoras deste novo grupo de ora\u00e7\u00e3o Mothers of Lu, na Diocese de Rochester.<\/p>\n<p style=\"text-align: justify;\">A ideia foi criada em junho, no piquenique entre fam\u00edlias e seminaristas da Diocese. Pe. Peter Van Lieshout, um dos codiretores de voca\u00e7\u00e3o da Diocese, falou sobre as M\u00e3es de Lu, um grupo de m\u00e3es italianas que, no final do s\u00e9culo XIX, se reuniam regularmente em sua pequena vila e rezavam pelas voca\u00e7\u00f5es sacerdotais que provinham de suas pr\u00f3prias fam\u00edlias.<\/p>\n<p style=\"text-align: justify;\">&#8220;[Pe. Van Lieshout] assinalou \u00e0s fam\u00edlias no piquenique: rezar pelas voca\u00e7\u00f5es em geral \u00e9 bom e precisamos faz\u00ea-lo. [Mas] temos que nos desafiar a fazer mais\u201d, disse Loughran.<\/p>\n<p style=\"text-align: justify;\">V\u00e1rias m\u00e3es refletiram sobre as palavras do sacerdote e sentiram um forte chamado a seguir os passos das M\u00e3es de Lu. \u201cTemos a responsabilidade \u2013 disse Loughran \u2013, h\u00e1 uma escassez de sacerdotes em todos os lugares. Nossa diocese n\u00e3o \u00e9 exce\u00e7\u00e3o, ent\u00e3o o que mais podemos fazer?\u201d.<\/p>\n<p style=\"text-align: justify;\">Essa reflex\u00e3o inicial levou ao desejo de criar seu pr\u00f3prio grupo local de m\u00e3es, rezando pelas voca\u00e7\u00f5es de seus filhos.<\/p>\n<p style=\"text-align: justify;\">Enquanto as M\u00e3es de Lu na It\u00e1lia viviam no mesmo povoado e podiam facilmente se encontrar na igreja local todas as semanas para rezar juntas, as m\u00e3es em Rochester n\u00e3o t\u00eam essa possibilidade. Elas decidiram se reunir uma vez por m\u00eas para venerar e rezar \u00e0s M\u00e3es de Lu, prometendo rezar individualmente a cada semana diante do Sant\u00edssimo Sacramento. Tamb\u00e9m receber\u00e3o a comunh\u00e3o no primeiro domingo de cada m\u00eas, com a inten\u00e7\u00e3o de ter voca\u00e7\u00f5es sacerdotais e religiosas entre seus filhos e filhas.<\/p>\n<p style=\"text-align: justify;\">Shauna Walczak, uma m\u00e3e local que ter\u00e1 seu quinto filho no pr\u00f3ximo ano, ajudou a criar o grupo. Ela mencionou que seguir os passos das M\u00e3es de Lu \u00e9 lindo, porque &#8220;estamos pedindo a Deus e \u00e0 Sant\u00edssima Virgem Maria por uma fam\u00edlia santa onde nossas crian\u00e7as possam ser livres para discernir propriamente suas voca\u00e7\u00f5es\u201d.<\/p>\n<p style=\"text-align: justify;\">Ela mencionou que, al\u00e9m da responsabilidade natural dos pais em ajudar seus filhos a irem para o c\u00e9u, os recentes esc\u00e2ndalos na Igreja destacam a necessidade de incentivar a ora\u00e7\u00e3o e a devo\u00e7\u00e3o \u00e0 Eucaristia no centro das fam\u00edlias e dos lares.<\/p>\n<p style=\"text-align: justify;\">\u201cEssencialmente, rezamos n\u00e3o apenas pelas voca\u00e7\u00f5es de nossos filhos, mas tamb\u00e9m pela sa\u00fade de nossas comunidades atrav\u00e9s do culto e amor \u00e0 Eucaristia\u201d, afirmou.<\/p>\n<p style=\"text-align: justify;\">Loughran e Walczak explicaram que seu objetivo como grupo n\u00e3o \u00e9 desencorajar ou reduzir as voca\u00e7\u00f5es ao matrim\u00f4nio.<\/p>\n<p style=\"text-align: justify;\">&#8220;N\u00f3s somos conscientes de que Deus j\u00e1 tem as suas voca\u00e7\u00f5es determinadas, simplesmente estamos abrindo o caminho com as nossas ora\u00e7\u00f5es para facilitar o discernimento\u201d, disse Walczak. \u201cAjuda-nos como pais a ter cora\u00e7\u00f5es abertos \u00e0 vontade de Deus e o que deseja em suas vidas, e ajuda-nos a nos focarmos em fazer com que nossos lares estejam centrados em Cristo\u201d.<\/p>\n<p style=\"text-align: justify;\">\u201cTodos somos chamados. Todos temos uma voca\u00e7\u00e3o. N\u00f3s s\u00f3 temos que apoiar o que seja e ajudar nossos filhos a reconhecer que eles t\u00eam uma voca\u00e7\u00e3o e o quanto \u00e9 importante para eles escutar Deus\u201d, acrescentou Loughran.<\/p>\n<p style=\"text-align: justify;\">Pe. Van Lieshout disse que, como sacerdote, o grupo de M\u00e3es de Lu o encoraja e edifica.<\/p>\n<p style=\"text-align: justify;\">&#8220;O que eu gosto nessa abordagem \u00e9 que \u00e9 muito mais do que apenas rezar pelas voca\u00e7\u00f5es&#8221;, destacou. \u201cEsperemos que todos os fi\u00e9is cat\u00f3licos rezem para que Cristo conceda \u00e0 sua Igreja um aumento nas voca\u00e7\u00f5es sacerdotais e religiosas. Mas essas mulheres, na verdade, dizem a Nosso Senhor: \u2018Permita que eu e minha fam\u00edlia fa\u00e7amos parte da solu\u00e7\u00e3o, se estiver de acordo com a sua vontade. Mude a mim e a minha fam\u00edlia para que possamos ser generosos ao responder \u00e0s necessidades da Igreja\u201d.<\/p>\n<p style=\"text-align: justify;\">Acrescentou que v\u00ea nas M\u00e3es de Lu uma imagem exata da Sant\u00edssima Virgem Maria.<\/p>\n<p style=\"text-align: justify;\">&#8220;Assim como Cristo, que se encarnou atrav\u00e9s do \u2018Fiat\u2019 de Maria, parece-me que Deus, paralelamente, pode fazer com que as voca\u00e7\u00f5es sacerdotais e religiosas flores\u00e7am atrav\u00e9s das ora\u00e7\u00f5es generosas de uma m\u00e3e&#8221;.<\/p>\n","protected":false},"excerpt":{"rendered":"<p>Um grupo rec\u00e9m-formado de m\u00e3es cat\u00f3licas em Rochester, Nova York, prometeu rezar regularmente pelo florescimento das voca\u00e7\u00f5es dentro de suas pr\u00f3prias fam\u00edlias. &#8220;Temos que rezar por nossos filhos, por suas voca\u00e7\u00f5es, para que escutem o chamado de Deus, o que est\u00e1 pedindo de cada um deles&#8221;, disse Janene Loughran, uma das organizadoras deste novo grupo [&hellip;]<\/p>\n","protected":false},"author":1,"featured_media":54562,"comment_status":"open","ping_status":"closed","sticky":false,"template":"","format":"standard","meta":{"footnotes":""},"categories":[4,13],"tags":[],"class_list":["post-54561","post","type-post","status-publish","format-standard","has-post-thumbnail","hentry","category-cotidiano","category-featured"],"_links":{"self":[{"href":"https:\/\/catolicanet.net\/wp-cnet\/wp-json\/wp\/v2\/posts\/54561","targetHints":{"allow":["GET"]}}],"collection":[{"href":"https:\/\/catolicanet.net\/wp-cnet\/wp-json\/wp\/v2\/posts"}],"about":[{"href":"https:\/\/catolicanet.net\/wp-cnet\/wp-json\/wp\/v2\/types\/post"}],"author":[{"embeddable":true,"href":"https:\/\/catolicanet.net\/wp-cnet\/wp-json\/wp\/v2\/users\/1"}],"replies":[{"embeddable":true,"href":"https:\/\/catolicanet.net\/wp-cnet\/wp-json\/wp\/v2\/comments?post=54561"}],"version-history":[{"count":1,"href":"https:\/\/catolicanet.net\/wp-cnet\/wp-json\/wp\/v2\/posts\/54561\/revisions"}],"predecessor-version":[{"id":54563,"href":"https:\/\/catolicanet.net\/wp-cnet\/wp-json\/wp\/v2\/posts\/54561\/revisions\/54563"}],"wp:featuredmedia":[{"embeddable":true,"href":"https:\/\/catolicanet.net\/wp-cnet\/wp-json\/wp\/v2\/media\/54562"}],"wp:attachment":[{"href":"https:\/\/catolicanet.net\/wp-cnet\/wp-json\/wp\/v2\/media?parent=54561"}],"wp:term":[{"taxonomy":"category","embeddable":true,"href":"https:\/\/catolicanet.net\/wp-cnet\/wp-json\/wp\/v2\/categories?post=54561"},{"taxonomy":"post_tag","embeddable":true,"href":"https:\/\/catolicanet.net\/wp-cnet\/wp-json\/wp\/v2\/tags?post=54561"}],"curies":[{"name":"wp","href":"https:\/\/api.w.org\/{rel}","templated":true}]}}