{"id":54558,"date":"2019-10-09T09:29:04","date_gmt":"2019-10-09T12:29:04","guid":{"rendered":"http:\/\/catolicanet.net\/wp-cnet\/?p=54558"},"modified":"2019-10-09T09:29:04","modified_gmt":"2019-10-09T12:29:04","slug":"papa-aos-brasileiros-cultivem-um-olhar-de-fe-a-quem-e-diferente-da-gente","status":"publish","type":"post","link":"https:\/\/catolicanet.net\/wp-cnet\/papa-aos-brasileiros-cultivem-um-olhar-de-fe-a-quem-e-diferente-da-gente\/","title":{"rendered":"Papa aos brasileiros: cultivem um olhar de f\u00e9 a quem \u00e9 diferente da gente"},"content":{"rendered":"<div class=\"article__subTitle\" style=\"text-align: justify;\">Representantes do Rio Grande do Sul e do Mato Grosso receberam a b\u00ean\u00e7\u00e3o especial do Papa, quando saudou os peregrinos de l\u00edngua portuguesa na manh\u00e3 desta quarta-feira (9), na Pra\u00e7a S\u00e3o Pedro: &#8220;encorajo voc\u00eas a cultivar um olhar de f\u00e9 para com o pr\u00f3ximo, procurando estar junto de todos, inclusive daqueles que s\u00e3o diferentes de n\u00f3s&#8221;, disse Francisco.<\/div>\n<div class=\"title__separator\"><\/div>\n<div class=\"article__text\">\n<p><b>Andressa Collet \u2013 Cidade do Vaticano<\/b><\/p>\n<!--[if lt IE 9]><script>document.createElement('audio');<\/script><![endif]-->\n<audio class=\"wp-audio-shortcode\" id=\"audio-54558-1\" preload=\"none\" style=\"width: 100%;\" controls=\"controls\"><source type=\"audio\/mpeg\" src=\"https:\/\/media.vaticannews.va\/media\/audio\/s1\/2019\/10\/09\/12\/135274178_F135274178.mp3?_=1\" \/><a href=\"https:\/\/media.vaticannews.va\/media\/audio\/s1\/2019\/10\/09\/12\/135274178_F135274178.mp3\">https:\/\/media.vaticannews.va\/media\/audio\/s1\/2019\/10\/09\/12\/135274178_F135274178.mp3<\/a><\/audio>\n<div>\n<div class=\"article__embed article__embed--border embed_style\">\n<blockquote><p>\u201c Sa\u00fado de cora\u00e7\u00e3o todos os peregrinos de l\u00edngua portuguesa, e especial, os fi\u00e9is brasileiros de Navira\u00ed e Erechim. Encorajo voc\u00eas a cultivar um olhar de f\u00e9 para com o pr\u00f3ximo, procurando estar junto de todos, inclusive daqueles que s\u00e3o diferentes de n\u00f3s. Que a Virgem Maria vele o caminho de voc\u00eas e os ajude a ser sinal deste amor sem condi\u00e7\u00f5es no meio dos irm\u00e3os de voc\u00eas. Sobre voc\u00eas e suas fam\u00edlias des\u00e7a a B\u00ean\u00e7\u00e3o de Deus. \u201d<\/p><\/blockquote>\n<\/div>\n<\/div>\n<p style=\"text-align: justify;\">No per\u00edodo em que a cidade de Roma recebe peregrinos de v\u00e1rias partes do mundo, sobretudo dos pa\u00edses da Amaz\u00f4nia em vista do S\u00ednodo dos Bispos dedicado \u00e0quela regi\u00e3o, o Papa Francisco faz um pedido especial para se ter um \u201colhar de f\u00e9\u201d ao pr\u00f3ximo e a quem \u00e9 diferente da gente. A men\u00e7\u00e3o do Pont\u00edfice tamb\u00e9m tocou profundamente os volunt\u00e1rios dos Amigos da Alegria presentes na Audi\u00eancia Geral desta quarta-feira (9).<\/p>\n<h2 style=\"text-align: justify;\">Volunt\u00e1rios que visitam doentes presentes na Audi\u00eancia<\/h2>\n<p style=\"text-align: justify;\">J\u00e1 \u00e9 costume encontrar brasileiros entre os milhares de peregrinos. Hoje, entre as 17 mil pessoas na Pra\u00e7a S\u00e3o Pedro, segundo informa\u00e7\u00f5es da Prefeitura da Casa Pontif\u00edcia, estavam os volunt\u00e1rios brasileiros do Sul do Brasil que fazem parte de um grupo que se veste de palha\u00e7o para levar f\u00e9 e irradiar alegria, coragem e esperan\u00e7a aos pacientes com c\u00e2ncer, internados nos hospitais e institui\u00e7\u00f5es de caridade da cidade. Atrav\u00e9s da m\u00fasica, de atividades l\u00fadicas, do abra\u00e7o, do olhar, da escuta e da palavra de conforto, os Amigos da Alegria fazem visitas mensais em a\u00e7\u00f5es que seguem objetivos humanos e sociais, e procuram amenizar o sofrimento dos doentes e tamb\u00e9m de seus familiares.<\/p>\n<p style=\"text-align: justify;\">O casal Genoci e Marino Regalin, pela primeira vez em Roma, n\u00e3o conseguem dimensionar o significado de ver o Papa Francisco t\u00e3o de pertinho.\u00a0\u201cFoi muito emocionante, j\u00e1 na entrada eu comecei a chorar, at\u00e9 senti a presen\u00e7a dos meus pais que eram muito religiosos\u201d, comentou Genoci. E Marino complementou:\u00a0\u201cmiss\u00e3o cumprida. Tudo de espiritualidade, de emo\u00e7\u00e3o, de alegria e beleza. \u00c9 a primeira vez que a gente vem e parece uma mentira\u201d.<\/p>\n<p>J\u00e1 a volunt\u00e1ria Rosangela Pedott Cornelio falou da import\u00e2ncia de representar o grupo Amigos da Alegria num momento t\u00e3o importante de espiritualidade e para quem mais precisa de ora\u00e7\u00e3o e f\u00e9:<\/p>\n<div>\n<div class=\"article__embed article__embed--border embed_style\">\n<blockquote><p>\u201c Acho que todos os pedidos e todo mundo que, de alguma forma, entrou em contato conosco foram trazidos at\u00e9 aqui e colocados bem juntinho do Papa para que fosse atendidos. Especialmente dos Amigos da Alegria que fazem um trabalho t\u00e3o lindo com as pessoas que necessitam tanto de um apoio, de um carinho e de um conforto. Pois a gente veio com um prop\u00f3sito de trazer todos os pedidos de todas as pessoas que s\u00e3o atendidas pelos Amigos da Alegria. \u201d<\/p><\/blockquote>\n<\/div>\n<\/div>\n<\/div>\n","protected":false},"excerpt":{"rendered":"<p>Representantes do Rio Grande do Sul e do Mato Grosso receberam a b\u00ean\u00e7\u00e3o especial do Papa, quando saudou os peregrinos de l\u00edngua portuguesa na manh\u00e3 desta quarta-feira (9), na Pra\u00e7a S\u00e3o Pedro: &#8220;encorajo voc\u00eas a cultivar um olhar de f\u00e9 para com o pr\u00f3ximo, procurando estar junto de todos, inclusive daqueles que s\u00e3o diferentes de [&hellip;]<\/p>\n","protected":false},"author":1,"featured_media":54559,"comment_status":"open","ping_status":"closed","sticky":false,"template":"","format":"standard","meta":{"footnotes":""},"categories":[13,3],"tags":[],"class_list":["post-54558","post","type-post","status-publish","format-standard","has-post-thumbnail","hentry","category-featured","category-vaticano"],"_links":{"self":[{"href":"https:\/\/catolicanet.net\/wp-cnet\/wp-json\/wp\/v2\/posts\/54558","targetHints":{"allow":["GET"]}}],"collection":[{"href":"https:\/\/catolicanet.net\/wp-cnet\/wp-json\/wp\/v2\/posts"}],"about":[{"href":"https:\/\/catolicanet.net\/wp-cnet\/wp-json\/wp\/v2\/types\/post"}],"author":[{"embeddable":true,"href":"https:\/\/catolicanet.net\/wp-cnet\/wp-json\/wp\/v2\/users\/1"}],"replies":[{"embeddable":true,"href":"https:\/\/catolicanet.net\/wp-cnet\/wp-json\/wp\/v2\/comments?post=54558"}],"version-history":[{"count":1,"href":"https:\/\/catolicanet.net\/wp-cnet\/wp-json\/wp\/v2\/posts\/54558\/revisions"}],"predecessor-version":[{"id":54560,"href":"https:\/\/catolicanet.net\/wp-cnet\/wp-json\/wp\/v2\/posts\/54558\/revisions\/54560"}],"wp:featuredmedia":[{"embeddable":true,"href":"https:\/\/catolicanet.net\/wp-cnet\/wp-json\/wp\/v2\/media\/54559"}],"wp:attachment":[{"href":"https:\/\/catolicanet.net\/wp-cnet\/wp-json\/wp\/v2\/media?parent=54558"}],"wp:term":[{"taxonomy":"category","embeddable":true,"href":"https:\/\/catolicanet.net\/wp-cnet\/wp-json\/wp\/v2\/categories?post=54558"},{"taxonomy":"post_tag","embeddable":true,"href":"https:\/\/catolicanet.net\/wp-cnet\/wp-json\/wp\/v2\/tags?post=54558"}],"curies":[{"name":"wp","href":"https:\/\/api.w.org\/{rel}","templated":true}]}}