{"id":5453,"date":"2014-12-15T03:00:00","date_gmt":"2014-12-15T05:00:00","guid":{"rendered":"http:\/\/catolicanet.net\/wp-cnet\/o-anuncio-do-misterio-da-encarnacao\/"},"modified":"2017-04-07T10:09:49","modified_gmt":"2017-04-07T13:09:49","slug":"o-anuncio-do-misterio-da-encarnacao","status":"publish","type":"post","link":"https:\/\/catolicanet.net\/wp-cnet\/o-anuncio-do-misterio-da-encarnacao\/","title":{"rendered":"O An\u00fancio do Mist\u00e9rio da Encarna\u00e7\u00e3o"},"content":{"rendered":"<p style=\"text-align: justify;\">Aproxima-se o Natal e este quarto domingo do Advento oferece oportunidade para que se reflita sobre a grandeza do mist\u00e9rio da Encarna\u00e7\u00e3o do Verbo de Deus que veio habitar entre os homens. Para esta solen\u00edssima ocasi\u00e3o o Criador se serviu de um dos esp\u00edritos que se acham perto de seu trono, o Arcanjo Gabriel.\u00a0 A ele foi confiado o faustoso an\u00fancio do mist\u00e9rio oculto desde toda a eternidade, o qual nem os anjos conheciam. Ele anunciaria \u00e0 Virgem Imaculada a surpreendente concep\u00e7\u00e3o da Segunda Pessoa da Sant\u00edssima Trindade. De plano, um aspecto significativo anotado por S\u00e3o Lucas: \u201cO anjo Gabriel foi enviado por Deus a uma cidade da Galileia, chamada Nazar\u00e9\u201d (Lc 1,26). Os moradores daquela regi\u00e3o eram pag\u00e3os, exce\u00e7\u00e3o feita a uns poucos israelitas. Na B\u00edblia a Galileia era o pa\u00eds dos gentios, que eram desprezados por serem \u00edmpios e falarem outra l\u00edngua. No entanto era ali, numa de suas cidades, que Cristo deveria ser concebido. Mais tarde Bartolomeu antes de se tornar ap\u00f3stolo, indagar\u00e1 a Filipe que lhe dizia ter encontrado o Messias, Jesus de Nazar\u00e9: \u201cPode vir alguma coisa boa de Nazar\u00e9\u201d?(Jo 1,47) Havia de fato um enorme preconceito contra os galileus. No entanto, tal foi a vontade de Deus que Jesus pertencesse pela sua concep\u00e7\u00e3o \u00e0quela gente. \u00c9 que Ele viera a esta terra n\u00e3o para chamar os justos, mas os pecadores (Mc 2,17). Os habitantes de Jerusal\u00e9m e da Jud\u00e9ia se consideravam justos, enquanto os galileus eram menoscabados. Deus, por\u00e9m, olha \u00e9 para os humildes, os rejeitados, os humilhados e n\u00e3o para os orgulhosos, cheios de fatuidade. A pequena Nazar\u00e9 teve a honra de ser o lugar no qual o Verbo de Deus se encarnou, enquanto a capital, Jerusal\u00e9m o crucificar\u00e1. Na insignificante Bel\u00e9m Jesus nasceria, ao passo que em Jerusal\u00e9m ele morreria no alto de uma Cruz. Como bem observou Santo Andr\u00e9 de Creta, o Todo-Poderoso escolheu Nazar\u00e9 porque quis colher a beleza da virgindade, a rosa perfumada, que era Maria, num pa\u00eds dos espinhos.\u00a0 Ali A Virgem Sant\u00edssima teria a alegria da Anuncia\u00e7\u00e3o, esta alegria que Eva havia perdido l\u00e1 no jardim do \u00c9den. Cumpria-se a profecia de que o Redentor seria chamado nazareno. O Arcanjo Gabriel sa\u00fada Maria como a cheia de gra\u00e7as e, ap\u00f3s o esclarecedor di\u00e1logo com o enviado de Deus, o maravilhoso \u201csim\u201d da Virgem Santa: \u201cFa\u00e7a-se em mim segundo a tua palavra\u201d. Realiza-se ent\u00e3o o maior fato da Hist\u00f3ria: \u201cO Verbo de Deus se fez carne e habitou entre n\u00f3s\u201d. \u00d3 amor imenso de Deus para com os homens e mulheres de todos os tempos! \u00d3 miseric\u00f3rdia sem limites! O Criador desce ao seio de Maria para ser o salvador da humanidade. Ao tomar da Virgem um corpo humano, a Segunda Pessoa da Sant\u00edssima Trindade n\u00e3o se aparta de sua gl\u00f3ria eterna. Alegra-te ent\u00e3o, \u00f3 Maria, cheia de gra\u00e7as, pois tu te tornas digna de todas as honras e de todos os louvores. A maldi\u00e7\u00e3o ed\u00eanica por ti se muda em edito de reden\u00e7\u00e3o! Maria foi, realmente, o templo maravilhoso da gl\u00f3ria celeste, o pal\u00e1cio santificado do Rei eterno. Ela \u00e9, de fato, a bendita entre todas as mulheres. O Profeta Ezequiel a chamara estrela da manh\u00e3 e Davi a montanha santa, a montanha f\u00e9rtil, fecunda na qual Deus quis habitar. Ela foi a escolhida e todas as gera\u00e7\u00f5es cantariam sua magnitude superior a todos os astros celestes. Isto porque, como lhe disse o Arcanjo Gabriel, seu filho seria chamado \u201csanto, Filho de Deus\u201d. Seu reino seria mais glorioso do que o de Davi e o de todos os reis da casa de Jac\u00f3. A Encarna\u00e7\u00e3o do Verbo de Deus por obra do Esp\u00edrito Santo \u00e9 uma realidade que marcaria definitivamente a caminhada do homem nesta terra e, ao longo dos s\u00e9culos seguintes, beatificaria uma multid\u00e3o de homens e mulheres. Esta aventura divina n\u00e3o teve como objetivo sen\u00e3o conduzir a humanidade para a luz e a felicidade eternas. Jesus nascido de Maria veio salvar e remir dos pecados aos se dispusessem a aceit\u00e1-lo e segui-lo. Ele a consolar a finitude humana, ostendando-lhe uma ventura sem fim. Eis porque Ele n\u00e3o cessa de conduzir multid\u00f5es pelos caminhos da convers\u00e3o, para que pela gra\u00e7a, a condi\u00e7\u00e3o de pecadores, enfim libertada das manchas e da morte, chegasse, ap\u00f3s o ex\u00edlio terreno, a uma eternidade venturosa. Diante disto, s\u00f3 resta a express\u00e3o feliz de S\u00e3o Paulo: \u201cQuem\u00a0 poder\u00e1 nos separar do amor de Cristo\u201d? (Rom 8,38-39) Ele\u00a0 nos amou e nos libertou. Nele se cumpriram todas as promessas da Antiga Alian\u00e7a. Ele se fez o \u201cEmanuel, Deus conosco\u201d (Is 7,14). S\u00e3o Paulo assim cantou a vinda do Verbo de Deus: \u201cSegundo a carne, ele nasceu da estirpe de Davi; segundo o Esp\u00edrito que santifica, ele foi estabelecido no seu poder de Filho de Deus\u201d (Rom 1,3-4). Por tudo s\u00f3 resta repetir com o salmista: \u201c\u00d3 Senhor, eu cantarei eternamente o vosso amor\u201d (Sl 88(80)).<\/p>\n<p> <strong>* Professor no Semin\u00e1rio de Mariana durante 40 anos.<\/strong><\/p>\n","protected":false},"excerpt":{"rendered":"<p>Aproxima-se o Natal e este quarto domingo do Advento oferece oportunidade para que se reflita sobre a grandeza do mist\u00e9rio da Encarna\u00e7\u00e3o do Verbo de Deus que veio habitar entre os homens. Para esta solen\u00edssima ocasi\u00e3o o Criador se serviu de um dos esp\u00edritos que se acham perto de seu trono, o Arcanjo Gabriel.\u00a0 A [&hellip;]<\/p>\n","protected":false},"author":7,"featured_media":0,"comment_status":"closed","ping_status":"closed","sticky":false,"template":"","format":"standard","meta":{"footnotes":""},"categories":[9],"tags":[],"class_list":["post-5453","post","type-post","status-publish","format-standard","hentry","category-artigos"],"_links":{"self":[{"href":"https:\/\/catolicanet.net\/wp-cnet\/wp-json\/wp\/v2\/posts\/5453","targetHints":{"allow":["GET"]}}],"collection":[{"href":"https:\/\/catolicanet.net\/wp-cnet\/wp-json\/wp\/v2\/posts"}],"about":[{"href":"https:\/\/catolicanet.net\/wp-cnet\/wp-json\/wp\/v2\/types\/post"}],"author":[{"embeddable":true,"href":"https:\/\/catolicanet.net\/wp-cnet\/wp-json\/wp\/v2\/users\/7"}],"replies":[{"embeddable":true,"href":"https:\/\/catolicanet.net\/wp-cnet\/wp-json\/wp\/v2\/comments?post=5453"}],"version-history":[{"count":1,"href":"https:\/\/catolicanet.net\/wp-cnet\/wp-json\/wp\/v2\/posts\/5453\/revisions"}],"predecessor-version":[{"id":10303,"href":"https:\/\/catolicanet.net\/wp-cnet\/wp-json\/wp\/v2\/posts\/5453\/revisions\/10303"}],"wp:attachment":[{"href":"https:\/\/catolicanet.net\/wp-cnet\/wp-json\/wp\/v2\/media?parent=5453"}],"wp:term":[{"taxonomy":"category","embeddable":true,"href":"https:\/\/catolicanet.net\/wp-cnet\/wp-json\/wp\/v2\/categories?post=5453"},{"taxonomy":"post_tag","embeddable":true,"href":"https:\/\/catolicanet.net\/wp-cnet\/wp-json\/wp\/v2\/tags?post=5453"}],"curies":[{"name":"wp","href":"https:\/\/api.w.org\/{rel}","templated":true}]}}