{"id":54528,"date":"2019-10-08T10:35:28","date_gmt":"2019-10-08T13:35:28","guid":{"rendered":"http:\/\/catolicanet.net\/wp-cnet\/?p=54528"},"modified":"2019-10-08T10:35:28","modified_gmt":"2019-10-08T13:35:28","slug":"oracao-da-madrinha-pelos-afilhados","status":"publish","type":"post","link":"https:\/\/catolicanet.net\/wp-cnet\/oracao-da-madrinha-pelos-afilhados\/","title":{"rendered":"Ora\u00e7\u00e3o da madrinha pelos afilhados"},"content":{"rendered":"<h2 class=\"subtitle\" style=\"text-align: justify;\">Foi Nossa Senhora de La Salette que mostrou a import\u00e2ncia da ora\u00e7\u00e3o das madrinhas pelos afilhados<\/h2>\n<div class=\"base-post-content\" style=\"text-align: justify;\">Ser madrinha \u00e9 uma honra, um presente de Deus. Mas o \u201ccargo\u201d n\u00e3o \u00e9 moleza, como j\u00e1 abordamos aqui na <em>Aleteia<\/em>.<\/div>\n<div>\n<p style=\"text-align: justify;\">A madrinha, na verdade, se torna uma m\u00e3e espiritual da crian\u00e7a. Uma de suas fun\u00e7\u00f5es \u00e9 conduzir o afilhado ou afilhada na jornada religiosa. Outra obriga\u00e7\u00e3o \u00e9 rezar por aqueles a quem os pais lhe confiaram com amor e confian\u00e7a.<\/p>\n<p style=\"text-align: justify;\">Existem in\u00fameras maneiras de rezar por quem a gente ama. Mas escolhemos uma especial, para que a madrinha possa pedir a ajuda de Nossa Senhora de La Salette. Reze agora:<\/p>\n<blockquote><p><em>Salve, \u00f3 Nossa Senhora de La Salette,<\/em><\/p>\n<p><em>Que, sabiamente, nos mostrou a necessidade de rezarmos por nossos afilhados. Interceda por n\u00f3s, madrinhas, junto ao teu Filho Jesus, e ensina-nos a entender nosso papel de instruir os afilhados na f\u00e9 cat\u00f3lica e a desempenhar, com fidelidade, a miss\u00e3o de acompanh\u00e1-los com presen\u00e7a e bons exemplos de testemunho crist\u00e3o, caminhando ao seu lado e construindo uma vida com responsabilidade, alicer\u00e7adas nas palavras de Deus.<\/em><\/p>\n<p><em>M\u00e3e de humildade,<\/em><br \/>\n<em>Que possamos ser puras de cora\u00e7\u00e3o como as crian\u00e7as.<\/em><\/p>\n<p><em>M\u00e3e de obedi\u00eancia,<\/em><br \/>\n<em>Que sejamos sempre obedientes aos ensinamentos de vosso Filho Jesus.<\/em><\/p>\n<p><em>M\u00e3e da unidade,<\/em><br \/>\n<em>Que possamos ser exemplos para nossos afilhados.<\/em><\/p>\n<p><em>\u00d3 Bela Senhora, interceda por nosso servi\u00e7o e nos inspire a sermos cada dia melhores.<\/em><br \/>\n<em>Am\u00e9m!<\/em><\/p><\/blockquote>\n<p>Ora\u00e7\u00e3o retirada do livro \u201c<i>Dindas que oram pelos afilhados\u201d e publicada em\u00a0<a href=\"https:\/\/formacao.cancaonova.com\/espiritualidade\/oracao\/oracao-da-madrinha\/\" target=\"_blank\" rel=\"noopener noreferrer\">Can\u00e7\u00e3o Nova<\/a><\/i><\/p>\n<\/div>\n","protected":false},"excerpt":{"rendered":"<p>Foi Nossa Senhora de La Salette que mostrou a import\u00e2ncia da ora\u00e7\u00e3o das madrinhas pelos afilhados Ser madrinha \u00e9 uma honra, um presente de Deus. Mas o \u201ccargo\u201d n\u00e3o \u00e9 moleza, como j\u00e1 abordamos aqui na Aleteia. A madrinha, na verdade, se torna uma m\u00e3e espiritual da crian\u00e7a. Uma de suas fun\u00e7\u00f5es \u00e9 conduzir o [&hellip;]<\/p>\n","protected":false},"author":1,"featured_media":54529,"comment_status":"open","ping_status":"closed","sticky":false,"template":"","format":"standard","meta":{"footnotes":""},"categories":[4,13],"tags":[],"class_list":["post-54528","post","type-post","status-publish","format-standard","has-post-thumbnail","hentry","category-cotidiano","category-featured"],"_links":{"self":[{"href":"https:\/\/catolicanet.net\/wp-cnet\/wp-json\/wp\/v2\/posts\/54528","targetHints":{"allow":["GET"]}}],"collection":[{"href":"https:\/\/catolicanet.net\/wp-cnet\/wp-json\/wp\/v2\/posts"}],"about":[{"href":"https:\/\/catolicanet.net\/wp-cnet\/wp-json\/wp\/v2\/types\/post"}],"author":[{"embeddable":true,"href":"https:\/\/catolicanet.net\/wp-cnet\/wp-json\/wp\/v2\/users\/1"}],"replies":[{"embeddable":true,"href":"https:\/\/catolicanet.net\/wp-cnet\/wp-json\/wp\/v2\/comments?post=54528"}],"version-history":[{"count":1,"href":"https:\/\/catolicanet.net\/wp-cnet\/wp-json\/wp\/v2\/posts\/54528\/revisions"}],"predecessor-version":[{"id":54530,"href":"https:\/\/catolicanet.net\/wp-cnet\/wp-json\/wp\/v2\/posts\/54528\/revisions\/54530"}],"wp:featuredmedia":[{"embeddable":true,"href":"https:\/\/catolicanet.net\/wp-cnet\/wp-json\/wp\/v2\/media\/54529"}],"wp:attachment":[{"href":"https:\/\/catolicanet.net\/wp-cnet\/wp-json\/wp\/v2\/media?parent=54528"}],"wp:term":[{"taxonomy":"category","embeddable":true,"href":"https:\/\/catolicanet.net\/wp-cnet\/wp-json\/wp\/v2\/categories?post=54528"},{"taxonomy":"post_tag","embeddable":true,"href":"https:\/\/catolicanet.net\/wp-cnet\/wp-json\/wp\/v2\/tags?post=54528"}],"curies":[{"name":"wp","href":"https:\/\/api.w.org\/{rel}","templated":true}]}}