{"id":54522,"date":"2019-10-08T10:26:18","date_gmt":"2019-10-08T13:26:18","guid":{"rendered":"http:\/\/catolicanet.net\/wp-cnet\/?p=54522"},"modified":"2019-10-08T10:26:18","modified_gmt":"2019-10-08T13:26:18","slug":"sinodo-2o-dia-de-trabalhos-a-plenitude-da-lei-e-o-amor","status":"publish","type":"post","link":"https:\/\/catolicanet.net\/wp-cnet\/sinodo-2o-dia-de-trabalhos-a-plenitude-da-lei-e-o-amor\/","title":{"rendered":"S\u00ednodo 2\u00ba dia de trabalhos: a plenitude da lei \u00e9 o amor"},"content":{"rendered":"<h3 class=\"article__subTitle\" style=\"text-align: justify;\">Os trabalhos desta ter\u00e7a-feira (08\/10) tiveram in\u00edcio, na presen\u00e7a do Santo Padre, com a ora\u00e7\u00e3o da Hora M\u00e9dia. A reflex\u00e3o foi proposta pelo arcebispo de Bel\u00e9m do Par\u00e1, Dom Alberto Taveira.<\/h3>\n<div class=\"title__separator\" style=\"text-align: justify;\"><\/div>\n<div class=\"article__text\">\n<p style=\"text-align: justify;\"><b>Silvonei Jos\u00e9 &#8211; Cidade do Vaticano<\/b><\/p>\n<p style=\"text-align: justify;\">Os trabalhos desta ter\u00e7a-feira (08\/10) tiveram in\u00edcio, na presen\u00e7a do Santo Padre, com a ora\u00e7\u00e3o da Hora M\u00e9dia. A reflex\u00e3o foi proposta pelo arcebispo de Bel\u00e9m do Par\u00e1, Dom Alberto Taveira.<\/p>\n<p style=\"text-align: justify;\">Nas suas palavras recordando que o Salmo do Dia reconhece que a plenitude da lei \u00e9 o amor, Dom Alberto Taveira disse \u201cque somos convidados a proclamar que a Palavra do Senhor \u00e9 mais doce do que o mel silvestre abundante em nossas terras, e afirmamos a certeza de que da lei de Deus recebemos a intelig\u00eancia necess\u00e1ria para os trabalhos a serem empreendidos, comprometendo-nos a rejeitar todos os caminhos da mentira\u201d (cf.Sl 118(119).<\/p>\n<p style=\"text-align: justify;\">De forma gratuita, vindo a convite da bondade de Deus, cruzamos as portas para entrar nesta casa \u2013 continuou Dom Alberto -, convocados para o compromisso excluisvo com o Senhor e sua Palavra de Vida e Salva\u00e7\u00e3o. Em n\u00f3s tamb\u00e9m o Povo de Deus na Grande Amaz\u00f4nia adentra por estas portas.<\/p>\n<p style=\"text-align: justify;\">O arcebispo de Bel\u00e9m destaca que \u201ctrazemos conosco a responsabilidade descrita na \u2018Gaudium et Spes\u2019: \u201cAs alegrias e as esperan\u00e7as, as tristezas e as ang\u00fastias dos homens de hoje, sobretudo dos pobres e de todos aqueles que sofrem, s\u00e3o tamb\u00e9m as alegrias e as esperan\u00e7as, as tristezas e as ang\u00fastias dos disc\u00edpulos de Cristo; e n\u00e3o h\u00e1 realidade alguma verdadeiramente humana que n\u00e3o encontre eco no seu cora\u00e7\u00e3o\u201d. Porque a sua comunidade \u00e9 formada por homens que, reunidos em Cristo, s\u00e3o guiados pelo Esp\u00edrito Santo na sua peregrina\u00e7\u00e3o em demanda do reino do Pai, e receberam a mensagem da salva\u00e7\u00e3o para comunic\u00e1-la a todos. Por este motivo, a Igreja sente-se real e intimamente ligada ao g\u00eanero humano e \u00e0 sua hist\u00f3ra (GS 1). N\u00e3o podemos defraudar estas esperan\u00e7as!\u201d<\/p>\n<p style=\"text-align: justify;\">Para os participantes desta Assembleia Sinodal, cruzar estas portas significa o exerc\u00edcio da autoridade e a dignidade &#8211; afirma DomAlberto -, para responder aos anseios de nosso povo por seus direitos e dignidade, j\u00e1 que, pastores escolhidos pela miseric\u00f3rdia de Deus, somos guardi\u00f5es do bem e sentinelas da verdade.<\/p>\n<p style=\"text-align: justify;\">Vivendo num mundo pluralista e diversificado, chamados a conviver com tantas diferen\u00e7as e respeit\u00e1-las, desejamos tomar posse de valores cujas bandeiras pertencem ao Senhor e nos cabe defraud\u00e1-las com vigor. De fato, o Senhor ama a justi\u00e7a e odeia a iniquidade, e de modo especial quem recebeu a un\u00e7\u00e3o para o minist\u00e9rio episcopal h\u00e1 de revestir-se dela.<\/p>\n<p style=\"text-align: justify;\">\u201cRessoe em nossos ouvidos \u00a0&#8211; finalizou o arcebispo de Bel\u00e9m -, em nossos cora\u00e7\u00f5es o clamor de oprimidos, migrantes, orf\u00e3os e vi\u00favas e o sangue de tantos inocentes derramado durante a nossa hist\u00f3ria, dos quais os bispos s\u00e3o chamados a ser defensores, como nos foi pedido no Rito de Ordena\u00e7\u00e3o\u201d.<\/p>\n<p style=\"text-align: justify;\">Neste segundo dia de trabalhos do S\u00ednodo para a Regi\u00e3o Amaz\u00f4nica alguns participantes do\u00a0#SinodoAmazonico\u00a0t\u00eam a oportunidade de se manifestarem sobre a realidade local. Cada interessado em usar a palavra tem 4 minutos para defender o seu ponto de vista, depois de 4 manifesta\u00e7\u00f5es tem uma pausa para medita\u00e7\u00e3o. A\u00a0#sinodalidade\u00a0da Igreja \u00e9 marcada pelo seu significado sem\u00e2ntico: caminhar juntos. Que o Esp\u00edrito Santo ilumine os padres sinodais neste momento importante e rico da nossa Igreja.<\/p>\n<\/div>\n","protected":false},"excerpt":{"rendered":"<p>Os trabalhos desta ter\u00e7a-feira (08\/10) tiveram in\u00edcio, na presen\u00e7a do Santo Padre, com a ora\u00e7\u00e3o da Hora M\u00e9dia. A reflex\u00e3o foi proposta pelo arcebispo de Bel\u00e9m do Par\u00e1, Dom Alberto Taveira. Silvonei Jos\u00e9 &#8211; Cidade do Vaticano Os trabalhos desta ter\u00e7a-feira (08\/10) tiveram in\u00edcio, na presen\u00e7a do Santo Padre, com a ora\u00e7\u00e3o da Hora M\u00e9dia. [&hellip;]<\/p>\n","protected":false},"author":1,"featured_media":54523,"comment_status":"open","ping_status":"closed","sticky":false,"template":"","format":"standard","meta":{"footnotes":""},"categories":[3],"tags":[],"class_list":["post-54522","post","type-post","status-publish","format-standard","has-post-thumbnail","hentry","category-vaticano"],"_links":{"self":[{"href":"https:\/\/catolicanet.net\/wp-cnet\/wp-json\/wp\/v2\/posts\/54522","targetHints":{"allow":["GET"]}}],"collection":[{"href":"https:\/\/catolicanet.net\/wp-cnet\/wp-json\/wp\/v2\/posts"}],"about":[{"href":"https:\/\/catolicanet.net\/wp-cnet\/wp-json\/wp\/v2\/types\/post"}],"author":[{"embeddable":true,"href":"https:\/\/catolicanet.net\/wp-cnet\/wp-json\/wp\/v2\/users\/1"}],"replies":[{"embeddable":true,"href":"https:\/\/catolicanet.net\/wp-cnet\/wp-json\/wp\/v2\/comments?post=54522"}],"version-history":[{"count":1,"href":"https:\/\/catolicanet.net\/wp-cnet\/wp-json\/wp\/v2\/posts\/54522\/revisions"}],"predecessor-version":[{"id":54524,"href":"https:\/\/catolicanet.net\/wp-cnet\/wp-json\/wp\/v2\/posts\/54522\/revisions\/54524"}],"wp:featuredmedia":[{"embeddable":true,"href":"https:\/\/catolicanet.net\/wp-cnet\/wp-json\/wp\/v2\/media\/54523"}],"wp:attachment":[{"href":"https:\/\/catolicanet.net\/wp-cnet\/wp-json\/wp\/v2\/media?parent=54522"}],"wp:term":[{"taxonomy":"category","embeddable":true,"href":"https:\/\/catolicanet.net\/wp-cnet\/wp-json\/wp\/v2\/categories?post=54522"},{"taxonomy":"post_tag","embeddable":true,"href":"https:\/\/catolicanet.net\/wp-cnet\/wp-json\/wp\/v2\/tags?post=54522"}],"curies":[{"name":"wp","href":"https:\/\/api.w.org\/{rel}","templated":true}]}}