{"id":54519,"date":"2019-10-08T10:22:45","date_gmt":"2019-10-08T13:22:45","guid":{"rendered":"http:\/\/catolicanet.net\/wp-cnet\/?p=54519"},"modified":"2019-10-08T10:22:45","modified_gmt":"2019-10-08T13:22:45","slug":"papa-atencao-para-nao-escolher-a-ideologia-no-lugar-da-fe","status":"publish","type":"post","link":"https:\/\/catolicanet.net\/wp-cnet\/papa-atencao-para-nao-escolher-a-ideologia-no-lugar-da-fe\/","title":{"rendered":"Papa: aten\u00e7\u00e3o para n\u00e3o escolher a ideologia no lugar da f\u00e9"},"content":{"rendered":"<h4 style=\"text-align: justify;\">Existe uma maneira de ser crist\u00e3o &#8220;desde que&#8221;, isto \u00e9, somente em determinadas condi\u00e7\u00f5es, que Papa Francisco indica na homilia da missa da manh\u00e3 desta ter\u00e7a-feira (8) na Casa Santa Marta. Falando daqueles crist\u00e3os que julgam tudo, mas partindo &#8220;da pequenez do cora\u00e7\u00e3o deles&#8221;, lembra que o Senhor se aproxima com miseric\u00f3rdia a todas as realidades humanas porque Ele veio para salvar, n\u00e3o para condenar.<\/h4>\n<audio class=\"wp-audio-shortcode\" id=\"audio-54519-1\" preload=\"none\" style=\"width: 100%;\" controls=\"controls\"><source type=\"audio\/mpeg\" src=\"https:\/\/media.vaticannews.va\/media\/audio\/s1\/2019\/10\/08\/12\/135272322_F135272322.mp3?_=1\" \/><a href=\"https:\/\/media.vaticannews.va\/media\/audio\/s1\/2019\/10\/08\/12\/135272322_F135272322.mp3\">https:\/\/media.vaticannews.va\/media\/audio\/s1\/2019\/10\/08\/12\/135272322_F135272322.mp3<\/a><\/audio>\n<p style=\"text-align: justify;\">A primeira leitura da liturgia do dia, extra\u00edda do Livro do profeta Jonas, prossegue a narra\u00e7\u00e3o b\u00edblica iniciada na segunda-feira (7) e que ser\u00e1 conclu\u00edda na quarta (8), em que se descreve a rela\u00e7\u00e3o contradit\u00f3ria entre Deus e o pr\u00f3prio Jonas. O Papa busca o trecho precedente em que se l\u00ea a primeira chamada do Senhor que quer enviar o profeta a N\u00ednive para pregar aquela cidade \u00e0 convers\u00e3o. Mas Jonas tinha desobedecido \u00e0 ordem e se dirigiu para o lado oposto, distante do Senhor, porque aquela tarefa para ele era muito dif\u00edcil.<\/p>\n<p style=\"text-align: justify;\">Depois ele embarcou para T\u00e1rsis e, durante a tempestade provocada pelo Senhor, foi jogado no mar porque se sentia culpado daquele desastre, foi engolido por uma baleia e, ent\u00e3o, ap\u00f3s tr\u00eas dias e tr\u00eas noites, foi novamente jogado na praia. E Jesus, como disse Francisco, \u201cpega essa figura de Jonas no ventre do peixe por tr\u00eas dias como a imagem da pr\u00f3pria Ressurei\u00e7\u00e3o\u201d.<\/p>\n<h2 style=\"text-align: justify;\">Diante da convers\u00e3o, Deus se arrepende<\/h2>\n<p style=\"text-align: justify;\">Na leitura desta ter\u00e7a-feira, a segunda chamada: Deus se dirige de novo a Jonas e, desta vez, Jonas obedece, vai a N\u00ednive e aquelas pessoas acreditam na sua palavra e querem se converter tanto que Deus \u201cse corrige em rela\u00e7\u00e3o ao mal que tinha amea\u00e7ado de fazer a eles e n\u00e3o o faz\u201d.<\/p>\n<p style=\"text-align: justify;\">\u201cO teimoso Jonas, porque essa \u00e9 a hist\u00f3ria de um teimoso, o teimoso Jonas fez bem o pr\u00f3prio trabalho e depois foi embora\u201d, comenta Francisco. Na quarta-feira (9) vamos ver como a hist\u00f3ria vai terminar, isto \u00e9, como Jonas fica irritado com o Senhor porque \u00e9 muito misericordioso e porque cumpre o contr\u00e1rio daquilo que tinha amea\u00e7ado fazer pela boca do pr\u00f3prio profeta. Jonas repreende o Senhor:<\/p>\n<p style=\"text-align: justify;\"><i>Senhor, n\u00e3o era talvez isso que dizia quando eu estava no meu pa\u00eds? Por esse motivo me apressei pra fugir a T\u00e1rsis, porque eu sei que tu \u00e9s um Deus misericordioso e piedoso, vagaroso em irar-se, de grande amor e que se arrepende em rela\u00e7\u00e3o ao mal amea\u00e7ado. Mais ou menos, Senhor, tira-me a vida: eu contigo n\u00e3o quero mais trabalhar porque para mim \u00e9 melhor morrer do que viver\u201d, prossegue o Papa. \u00c9 melhor morrer que\u00a0 continuar esse trabalho de profeta contigo que, ao final, faz o contr\u00e1rio daquilo que me mandou fazer.<\/i><\/p>\n<h2 style=\"text-align: justify;\">A indigna\u00e7\u00e3o de Jonas pela miseric\u00f3rdia do Senhor<\/h2>\n<p style=\"text-align: justify;\">E ele sai da cidade, constr\u00f3i uma cabana e de l\u00e1 espera para ver o que o Senhor far\u00e1. Jonas esperava que Deus destru\u00edsse a cidade. O Senhor ent\u00e3o fez crescer\u00a0 um p\u00e9 de mamona para lhe fazer sombra. Mas logo deixa que um verme roa a raiz da mamona e ela seque. Jonas fica novamente indignado com Deus por aquele p\u00e9 de mamona. \u201cTiveste compaix\u00e3o de uma planta\u201d, diz a ele o Senhor, pela qual n\u00e3o fizeste nenhum esfor\u00e7o,\u00a0 e \u201ceu n\u00e3o deveria ter compaix\u00e3o de uma grande cidade como N\u00ednive?\u201d<\/p>\n<p style=\"text-align: justify;\">Aquele di\u00e1logo entre o Senhor e Jonas \u00e9 entre dois obstinados, observa o Papa:<\/p>\n<p style=\"text-align: justify;\"><i>Jonas, obstinado com suas convic\u00e7\u00f5es de f\u00e9 e o Senhor obstinado em sua miseric\u00f3rdia: ele nunca nos deixa. Bate na porta do cora\u00e7\u00e3o at\u00e9 o fim, est\u00e1 l\u00e1. Jonas, obstinado porque concebia a f\u00e9 com condi\u00e7\u00f5es; Jonas \u00e9 o modelo daqueles crist\u00e3os &#8220;desde que&#8221;, crist\u00e3os com condi\u00e7\u00f5es. &#8220;Eu sou crist\u00e3o, mas desde que as coisas sejam feitas assim&#8221; &#8211; &#8220;N\u00e3o, n\u00e3o, essas mudan\u00e7as n\u00e3o s\u00e3o crist\u00e3s&#8221; &#8211; &#8220;Isso \u00e9 heresia&#8221; &#8211; &#8220;Isso n\u00e3o est\u00e1 certo&#8221; &#8230; Crist\u00e3os que condicionam Deus, que condicionam a f\u00e9 e a a\u00e7\u00e3o de Deus.<\/i><\/p>\n<h2 style=\"text-align: justify;\">Os crist\u00e3os &#8220;desde que&#8221; t\u00eam medo de crescer<\/h2>\n<p style=\"text-align: justify;\">Francisco enfatiza que \u00e9 este &#8220;desde que&#8221; que faz com que tantos crist\u00e3os se fechem &#8220;nas pr\u00f3prias ideias e acabem na ideologia: \u00e9 o mau caminho da f\u00e9 para a ideologia&#8221;. &#8220;E hoje existem tantos assim&#8221; &#8211;\u00a0 prossegue o Papa &#8211; e esses crist\u00e3os t\u00eam medo: &#8220;de crescer, dos desafios da vida, dos desafios do Senhor, dos desafios da hist\u00f3ria&#8221;, apegados \u00a0&#8220;\u00e0s suas convic\u00e7\u00f5es, \u00e0s suas primeiras convic\u00e7\u00f5es, \u00e0s suas pr\u00f3prias ideologias\u201d.<\/p>\n<p style=\"text-align: justify;\">S\u00e3o os crist\u00e3os que \u2013 afirma ainda o Pont\u00edfice &#8211; \u00a0&#8220;preferem a ideologia \u00e0 f\u00e9&#8221; e se afastam da comunidade&#8221;, t\u00eam medo de se colocar nas m\u00e3os de Deus e preferem julgar tudo, mas a partir da pequenez do pr\u00f3prio cora\u00e7\u00e3o&#8221;. E conclui:<\/p>\n<p style=\"text-align: justify;\"><i>As duas figuras da Igreja, hoje: a Igreja daqueles ide\u00f3logos que se escondem em suas pr\u00f3prias ideologias, ali, e a Igreja que mostra o Senhor que se aproxima de todas as realidades, que n\u00e3o sente repugn\u00e2ncia: as coisas n\u00e3o causam repugn\u00e2ncia ao \u00a0Senhor , os nossos pecados n\u00e3o lhe s\u00e3o repugnantes. Ele se aproxima para acariciar os leprosos, os doentes. Porque Ele veio para curar, veio para salvar, n\u00e3o para condenar.<\/i><\/p>\n","protected":false},"excerpt":{"rendered":"<p>Existe uma maneira de ser crist\u00e3o &#8220;desde que&#8221;, isto \u00e9, somente em determinadas condi\u00e7\u00f5es, que Papa Francisco indica na homilia da missa da manh\u00e3 desta ter\u00e7a-feira (8) na Casa Santa Marta. Falando daqueles crist\u00e3os que julgam tudo, mas partindo &#8220;da pequenez do cora\u00e7\u00e3o deles&#8221;, lembra que o Senhor se aproxima com miseric\u00f3rdia a todas as [&hellip;]<\/p>\n","protected":false},"author":1,"featured_media":54520,"comment_status":"open","ping_status":"closed","sticky":false,"template":"","format":"standard","meta":{"footnotes":""},"categories":[13,3],"tags":[],"class_list":["post-54519","post","type-post","status-publish","format-standard","has-post-thumbnail","hentry","category-featured","category-vaticano"],"_links":{"self":[{"href":"https:\/\/catolicanet.net\/wp-cnet\/wp-json\/wp\/v2\/posts\/54519","targetHints":{"allow":["GET"]}}],"collection":[{"href":"https:\/\/catolicanet.net\/wp-cnet\/wp-json\/wp\/v2\/posts"}],"about":[{"href":"https:\/\/catolicanet.net\/wp-cnet\/wp-json\/wp\/v2\/types\/post"}],"author":[{"embeddable":true,"href":"https:\/\/catolicanet.net\/wp-cnet\/wp-json\/wp\/v2\/users\/1"}],"replies":[{"embeddable":true,"href":"https:\/\/catolicanet.net\/wp-cnet\/wp-json\/wp\/v2\/comments?post=54519"}],"version-history":[{"count":1,"href":"https:\/\/catolicanet.net\/wp-cnet\/wp-json\/wp\/v2\/posts\/54519\/revisions"}],"predecessor-version":[{"id":54521,"href":"https:\/\/catolicanet.net\/wp-cnet\/wp-json\/wp\/v2\/posts\/54519\/revisions\/54521"}],"wp:featuredmedia":[{"embeddable":true,"href":"https:\/\/catolicanet.net\/wp-cnet\/wp-json\/wp\/v2\/media\/54520"}],"wp:attachment":[{"href":"https:\/\/catolicanet.net\/wp-cnet\/wp-json\/wp\/v2\/media?parent=54519"}],"wp:term":[{"taxonomy":"category","embeddable":true,"href":"https:\/\/catolicanet.net\/wp-cnet\/wp-json\/wp\/v2\/categories?post=54519"},{"taxonomy":"post_tag","embeddable":true,"href":"https:\/\/catolicanet.net\/wp-cnet\/wp-json\/wp\/v2\/tags?post=54519"}],"curies":[{"name":"wp","href":"https:\/\/api.w.org\/{rel}","templated":true}]}}