{"id":5449,"date":"2014-12-12T18:35:21","date_gmt":"2014-12-12T20:35:21","guid":{"rendered":"http:\/\/catolicanet.net\/wp-cnet\/mensagem-do-papa-a-conferencia-internacional-sobre-o-clima\/"},"modified":"2017-04-07T10:06:34","modified_gmt":"2017-04-07T13:06:34","slug":"mensagem-do-papa-a-conferencia-internacional-sobre-o-clima","status":"publish","type":"post","link":"https:\/\/catolicanet.net\/wp-cnet\/mensagem-do-papa-a-conferencia-internacional-sobre-o-clima\/","title":{"rendered":"Mensagem do Papa \u00e0 Confer\u00eancia Internacional sobre o clima"},"content":{"rendered":"<p style=\"text-align: justify;\"><img decoding=\"async\" src=\"http:\/\/catolicanet.com.br\/images\/stories\/geral\/clima.jpg\" border=\"0\" align=\"left\" \/>O Papa Francisco enviou uma mensagem \u00e0 20.\u00aa Confer\u00eancia sobre o Clima (COP20), que termina hoje, dia 12, em Lima no Peru, advertindo os l\u00edderes mundiais que o tempo para enfrentar as mudan\u00e7as clim\u00e1ticas est\u00e1 a \u201cesgotar-se\u201d.<\/p>\n<p>Num texto endere\u00e7ado ao Ministro do Ambiente do Peru, Manuel Pulga Vidal, presidente desta confer\u00eancia da ONU, o Papa Francisco afirma que \u201cas consequ\u00eancias das altera\u00e7\u00f5es clim\u00e1ticas, que j\u00e1 se sentem de forma dram\u00e1tica em muitos pa\u00edses, sobretudo nos Estados insulares do Pac\u00edfico, lembram-nos da gravidade da inc\u00faria e da ina\u00e7\u00e3o: o tempo para encontrar solu\u00e7\u00f5es globais est\u00e1 a esgotar-se\u201d \u2013 declara o Santo Padre.<\/p>\n<p>A cimeira COP 20 sobre altera\u00e7\u00f5es clim\u00e1ticas tem como objetivo abrir caminho a um acordo global para a redu\u00e7\u00e3o de emiss\u00f5es de CO2. \u201cApenas podemos encontrar solu\u00e7\u00f5es adequadas se atuarmos juntos e de forma harm\u00f3nica \u2013 escreve o Santo Padre.<\/p>\n<p>O Papa Francisco na sua mensagem recorda aos l\u00edderes mundiais que as suas decis\u00f5es v\u00e3o afetar \u201ctoda a humanidade, em particular os mais pobres, e as gera\u00e7\u00f5es futuras\u201d. \u201cTrata-se de uma grave responsabilidade \u00e9tica e moral\u201d \u2013 adverte o Santo Padre.<\/p>\n<p>A mensagem pede uma \u201cluta eficaz\u201d contra o aquecimento global atrav\u00e9s de uma resposta que \u201csupere interesses e comportamentos particulares\u201d, decorrendo sem \u201cpress\u00f5es pol\u00edticas e econ\u00f3micas\u201d.<\/p>\n<p>O Papa Francisco afirma que a resposta coletiva deve ser tamb\u00e9m \u201ccapaz de superar atitudes de desconfian\u00e7a e de promover uma cultura da solidariedade, do encontro e do di\u00e1logo\u201d.<\/p>\n<p>Recordemos que a redu\u00e7\u00e3o de emiss\u00f5es de CO2 vai estar em grande destaque na Confer\u00eancia de Paris que se realizar\u00e1 em 2015.<\/p>\n<p style=\"text-align: justify;\">Fonte: R\u00e1dio Vaticano<\/p>\n","protected":false},"excerpt":{"rendered":"<p>O Papa Francisco enviou uma mensagem \u00e0 20.\u00aa Confer\u00eancia sobre o Clima (COP20), que termina hoje, dia 12, em Lima no Peru, advertindo os l\u00edderes mundiais que o tempo para enfrentar as mudan\u00e7as clim\u00e1ticas est\u00e1 a \u201cesgotar-se\u201d. Num texto endere\u00e7ado ao Ministro do Ambiente do Peru, Manuel Pulga Vidal, presidente desta confer\u00eancia da ONU, o [&hellip;]<\/p>\n","protected":false},"author":1,"featured_media":0,"comment_status":"closed","ping_status":"closed","sticky":false,"template":"","format":"standard","meta":{"footnotes":""},"categories":[3],"tags":[],"class_list":["post-5449","post","type-post","status-publish","format-standard","hentry","category-vaticano"],"_links":{"self":[{"href":"https:\/\/catolicanet.net\/wp-cnet\/wp-json\/wp\/v2\/posts\/5449","targetHints":{"allow":["GET"]}}],"collection":[{"href":"https:\/\/catolicanet.net\/wp-cnet\/wp-json\/wp\/v2\/posts"}],"about":[{"href":"https:\/\/catolicanet.net\/wp-cnet\/wp-json\/wp\/v2\/types\/post"}],"author":[{"embeddable":true,"href":"https:\/\/catolicanet.net\/wp-cnet\/wp-json\/wp\/v2\/users\/1"}],"replies":[{"embeddable":true,"href":"https:\/\/catolicanet.net\/wp-cnet\/wp-json\/wp\/v2\/comments?post=5449"}],"version-history":[{"count":1,"href":"https:\/\/catolicanet.net\/wp-cnet\/wp-json\/wp\/v2\/posts\/5449\/revisions"}],"predecessor-version":[{"id":10298,"href":"https:\/\/catolicanet.net\/wp-cnet\/wp-json\/wp\/v2\/posts\/5449\/revisions\/10298"}],"wp:attachment":[{"href":"https:\/\/catolicanet.net\/wp-cnet\/wp-json\/wp\/v2\/media?parent=5449"}],"wp:term":[{"taxonomy":"category","embeddable":true,"href":"https:\/\/catolicanet.net\/wp-cnet\/wp-json\/wp\/v2\/categories?post=5449"},{"taxonomy":"post_tag","embeddable":true,"href":"https:\/\/catolicanet.net\/wp-cnet\/wp-json\/wp\/v2\/tags?post=5449"}],"curies":[{"name":"wp","href":"https:\/\/api.w.org\/{rel}","templated":true}]}}