{"id":54482,"date":"2019-10-07T10:25:28","date_gmt":"2019-10-07T13:25:28","guid":{"rendered":"http:\/\/catolicanet.net\/wp-cnet\/?p=54482"},"modified":"2019-10-07T10:25:28","modified_gmt":"2019-10-07T13:25:28","slug":"cnbb-oferece-as-comunidades-texto-base-da-campanha-da-fraternidade-2020","status":"publish","type":"post","link":"https:\/\/catolicanet.net\/wp-cnet\/cnbb-oferece-as-comunidades-texto-base-da-campanha-da-fraternidade-2020\/","title":{"rendered":"CNBB oferece \u00e0s comunidades texto-base da Campanha da Fraternidade 2020"},"content":{"rendered":"<p style=\"text-align: justify;\">A Campanha da Fraternidade \u00e9 o modo com o qual a Igreja no Brasil vivencia a Quaresma. H\u00e1 mais de cinco d\u00e9cadas, ela anuncia a import\u00e2ncia de n\u00e3o se separar convers\u00e3o e servi\u00e7o \u00e0 sociedade e ao planeta. A cada ano, um tema \u00e9 destacado, assim, a Campanha da Fraternidade j\u00e1 refletiu sobre realidades muito pr\u00f3ximas dos brasileiros: fam\u00edlia, pol\u00edticas p\u00fablicas, sa\u00fade, trabalho, educa\u00e7\u00e3o, moradia e viol\u00eancia, entre outros enfoques.<\/p>\n<p style=\"text-align: justify;\">Em 2020, a CF convida, por meio de seu texto-base, a olhar de modo mais atento e detalhado para a vida. Com o tema \u201cFraternidade e Vida: Dom e Compromisso\u201d e lema \u201cViu, sentiu compaix\u00e3o e cuidou dele\u201d (Lc 10,33-34), busca conscientizar, \u00e0 luz da palavra de Deus, para o sentido da vida como dom e compromisso, que se traduz em rela\u00e7\u00f5es de m\u00fatuo cuidado entre as pessoas, na fam\u00edlia, na comunidade, na sociedade e no planeta, casa comum.\u00a0 <a href=\"http:\/\/www.cnbb.org.br\/?attachment_id=226639\"><img loading=\"lazy\" decoding=\"async\" class=\"size-medium wp-image-226639 alignright\" src=\"http:\/\/www.cnbb.org.br\/wp-content\/uploads\/sites\/32\/2019\/10\/Sem-t\u00edtulo-1-298x300.jpg\" srcset=\"http:\/\/www.cnbb.org.br\/wp-content\/uploads\/sites\/32\/2019\/10\/Sem-t\u00edtulo-1-298x300.jpg 298w, http:\/\/www.cnbb.org.br\/wp-content\/uploads\/sites\/32\/2019\/10\/Sem-t\u00edtulo-1-150x150.jpg 150w, http:\/\/www.cnbb.org.br\/wp-content\/uploads\/sites\/32\/2019\/10\/Sem-t\u00edtulo-1.jpg 387w\" alt=\"\" width=\"298\" height=\"300\" \/><\/a><\/p>\n<p style=\"text-align: justify;\">Lan\u00e7ado pela editora da Confer\u00eancia Nacional dos Bispos do Brasil (CNBB), a Edi\u00e7\u00f5es CNBB, o texto-base convida a um olhar que se eleva para Deus, no mais profundo esp\u00edrito quaresmal, e volta-se tamb\u00e9m para os irm\u00e3os e irm\u00e3s, identificando a cria\u00e7\u00e3o como presente amoroso do Pai. No texto, a presid\u00eancia da CNBB afirma que a Campanha ser\u00e1 uma motiva\u00e7\u00e3o para olhar transversalmente as diversas realidades, interpelando a todos ao respeito do sentido que, na pr\u00e1tica, se atribui \u00e0 vida, nas suas diversas dimens\u00f5es: pessoal, comunit\u00e1ria, social e ecol\u00f3gica.<\/p>\n<p style=\"text-align: justify;\">\u201cN\u00e3o se pode viver a vida passando ao largo das dores dos irm\u00e3os e irm\u00e3s\u201d, diz um trecho do texto base. <strong>Ver<\/strong>, <strong>sentir,<\/strong> <strong>compaix\u00e3o <\/strong>e <strong>cuidar <\/strong>s\u00e3o os verbos de a\u00e7\u00e3o que ir\u00e3o conduzir este tempo quaresmal. Para isso, o texto-base que \u00e9 dividido em tr\u00eas partes, convida que cada pessoa, cada grupo pastoral, movimento, associa\u00e7\u00e3o, Igreja Particular e o Brasil inteiro, motivados pela Campanha da Fraternidade, possam ver fortalecida a revolu\u00e7\u00e3o do cuidado, do zelo, da preocupa\u00e7\u00e3o m\u00fatua e, portanto, da fraternidade.<\/p>\n<p style=\"text-align: justify;\">O subs\u00eddio, dispon\u00edvel para compra no site da editora, al\u00e9m de oferecer um panorama completo, com todo o referencial para que se possa viver, difundir e praticar os preceitos dessa edi\u00e7\u00e3o da CF, traz a letra do hino oficial, a ora\u00e7\u00e3o e o conceito da arte do cartaz. Tamb\u00e9m apresenta dados e orienta\u00e7\u00f5es sobre o Fundo Nacional de Solidariedade e o resultado integral das coletas realizadas nas celebra\u00e7\u00f5es do Domingo de Ramos, coleta da solidariedade.<\/p>\n","protected":false},"excerpt":{"rendered":"<p>A Campanha da Fraternidade \u00e9 o modo com o qual a Igreja no Brasil vivencia a Quaresma. H\u00e1 mais de cinco d\u00e9cadas, ela anuncia a import\u00e2ncia de n\u00e3o se separar convers\u00e3o e servi\u00e7o \u00e0 sociedade e ao planeta. A cada ano, um tema \u00e9 destacado, assim, a Campanha da Fraternidade j\u00e1 refletiu sobre realidades muito [&hellip;]<\/p>\n","protected":false},"author":1,"featured_media":54483,"comment_status":"open","ping_status":"closed","sticky":false,"template":"","format":"standard","meta":{"footnotes":""},"categories":[7],"tags":[],"class_list":["post-54482","post","type-post","status-publish","format-standard","has-post-thumbnail","hentry","category-cnbb"],"_links":{"self":[{"href":"https:\/\/catolicanet.net\/wp-cnet\/wp-json\/wp\/v2\/posts\/54482","targetHints":{"allow":["GET"]}}],"collection":[{"href":"https:\/\/catolicanet.net\/wp-cnet\/wp-json\/wp\/v2\/posts"}],"about":[{"href":"https:\/\/catolicanet.net\/wp-cnet\/wp-json\/wp\/v2\/types\/post"}],"author":[{"embeddable":true,"href":"https:\/\/catolicanet.net\/wp-cnet\/wp-json\/wp\/v2\/users\/1"}],"replies":[{"embeddable":true,"href":"https:\/\/catolicanet.net\/wp-cnet\/wp-json\/wp\/v2\/comments?post=54482"}],"version-history":[{"count":1,"href":"https:\/\/catolicanet.net\/wp-cnet\/wp-json\/wp\/v2\/posts\/54482\/revisions"}],"predecessor-version":[{"id":54484,"href":"https:\/\/catolicanet.net\/wp-cnet\/wp-json\/wp\/v2\/posts\/54482\/revisions\/54484"}],"wp:featuredmedia":[{"embeddable":true,"href":"https:\/\/catolicanet.net\/wp-cnet\/wp-json\/wp\/v2\/media\/54483"}],"wp:attachment":[{"href":"https:\/\/catolicanet.net\/wp-cnet\/wp-json\/wp\/v2\/media?parent=54482"}],"wp:term":[{"taxonomy":"category","embeddable":true,"href":"https:\/\/catolicanet.net\/wp-cnet\/wp-json\/wp\/v2\/categories?post=54482"},{"taxonomy":"post_tag","embeddable":true,"href":"https:\/\/catolicanet.net\/wp-cnet\/wp-json\/wp\/v2\/tags?post=54482"}],"curies":[{"name":"wp","href":"https:\/\/api.w.org\/{rel}","templated":true}]}}