{"id":54480,"date":"2019-10-07T10:22:21","date_gmt":"2019-10-07T13:22:21","guid":{"rendered":"http:\/\/catolicanet.net\/wp-cnet\/?p=54480"},"modified":"2019-10-07T10:22:21","modified_gmt":"2019-10-07T13:22:21","slug":"curados-das-lepras-bendizemos-ao-senhor","status":"publish","type":"post","link":"https:\/\/catolicanet.net\/wp-cnet\/curados-das-lepras-bendizemos-ao-senhor\/","title":{"rendered":"Curados das lepras, bendizemos ao Senhor!"},"content":{"rendered":"<p style=\"text-align: justify;\">A liturgia deste \u00a028\u00ba domingo do Tempo Comum mostra-nos, com exemplos concretos, como Deus tem um projeto de salva\u00e7\u00e3o para oferecer a todos os homens, sem excep\u00e7\u00e3o; reconhecer o dom de Deus, acolh\u00ea-lo com amor e gratid\u00e3o, \u00e9 a condi\u00e7\u00e3o para vencer a aliena\u00e7\u00e3o, o sofrimento, o afastamento de Deus e dos irm\u00e3os e chegar \u00e0 vida plena. Jesus Cristo, o mission\u00e1rio do Pai, manifesta sua compaix\u00e3o para com os que sofrem e vivem nas periferias. Nosso Senhor Jesus Cristo acolhe os leprosos e lhes concede a gra\u00e7a da cura e os envia em miss\u00e3o.<\/p>\n<p style=\"text-align: justify;\">A primeira leitura(Cf. 2Rs 5,14-17) apresenta-nos a hist\u00f3ria de um leproso (o s\u00edrio Naam\u00e3). O epis\u00f3dio revela que s\u00f3 Deus oferece ao homem a vida e a salva\u00e7\u00e3o, sem limites nem excep\u00e7\u00f5es; ao homem resta acolher o dom de Deus, reconhec\u00ea-l&#8217;O como o \u00fanico salvador e manifestar-Lhe gratid\u00e3o.<\/p>\n<p style=\"text-align: justify;\">O Evangelho(Cf. Lc 17,11-19) apresenta-nos um grupo de leprosos que se encontram com Jesus e que atrav\u00e9s de Jesus descobrem a miseric\u00f3rdia e o amor de Deus. Eles representam toda a humanidade, envolvida pela mis\u00e9ria e pelo sofrimento, sobre quem Deus derrama a sua bondade, o seu amor, a sua salva\u00e7\u00e3o. Tamb\u00e9m aqui se chama a aten\u00e7\u00e3o para a resposta do homem ao dom de Deus: todos os que experimentam a salva\u00e7\u00e3o que Deus oferece devem reconhecer o dom, acolh\u00ea-lo e manifestar a Deus a sua gratid\u00e3o.<\/p>\n<p style=\"text-align: justify;\">Jesus ficou admirado no final do Evangelho de hoje: para muitos em nosso tempo \u2013 a maioria talvez \u2013 a li\u00e7\u00e3o \u00e9 bem dif\u00edcil. Todos n\u00f3s apresentamos, insistentemente, nossas \u201clepras\u201d a Jesus: s\u00e3o as situa\u00e7\u00f5es dif\u00edceis na fam\u00edlia, no trabalho ou algum v\u00edcio no cora\u00e7\u00e3o, etc -, mas quando nos vemos curados, muitas vezes sequer agradecemos a Deus, ou, se o fazemos, \u00e9 mais \u201cda boca para fora\u201d do que uma convers\u00e3o real de nossa vida. Ou seja, a nossa maior \u201clepra\u201d \u00e9 essa ingratid\u00e3o, \u00e9 essa n\u00e3o a\u00e7\u00e3o de gra\u00e7as, que \u00e9 o verdadeiro oposto da Eucaristia que participamos a cada domingo.<\/p>\n<p style=\"text-align: justify;\">A segunda leitura(Cf. 2Tm 2,8-13) define a exist\u00eancia crist\u00e3 como identifica\u00e7\u00e3o com Cristo. Quem acolhe o dom de Deus torna-se disc\u00edpulo: identifica-se com Cristo, vive no amor e na entrega aos irm\u00e3os e chega \u00e0 vida nova da ressurrei\u00e7\u00e3o. A cada domingo, somos chamados a celebrar a Santa Missa, a a\u00e7\u00e3o de gra\u00e7as pela salva\u00e7\u00e3o que nos vem da Ressurrei\u00e7\u00e3o de Jesus. Pois, como relata S\u00e3o Paulo a Tim\u00f3teo, \u00e9 somente com nossos atos \u2013 morrendo e sofrendo com Cristo \u2013 que podemos verdadeiramente record\u00e1-Lo, sem neg\u00e1-Lo ou ser-Lhe infi\u00e9is. Assim se comportou Naam\u00e3: vendo-se curado da lepra quis dar a\u00e7\u00e3o de gra\u00e7as a Deus a vida toda, convertendo-se ao \u00fanico Deus verdadeiro(Cf. 2Rs 5,17).<\/p>\n<p style=\"text-align: justify;\">A grande li\u00e7\u00e3o da liturgia hodierna \u00e9 a humildade. Que Deus nos conceda a humildade de confessarmos nossas \u201clepras\u201d, de acolher a sua cura e de levarmos, ent\u00e3o, uma vida transfigurada em Cristo. \u00c9 significativo observarmos em cada ato de nossa vida, que n\u00e3o \u00e9 Deus que nos d\u00e1 as doen\u00e7as, os problemas e tantas outras coisas que nos afligem durante a nossa caminhada na terra. Deus s\u00f3 quer o nosso bem; Ele nos criou\u00a0para sermos\u00a0infinitamente felizes. N\u00f3s \u00e9 que criamos ou outros nos criam tudo aquilo que nos afligem. Deus \u00e9 Amor e o Amor \u00e9 a ess\u00eancia do bem e, portanto, jamais\u00a0comungar\u00e1 com a maldade, com o erro, com a desgra\u00e7a, com o castigo ou qualquer ato que contradiga as suas qualidades. Que sejamos agradecidos por todos os benef\u00edcios que Deus nos concede! Am\u00e9m!<\/p>\n","protected":false},"excerpt":{"rendered":"<p>A liturgia deste \u00a028\u00ba domingo do Tempo Comum mostra-nos, com exemplos concretos, como Deus tem um projeto de salva\u00e7\u00e3o para oferecer a todos os homens, sem excep\u00e7\u00e3o; reconhecer o dom de Deus, acolh\u00ea-lo com amor e gratid\u00e3o, \u00e9 a condi\u00e7\u00e3o para vencer a aliena\u00e7\u00e3o, o sofrimento, o afastamento de Deus e dos irm\u00e3os e chegar [&hellip;]<\/p>\n","protected":false},"author":10,"featured_media":32785,"comment_status":"open","ping_status":"closed","sticky":false,"template":"","format":"standard","meta":{"footnotes":""},"categories":[9],"tags":[],"class_list":["post-54480","post","type-post","status-publish","format-standard","has-post-thumbnail","hentry","category-artigos"],"_links":{"self":[{"href":"https:\/\/catolicanet.net\/wp-cnet\/wp-json\/wp\/v2\/posts\/54480","targetHints":{"allow":["GET"]}}],"collection":[{"href":"https:\/\/catolicanet.net\/wp-cnet\/wp-json\/wp\/v2\/posts"}],"about":[{"href":"https:\/\/catolicanet.net\/wp-cnet\/wp-json\/wp\/v2\/types\/post"}],"author":[{"embeddable":true,"href":"https:\/\/catolicanet.net\/wp-cnet\/wp-json\/wp\/v2\/users\/10"}],"replies":[{"embeddable":true,"href":"https:\/\/catolicanet.net\/wp-cnet\/wp-json\/wp\/v2\/comments?post=54480"}],"version-history":[{"count":1,"href":"https:\/\/catolicanet.net\/wp-cnet\/wp-json\/wp\/v2\/posts\/54480\/revisions"}],"predecessor-version":[{"id":54481,"href":"https:\/\/catolicanet.net\/wp-cnet\/wp-json\/wp\/v2\/posts\/54480\/revisions\/54481"}],"wp:featuredmedia":[{"embeddable":true,"href":"https:\/\/catolicanet.net\/wp-cnet\/wp-json\/wp\/v2\/media\/32785"}],"wp:attachment":[{"href":"https:\/\/catolicanet.net\/wp-cnet\/wp-json\/wp\/v2\/media?parent=54480"}],"wp:term":[{"taxonomy":"category","embeddable":true,"href":"https:\/\/catolicanet.net\/wp-cnet\/wp-json\/wp\/v2\/categories?post=54480"},{"taxonomy":"post_tag","embeddable":true,"href":"https:\/\/catolicanet.net\/wp-cnet\/wp-json\/wp\/v2\/tags?post=54480"}],"curies":[{"name":"wp","href":"https:\/\/api.w.org\/{rel}","templated":true}]}}