{"id":54476,"date":"2019-10-07T10:16:32","date_gmt":"2019-10-07T13:16:32","guid":{"rendered":"http:\/\/catolicanet.net\/wp-cnet\/?p=54476"},"modified":"2019-10-07T10:16:32","modified_gmt":"2019-10-07T13:16:32","slug":"missao-e-partir-ate-aos-confins-do-mundo","status":"publish","type":"post","link":"https:\/\/catolicanet.net\/wp-cnet\/missao-e-partir-ate-aos-confins-do-mundo\/","title":{"rendered":"Miss\u00e3o \u00e9 partir at\u00e9 aos confins do mundo"},"content":{"rendered":"<p>Para renovar o ardor mission\u00e1rio, num despertar e reavivar da f\u00e9 e da consci\u00eancia batismal do povo de Deus, no que diz respeito \u00e0 miss\u00e3o da Igreja, o Papa Francisco convoca todos para o M\u00eas Mission\u00e1rio Extraordin\u00e1rio, neste m\u00eas de outubro de 2019, com o tema: \u201cBatizados e enviados: a Igreja de Cristo em miss\u00e3o no mundo\u201d. Ele interpela que somos todos convidados a reavivar o dom da f\u00e9 dos crist\u00e3os e, ao mesmo tempo, abrir nossos cora\u00e7\u00f5es \u00e0 miss\u00e3o da Igreja, inspirados no mandato de Nosso Senhor Jesus Cristo: \u201cIde pelo mundo inteiro e anunciai o Evangelho a toda criatura\u201d (Mc 16, 15).<\/p>\n<p>Deus convida a n\u00e3o nos desanimarmos, numa renovada confian\u00e7a, mesmo nas ang\u00fastias e situa\u00e7\u00f5es dif\u00edceis da vida. O Sacramento do Batismo, por n\u00f3s recebido, quer significar for\u00e7a (\u00e2nimo, vigor) no reconhecimento da f\u00e9 verdadeira, numa vida com as chamas da esperan\u00e7a, levando-nos a alcan\u00e7ar o que \u00e9 imposs\u00edvel, n\u00e3o com as nossas pr\u00f3prias for\u00e7as, mas na complac\u00eancia divina, destruindo e eliminando o mal na face da terra. Nossa disposi\u00e7\u00e3o \u00e9 a de unirmo-nos a Jesus de Nazar\u00e9, no poder de sua gra\u00e7a e na for\u00e7a de sua palavra, buscando alcan\u00e7ar sempre mais a humildade, pela vontade de Deus, no servi\u00e7o dadivoso, e sermos enviados para, com Cristo, instaurar o Reino de Deus, que nunca ter\u00e1 fim.<\/p>\n<p>O santo maior deste m\u00eas, Francisco de Assis, no seu casamento com a senhora pobreza, contou com a clem\u00eancia e a indulg\u00eancia daquele que o considerava sua heran\u00e7a e sua ta\u00e7a. Ao vencer a repulsa que sentiu quando viu o leproso, no gesto de beij\u00e1-lo, a partir desse momento, se tornou duradouro o prop\u00f3sito de atender a todos os enfermos que doravante os encontrasse. Esta \u00e9 a Igreja em sa\u00edda, que mais e mais quer ser inclusiva, no desejo do Papa Francisco. Que ela, magnanimamente, saiba acolher a feliz convoca\u00e7\u00e3o do M\u00eas Mission\u00e1rio Extraordin\u00e1rio do Augusto Pont\u00edfice.<\/p>\n<p>Que, com Dom Helder C\u00e2mara, na esperan\u00e7a de logo v\u00ea-lo beatificado, n\u00e3o esque\u00e7amos de dizer: &#8220;Miss\u00e3o \u00e9 partir, \u00e9 n\u00e3o se deixar bloquear nos problemas do pequeno mundo a que pertencemos: a humanidade \u00e9 maior. Miss\u00e3o \u00e9 partir, mas n\u00e3o devorar quil\u00f4metros. \u00c9, sobretudo, abrir-se aos outros como irm\u00e3os, descobri-los e encontr\u00e1-los. E se, para encontr\u00e1-los e am\u00e1-los, \u00e9 preciso atravessar os mares e voar l\u00e1 nos c\u00e9us, ent\u00e3o Miss\u00e3o \u00e9 partir at\u00e9 os confins do mundo&#8221;. Assim seja!<\/p>\n","protected":false},"excerpt":{"rendered":"<p>Para renovar o ardor mission\u00e1rio, num despertar e reavivar da f\u00e9 e da consci\u00eancia batismal do povo de Deus, no que diz respeito \u00e0 miss\u00e3o da Igreja, o Papa Francisco convoca todos para o M\u00eas Mission\u00e1rio Extraordin\u00e1rio, neste m\u00eas de outubro de 2019, com o tema: \u201cBatizados e enviados: a Igreja de Cristo em miss\u00e3o [&hellip;]<\/p>\n","protected":false},"author":6,"featured_media":32779,"comment_status":"open","ping_status":"closed","sticky":false,"template":"","format":"standard","meta":{"footnotes":""},"categories":[9],"tags":[],"class_list":["post-54476","post","type-post","status-publish","format-standard","has-post-thumbnail","hentry","category-artigos"],"_links":{"self":[{"href":"https:\/\/catolicanet.net\/wp-cnet\/wp-json\/wp\/v2\/posts\/54476","targetHints":{"allow":["GET"]}}],"collection":[{"href":"https:\/\/catolicanet.net\/wp-cnet\/wp-json\/wp\/v2\/posts"}],"about":[{"href":"https:\/\/catolicanet.net\/wp-cnet\/wp-json\/wp\/v2\/types\/post"}],"author":[{"embeddable":true,"href":"https:\/\/catolicanet.net\/wp-cnet\/wp-json\/wp\/v2\/users\/6"}],"replies":[{"embeddable":true,"href":"https:\/\/catolicanet.net\/wp-cnet\/wp-json\/wp\/v2\/comments?post=54476"}],"version-history":[{"count":1,"href":"https:\/\/catolicanet.net\/wp-cnet\/wp-json\/wp\/v2\/posts\/54476\/revisions"}],"predecessor-version":[{"id":54477,"href":"https:\/\/catolicanet.net\/wp-cnet\/wp-json\/wp\/v2\/posts\/54476\/revisions\/54477"}],"wp:featuredmedia":[{"embeddable":true,"href":"https:\/\/catolicanet.net\/wp-cnet\/wp-json\/wp\/v2\/media\/32779"}],"wp:attachment":[{"href":"https:\/\/catolicanet.net\/wp-cnet\/wp-json\/wp\/v2\/media?parent=54476"}],"wp:term":[{"taxonomy":"category","embeddable":true,"href":"https:\/\/catolicanet.net\/wp-cnet\/wp-json\/wp\/v2\/categories?post=54476"},{"taxonomy":"post_tag","embeddable":true,"href":"https:\/\/catolicanet.net\/wp-cnet\/wp-json\/wp\/v2\/tags?post=54476"}],"curies":[{"name":"wp","href":"https:\/\/api.w.org\/{rel}","templated":true}]}}